{"id":25274,"date":"2023-04-08T11:04:52","date_gmt":"2023-04-08T16:04:52","guid":{"rendered":"https:\/\/nuevademocracia.com.co\/?p=25274"},"modified":"2023-04-27T20:50:13","modified_gmt":"2023-04-28T01:50:13","slug":"tomar-el-cielo-por-asalto","status":"publish","type":"post","link":"https:\/\/nuevademocracia.com.co\/?p=25274","title":{"rendered":"\u201cTomar el cielo por asalto\u201d En memoria de la comuna de Par\u00eds"},"content":{"rendered":"\n<p class=\"has-black-color has-text-color\"><\/p>\n\n\n\n<figure class=\"wp-block-image size-large\"><img loading=\"lazy\" decoding=\"async\" width=\"1024\" height=\"718\" src=\"https:\/\/nuevademocracia.com.co\/wp-content\/uploads\/2023\/04\/comuna-de-paris-1024x718.jpeg\" alt=\"\" class=\"wp-image-25275\" srcset=\"https:\/\/nuevademocracia.com.co\/wp-content\/uploads\/2023\/04\/comuna-de-paris-1024x718.jpeg 1024w, https:\/\/nuevademocracia.com.co\/wp-content\/uploads\/2023\/04\/comuna-de-paris-300x210.jpeg 300w, https:\/\/nuevademocracia.com.co\/wp-content\/uploads\/2023\/04\/comuna-de-paris-768x539.jpeg 768w, https:\/\/nuevademocracia.com.co\/wp-content\/uploads\/2023\/04\/comuna-de-paris.jpeg 1102w\" sizes=\"auto, (max-width: 1024px) 100vw, 1024px\" \/><\/figure>\n\n\n\n<p class=\"has-text-align-center\"><mark style=\"background-color:rgba(0, 0, 0, 0)\" class=\"has-inline-color has-black-color\">Visto en Semanrio Voz<\/mark><\/p>\n\n\n\n<p class=\"has-black-color has-text-color\"><em>\u201cLa causa de la Comuna es la causa de la revoluci\u00f3n social, es la causa de la completa emancipaci\u00f3n pol\u00edtica y econ\u00f3mica de los trabajadores, es la causa del proletariado mundial. Y en ese sentido es inmortal\u201d.(V.I.Lenin).<\/em><\/p>\n\n\n\n<p class=\"has-black-color has-text-color\">\u00a0<mark style=\"background-color:rgba(0, 0, 0, 0)\" class=\"has-inline-color has-black-color\">El pasado 18 de marzo se cumplieron 152 a\u00f1os desde que fue instaurada la Comuna de Par\u00eds, esta fue la primera tentativa de instaurar un estado de obreros y campesinos en la historia de la humanidad. Casi finalizando el siglo XIX, en medio de la guerra de Francia contra Prusia, cuando Napole\u00f3n III vi\u00e9ndose derrotado entreg\u00f3 cobardemente Francia a los prusianos, el pueblo parisino se levant\u00f3 en armas en contra de la ocupaci\u00f3n. Aqu\u00ed nace el germen de la Comuna. Los comuneros mantuvieron la conquista del poder durante 71 d\u00edas, dando a conocer una algo hasta ahora nunca antes visto: la dictadura del proletariado.<\/mark><\/p>\n\n\n\n<p class=\"has-black-color has-text-color\"><mark style=\"background-color:rgba(0, 0, 0, 0)\" class=\"has-inline-color has-black-color\">Los obreros \u201cse atrevieron a tomar el cielo por asalto\u201d aquel 18 de marzo: \u201ccuando la Comuna de Paris tom\u00f3 en sus propias manos la direcci\u00f3n de la revoluci\u00f3n, cuando, por primera vez en la historia, simples obreros se atrevieron a violar el privilegio gubernamental de sus \u201csuperiores naturales\u201d (\u2026) el viejo mundo se retorci\u00f3 en convulsiones de rabia ante el espect\u00e1culo de la bandera roja, s\u00edmbolo de la rep\u00fablica obrera\u201d (p.79 \u2013 La Guerra Civil en Francia 1871 &#8211; Marx).<\/mark><\/p>\n\n\n\n<p class=\"has-black-color has-text-color\"><mark style=\"background-color:rgba(0, 0, 0, 0)\" class=\"has-inline-color has-black-color\">En la comuna de Par\u00eds: se despoj\u00f3 a la polic\u00eda de sus atributos pol\u00edticos para que dejara de ser agente del estado central y que sus miembros se convirtieran en agentes de la comuna. El ej\u00e9rcito fue desechado y reemplazado por el pueblo en armas (la Guardia Nacional). Se estableci\u00f3 el sufragio universal y los mandatos eran revocables en cualquier momento. Se estableci\u00f3 la separaci\u00f3n de iglesia y estado, se abrieron instituciones educativas gratuitas para todo el pueblo. Se decret\u00f3 que los salarios de los funcionarios del estado obrero y campesino (congresistas, ministros etc.) fueran iguales a los de todo el pueblo trabajador. La mayor\u00eda de sus representantes eran trabajadores o representantes indiscutibles de la clase obrera. Los ni\u00f1os quedaron exentos de las partes m\u00e1s duras del trabajo. Se auto gestionaron las f\u00e1bricas abandonadas por los due\u00f1os y se estableci\u00f3 el no cobro de rentas para los inquilinos, entre otros avances.<\/mark><\/p>\n\n\n\n<p class=\"has-black-color has-text-color\"><mark style=\"background-color:rgba(0, 0, 0, 0)\" class=\"has-inline-color has-black-color\">Las clases dominantes de Prusia y Francia, otrora enemigas, decidieron unirse en alianza para atacar al pueblo parisino. Esta es una lecci\u00f3n hist\u00f3rica. El inter\u00e9s principal de las clases dominantes, no importa su pa\u00eds, es oprimir a las clases explotadas y oprimidas. Los comuneros se enfrentaron valientemente a la m\u00e1s cruel y sangrienta represi\u00f3n. Pese a esto fueron derrotados por las fuerzas militares francesas y prusianas quienes bombardearon Par\u00eds, dejando como saldo entre 20.000 a 50.000 obreros que entregaron su valiosa sangre por la causa de la Comuna.<\/mark><\/p>\n\n\n\n<p class=\"has-black-color has-text-color\"><mark style=\"background-color:rgba(0, 0, 0, 0)\" class=\"has-inline-color has-black-color\">Pese a su derrota, la Comuna de Par\u00eds fue el primer gran acontecimiento del proceso de la revoluci\u00f3n proletaria mundial que hoy contin\u00faa desarroll\u00e1ndose mientras iza en lo alto la bandera roja de los comuneros. Los trabajadores de cada pa\u00eds y no s\u00f3lo los de Par\u00eds, honran la memoria de los comuneros pues su gesta heroica es un eslab\u00f3n en el camino de la emancipaci\u00f3n de toda la humanidad.\u00a0 Como dijera Marx: \u201cEl Par\u00eds de los trabajadores, con su Comuna, ser\u00e1 eternamente ensalzado como el glorioso heraldo de una nueva sociedad. Sus m\u00e1rtires tienen su santuario en el coraz\u00f3n de la clase obrera\u201d.<\/mark><\/p>\n","protected":false},"excerpt":{"rendered":"<p>Visto en Semanrio Voz \u201cLa causa de la Comuna es la causa de la revoluci\u00f3n social, es la causa de la completa emancipaci\u00f3n pol\u00edtica y econ\u00f3mica de los trabajadores, es la causa del proletariado mundial. Y en ese sentido es inmortal\u201d.(V.I.Lenin). \u00a0El pasado 18 de marzo se cumplieron 152 a\u00f1os desde que fue instaurada la [&hellip;]<\/p>\n","protected":false},"author":1,"featured_media":25275,"comment_status":"open","ping_status":"open","sticky":false,"template":"","format":"standard","meta":{"footnotes":""},"categories":[16,31],"tags":[39],"class_list":["post-25274","post","type-post","status-publish","format-standard","has-post-thumbnail","hentry","category-carrusel","category-internacional","tag-internacionalismo"],"blocksy_meta":[],"_links":{"self":[{"href":"https:\/\/nuevademocracia.com.co\/index.php?rest_route=\/wp\/v2\/posts\/25274","targetHints":{"allow":["GET"]}}],"collection":[{"href":"https:\/\/nuevademocracia.com.co\/index.php?rest_route=\/wp\/v2\/posts"}],"about":[{"href":"https:\/\/nuevademocracia.com.co\/index.php?rest_route=\/wp\/v2\/types\/post"}],"author":[{"embeddable":true,"href":"https:\/\/nuevademocracia.com.co\/index.php?rest_route=\/wp\/v2\/users\/1"}],"replies":[{"embeddable":true,"href":"https:\/\/nuevademocracia.com.co\/index.php?rest_route=%2Fwp%2Fv2%2Fcomments&post=25274"}],"version-history":[{"count":2,"href":"https:\/\/nuevademocracia.com.co\/index.php?rest_route=\/wp\/v2\/posts\/25274\/revisions"}],"predecessor-version":[{"id":25318,"href":"https:\/\/nuevademocracia.com.co\/index.php?rest_route=\/wp\/v2\/posts\/25274\/revisions\/25318"}],"wp:featuredmedia":[{"embeddable":true,"href":"https:\/\/nuevademocracia.com.co\/index.php?rest_route=\/wp\/v2\/media\/25275"}],"wp:attachment":[{"href":"https:\/\/nuevademocracia.com.co\/index.php?rest_route=%2Fwp%2Fv2%2Fmedia&parent=25274"}],"wp:term":[{"taxonomy":"category","embeddable":true,"href":"https:\/\/nuevademocracia.com.co\/index.php?rest_route=%2Fwp%2Fv2%2Fcategories&post=25274"},{"taxonomy":"post_tag","embeddable":true,"href":"https:\/\/nuevademocracia.com.co\/index.php?rest_route=%2Fwp%2Fv2%2Ftags&post=25274"}],"curies":[{"name":"wp","href":"https:\/\/api.w.org\/{rel}","templated":true}]}}