{"id":25281,"date":"2023-04-08T18:15:00","date_gmt":"2023-04-08T23:15:00","guid":{"rendered":"https:\/\/nuevademocracia.com.co\/?p=25281"},"modified":"2023-04-08T11:16:32","modified_gmt":"2023-04-08T16:16:32","slug":"panorama-de-la-lucha-popular-en-el-mundo","status":"publish","type":"post","link":"https:\/\/nuevademocracia.com.co\/?p=25281","title":{"rendered":"Panorama de la lucha popular en el mundo"},"content":{"rendered":"\n<p class=\"has-black-color has-text-color\"><strong>A continuaci\u00f3n, algunas noticias relevantes de la lucha de clases a nivel mundial.<\/strong><\/p>\n\n\n\n<p class=\"has-black-color has-text-color\"><strong>Francia:<\/strong> Desde el mes de enero el pueblo franc\u00e9s se viene movilizando contra la reforma pensional que intenta imponer el gobierno de Emmanuel Macron. Con esta reforma las clases dominantes de este pa\u00eds buscan elevar la edad de pensi\u00f3n de 62 a 64 a\u00f1os, y elevar los a\u00f1os de contribuci\u00f3n de 42 a 43 a\u00f1os.&nbsp; A partir del 16 de marzo, la lucha se ha intensificado.<\/p>\n\n\n\n<p class=\"has-black-color has-text-color\">Las jornadas de movilizaciones se han dado en por lo menos 10 ciudades y se han reunido varios sectores del pueblo, trabajadores viales, trabajadores del metro, maestros, estudiantes, trabajadores de refiner\u00edas, trabajadores de televisi\u00f3n, obreros del sector de energ\u00eda el\u00e9ctrica, controladores de tr\u00e1fico a\u00e9reo, obreros ferroviarios, estribaderos, recolectores de basura y profesionales de la salud.<\/p>\n\n\n\n<p class=\"has-black-color has-text-color\">El 23 de marzo entre 1 y 3,5 millones de personas salieron a las calles en Huelga General, ante la aprobaci\u00f3n por decreto de dicha reforma, siendo la jornada m\u00e1s masiva y combativa de toda la oleada de protestas desde principios de a\u00f1o, la cual fue desencadenada por la aprobaci\u00f3n por decreto de la reforma en cuesti\u00f3n. Este intento de imposici\u00f3n de la reforma se da en medio de la crisis econ\u00f3mica que atraviesa Francia (alta inflaci\u00f3n, alto desempleo y poco crecimiento econ\u00f3mico) como expresi\u00f3n de la crisis general del imperialismo y como forma de poner toda la carga de la crisis sobre el pueblo.<\/p>\n\n\n\n<p class=\"has-black-color has-text-color\">En esta jornada los manifestantes se han enfrentado a la polic\u00eda con piedras, se\u00f1alizaciones, cocteles molotov, latas de basura en llamas, fuegos artificiales y con los propios gases lacrim\u00f3genos con que intentan reprimirlos. Han levantado barricadas y bloqueado v\u00edas, han saqueado tiendas, incendiado carros, paralizaron actividades en el segundo aeropuerto m\u00e1s grande de Francia, bloquearon todas las refiner\u00edas del pa\u00eds, atacaron una estaci\u00f3n de polic\u00eda en la ciudad de Lorient, bloquearon v\u00edas de tren, quemaron tarjetas de votantes como rechazo a la democracia burguesa, bloquearon los garajes de autobuses de algunas ciudades, estudiantes se tomaron varias escuelas, fueron atacados sedes de los partidos que aprueban la reforma y obreros cortaron la energ\u00eda de las sedes de 2 bancos, BNP Paribas y Societe Gen\u00e9rale y la energ\u00eda de la empresa de Transporte aut\u00f3nomo de Paris, que administra el transporte p\u00fablico de la capital.<\/p>\n\n\n\n<p class=\"has-black-color has-text-color\">De la jornada de protestas se registraron 440 polic\u00edas heridos y m\u00e1s de 900 incendios. Tambi\u00e9n fueron cerradas la torre Eiffel, el Palacio de Versalles y otros lugares tur\u00edsticos debido a las movilizaciones, y fueron bloqueadas algunas plantas de incineraci\u00f3n por los recolectores de basura.<\/p>\n\n\n\n<p class=\"has-black-color has-text-color\">La represi\u00f3n por su parte no se hizo esperar, los manifestantes fueron atacados con gases lacrim\u00f3genos, gas pimienta y agresiones f\u00edsicas. El saldo es de casi 500 detenidos. <strong><\/strong><\/p>\n\n\n\n<p class=\"has-black-color has-text-color\"><strong>Organizaciones revolucionarias como la Liga de Juventud Revolucionaria-LJR y J\u00f3venes Revolucionarios-JR tambi\u00e9n se organizaron y se unieron a la lucha del pueblo franc\u00e9s desde que comenzaron las protestas.<\/strong><\/p>\n\n\n\n<p class=\"has-black-color has-text-color\">A pesar de que Macron ha declarado que no retirar\u00e1 la reforma, las masas manifiestan que seguir\u00e1n firmes en la huelga hasta que \u00e9sta sea retirada. Esta es una expresi\u00f3n de lucha del pueblo contra el Estado imperialista franc\u00e9s, contra el reaccionario Macron y su reforma anti-pueblo y en contra de todas las medidas y recorte de derechos que la burgues\u00eda intenta hacer para recargar todo el peso de la crisis sobre el pueblo trabajador, el cual est\u00e1 mostrando su fuerza y capacidad en las calles.<\/p>\n\n\n\n<figure class=\"wp-block-image size-large\"><img loading=\"lazy\" decoding=\"async\" width=\"819\" height=\"1024\" src=\"https:\/\/nuevademocracia.com.co\/wp-content\/uploads\/2023\/04\/Foto-francia-3-819x1024.jpg\" alt=\"\" class=\"wp-image-25282\" srcset=\"https:\/\/nuevademocracia.com.co\/wp-content\/uploads\/2023\/04\/Foto-francia-3-819x1024.jpg 819w, https:\/\/nuevademocracia.com.co\/wp-content\/uploads\/2023\/04\/Foto-francia-3-240x300.jpg 240w, https:\/\/nuevademocracia.com.co\/wp-content\/uploads\/2023\/04\/Foto-francia-3-768x961.jpg 768w, https:\/\/nuevademocracia.com.co\/wp-content\/uploads\/2023\/04\/Foto-francia-3.jpg 1080w\" sizes=\"auto, (max-width: 819px) 100vw, 819px\" \/><\/figure>\n\n\n\n<p class=\"has-text-align-center\"><mark style=\"background-color:rgba(0, 0, 0, 0)\" class=\"has-inline-color has-black-color\">Movilizaciones en Francia. Twitter <em>LigueJ_R<\/em><\/mark><\/p>\n\n\n\n<p class=\"has-black-color has-text-color\"><strong>M\u00e9xico:<\/strong> Miles de campesinos se oponen al mega proyecto Corredor Interoce\u00e1nico del Istmo de Tehuantepec (CIIT), el cual comenz\u00f3 a construirse en el a\u00f1o 2020 por el actual presidente L\u00f3pez Obrador. El proyecto ha sido fuertemente criticado por la subyugaci\u00f3n que representa respecto a los intereses del imperialismo yanqui, y por otra parte, por las acciones de desalojo, desapariciones forzadas y asesinato de campesinos en las zonas de influencia del proyecto.<\/p>\n\n\n\n<p class=\"has-black-color has-text-color\">En Oaxaca, M\u00e9xico, se ha creado un Frente de Organizaciones para luchar contra al megaproyecto, realizando diversas acciones en oposici\u00f3n al CIIT. De entre \u00e9stas destaca la del 20 de marzo en la que el FORO (Frente de Organizaciones Oaxaque\u00f1as), de la cual hace parte la Corriente del Pueblo \u2013 Sol Rojo, organizaci\u00f3n revolucionaria mexicana, realiz\u00f3 una importante movilizaci\u00f3n en la que participaron m\u00e1s de 3 mil manifestantes.<\/p>\n\n\n\n<p class=\"has-black-color has-text-color\">En M\u00e9xico y otros pa\u00edses del mundo (Alemania, Austria, Espa\u00f1a, Dinamarca, Francia, Finlandia, Noruega, Suecia y Brasil) se realizaron acciones internacionalistas en apoyo a campesinos pobres e ind\u00edgenas exigiendo a embajadas y consulados mexicanos\u00a0 la cancelaci\u00f3n del CIIT y el respeto a la autonom\u00eda y autodeterminaci\u00f3n de los pueblos ind\u00edgenas afectados por este y otros megaproyectos.<\/p>\n\n\n\n<figure class=\"wp-block-image size-full\"><img loading=\"lazy\" decoding=\"async\" width=\"1024\" height=\"768\" src=\"https:\/\/nuevademocracia.com.co\/wp-content\/uploads\/2023\/04\/Foto-Oaxaca-Mexico.jpg\" alt=\"\" class=\"wp-image-25284\" srcset=\"https:\/\/nuevademocracia.com.co\/wp-content\/uploads\/2023\/04\/Foto-Oaxaca-Mexico.jpg 1024w, https:\/\/nuevademocracia.com.co\/wp-content\/uploads\/2023\/04\/Foto-Oaxaca-Mexico-300x225.jpg 300w, https:\/\/nuevademocracia.com.co\/wp-content\/uploads\/2023\/04\/Foto-Oaxaca-Mexico-768x576.jpg 768w\" sizes=\"auto, (max-width: 1024px) 100vw, 1024px\" \/><\/figure>\n\n\n\n<p class=\"has-text-align-center\"><mark style=\"background-color:rgba(0, 0, 0, 0)\" class=\"has-inline-color has-black-color\">Fuente: Corriente del Pueblo Sol Rojo, M\u00e9xico.<\/mark><\/p>\n\n\n\n<p class=\"has-black-color has-text-color\"><strong>Alemania y Portugal: <\/strong>Las carreteras de Alemania fueron bloqueadas por huelgas en el transporte p\u00fablico para reclamar salarios m\u00e1s altos. Tales huelgas no se hab\u00edan visto hace d\u00e9cadas. Por su parte, m\u00e1s de 100.000 trabajadores de la salud, el transporte y la educaci\u00f3n en Portugal, protagonizaron protestas exigiendo el alza general de salarios y pensiones y contra los altos costos de vivienda (para alquiler y compra). El coste de la vida en Europa es cada vez m\u00e1s elevado y tal problema ha sido acentuado con la guerra de invasi\u00f3n de Rusia sobre Ucrania. Precisamente Portugal, Alemania y Reino Unido presentan en promedio una de las mayores tasas de incremento del IPC de la zona euro.<\/p>\n\n\n\n<p class=\"has-black-color has-text-color\"><strong>Irlanda:<\/strong> El 22 de febrero se present\u00f3 una acci\u00f3n del Ej\u00e9rcito Republicano Irland\u00e9s (IRA). En ella balearon a un inspector jefe del Servicio Policial de Irlanda.\u00a0 Con esta acci\u00f3n se confirma que la lucha del pueblo irland\u00e9s por su independencia no ha cesado, y que a\u00fan hay fuerzas dispuestas a resistir contra la opresi\u00f3n colonial a la que son sometidos por Inglaterra. Dos meses antes, el IRA, a trav\u00e9s de un comunicado p\u00fablico, anunci\u00f3 que intensificar\u00eda la lucha armada contra la corona brit\u00e1nica y sus agentes en Irlanda. Este ataque hace parte de la lucha que por siglos ha librado esta naci\u00f3n por su independencia. Todos los a\u00f1os, miles de irlandeses salen a conmemorar el Levantamiento de Pascua, hecho hist\u00f3rico acontecido en 1916, cuando fuerzas irlandesas armadas asaltaron el Estado Central de los Correos, en Dubl\u00edn, declararon la independencia y fundaci\u00f3n de la Rep\u00fablica Irlandesa.<\/p>\n\n\n\n<figure class=\"wp-block-image aligncenter size-full\"><img loading=\"lazy\" decoding=\"async\" width=\"620\" height=\"372\" src=\"https:\/\/nuevademocracia.com.co\/wp-content\/uploads\/2023\/04\/Foto-Irlanda.jpg\" alt=\"\" class=\"wp-image-25283\" srcset=\"https:\/\/nuevademocracia.com.co\/wp-content\/uploads\/2023\/04\/Foto-Irlanda.jpg 620w, https:\/\/nuevademocracia.com.co\/wp-content\/uploads\/2023\/04\/Foto-Irlanda-300x180.jpg 300w\" sizes=\"auto, (max-width: 620px) 100vw, 620px\" \/><\/figure>\n\n\n\n<p class=\"has-text-align-center\"><mark style=\"background-color:rgba(0, 0, 0, 0)\" class=\"has-inline-color has-black-color\">Fuente: Corriente del Pueblo Sol Rojo, M\u00e9xico.<\/mark><\/p>\n\n\n\n<p class=\"has-black-color has-text-color\">En los anteriores hechos, se refleja que el descontento popular y la tendencia a la revoluci\u00f3n vienen aumentando por todo el mundo. Las masas trabajadoras, especialmente los m\u00e1s pobres, se est\u00e1n rebelando contra este sistema de hambre y miseria, mientras las clases dominantes tratan de implementar medidas para salvar su podrido sistema, buscando extraer m\u00e1s y m\u00e1s ganancias de la clase trabajadora y contener la protesta popular que cada vez cobra mayor beligerancia por todas partes.<\/p>\n\n\n\n<p class=\"has-black-color has-text-color\">Nos encontramos en situaci\u00f3n revolucionaria en desarrollo. Fue Lenin, el gran l\u00edder de la Revoluci\u00f3n Rusa, quien ense\u00f1\u00f3 que la situaci\u00f3n revolucionaria se presenta cuando los de abajo no quieren seguir viviendo como antes, y los de arriba no pueden seguir gobernando como lo ven\u00edan haciendo. \u00bfAcaso no es eso lo que estamos presenciando? M\u00e1s y m\u00e1s rebeld\u00eda del pueblo en cada rinc\u00f3n del planeta y m\u00e1s y m\u00e1s dificultades para las clases dominantes de gobernar y tratar de salvar su sistema de la crisis en la que se encuentra.<\/p>\n","protected":false},"excerpt":{"rendered":"<p>A continuaci\u00f3n, algunas noticias relevantes de la lucha de clases a nivel mundial. Francia: Desde el mes de enero el pueblo franc\u00e9s se viene movilizando contra la reforma pensional que intenta imponer el gobierno de Emmanuel Macron. Con esta reforma las clases dominantes de este pa\u00eds buscan elevar la edad de pensi\u00f3n de 62 a [&hellip;]<\/p>\n","protected":false},"author":1,"featured_media":25282,"comment_status":"open","ping_status":"open","sticky":false,"template":"","format":"standard","meta":{"footnotes":""},"categories":[16,31],"tags":[44,32,39,18,41],"class_list":["post-25281","post","type-post","status-publish","format-standard","has-post-thumbnail","hentry","category-carrusel","category-internacional","tag-criminalizacion-a-la-protesta","tag-imperialismo","tag-internacionalismo","tag-protestas","tag-represion-estatal"],"blocksy_meta":[],"_links":{"self":[{"href":"https:\/\/nuevademocracia.com.co\/index.php?rest_route=\/wp\/v2\/posts\/25281","targetHints":{"allow":["GET"]}}],"collection":[{"href":"https:\/\/nuevademocracia.com.co\/index.php?rest_route=\/wp\/v2\/posts"}],"about":[{"href":"https:\/\/nuevademocracia.com.co\/index.php?rest_route=\/wp\/v2\/types\/post"}],"author":[{"embeddable":true,"href":"https:\/\/nuevademocracia.com.co\/index.php?rest_route=\/wp\/v2\/users\/1"}],"replies":[{"embeddable":true,"href":"https:\/\/nuevademocracia.com.co\/index.php?rest_route=%2Fwp%2Fv2%2Fcomments&post=25281"}],"version-history":[{"count":1,"href":"https:\/\/nuevademocracia.com.co\/index.php?rest_route=\/wp\/v2\/posts\/25281\/revisions"}],"predecessor-version":[{"id":25285,"href":"https:\/\/nuevademocracia.com.co\/index.php?rest_route=\/wp\/v2\/posts\/25281\/revisions\/25285"}],"wp:featuredmedia":[{"embeddable":true,"href":"https:\/\/nuevademocracia.com.co\/index.php?rest_route=\/wp\/v2\/media\/25282"}],"wp:attachment":[{"href":"https:\/\/nuevademocracia.com.co\/index.php?rest_route=%2Fwp%2Fv2%2Fmedia&parent=25281"}],"wp:term":[{"taxonomy":"category","embeddable":true,"href":"https:\/\/nuevademocracia.com.co\/index.php?rest_route=%2Fwp%2Fv2%2Fcategories&post=25281"},{"taxonomy":"post_tag","embeddable":true,"href":"https:\/\/nuevademocracia.com.co\/index.php?rest_route=%2Fwp%2Fv2%2Ftags&post=25281"}],"curies":[{"name":"wp","href":"https:\/\/api.w.org\/{rel}","templated":true}]}}