{"id":25286,"date":"2023-04-10T12:14:32","date_gmt":"2023-04-10T17:14:32","guid":{"rendered":"https:\/\/nuevademocracia.com.co\/?p=25286"},"modified":"2024-07-10T13:29:44","modified_gmt":"2024-07-10T18:29:44","slug":"acciones-en-solidaridad-con-la-resistencia-del-pueblo-palestino","status":"publish","type":"post","link":"https:\/\/nuevademocracia.com.co\/?p=25286","title":{"rendered":"Acciones en solidaridad con la resistencia del pueblo palestino"},"content":{"rendered":"\n<p class=\"has-black-color has-text-color\">El pasado mes de enero, el colectivo Movimiento de Trabajadores con Conciencia de Clase MTCC, realizaron una acci\u00f3n de agitaci\u00f3n y propaganda en la entrada de la universidad de Antioquia y afueras del parque jard\u00edn bot\u00e1nico, Medell\u00edn (Antioquia). Este colectivo, con un alto esp\u00edritu internacionalista expres\u00f3 su solidaridad y apoyo a la justa lucha de liberaci\u00f3n del pueblo palestino, entregando volantes, pegando afiches, exhibiendo una tela con el mensaje \u201cdesde Colombia solidaridad con la resistencia del pueblo palestino, gaza resiste\u201d y un video donde expresan palabras alentando la hist\u00f3rica resistencia contra el sionismo perpetrado por el criminal Estado de Israel y el imperialismo. Adem\u00e1s, tambi\u00e9n agitaron exigiendo la libertad de Georges Abdallah, Admad Sa\u2019adat y todos los presos pol\u00edticos palestinos por luchar.<\/p>\n\n\n\n<p class=\"has-black-color has-text-color\">Actualmente, seg\u00fan datos de la ONG Palestina Addameer, existen unos 5000 presos pol\u00edticos, entre ellos 40 mujeres y unos 200 menores de edad. Las condiciones en las c\u00e1rceles de ocupaci\u00f3n israel\u00ed son inhumanas como podemos imaginar: la tortura, tanto f\u00edsica como psicol\u00f3gica, es legal; los presos pasan largos periodos en aislamiento sin ver la luz natural, atados en posiciones anat\u00f3micamente traum\u00e1ticas, mal alimentados, en la mayor\u00eda de los casos sin derecho a una defensa legal, etc. Lo impresionante de los presos es que, pese a todo, sigue existiendo un incre\u00edble grado de organizaci\u00f3n, y las c\u00e1rceles son un espacio de unidad en la resistencia revolucionaria. Las c\u00e1rceles se han configurado como escuelas y espacios de participaci\u00f3n pol\u00edtica.<\/p>\n\n\n\n<p class=\"has-black-color has-text-color\">Hist\u00f3ricamente, las fuerzas reaccionarias israel\u00eds han llevado a cabo todo tipo de ataques contra la poblaci\u00f3n palestina, en lo que va del presente a\u00f1o, han asesinado m\u00e1s de 90 palestinos, entre ellos 17 ni\u00f1os y una mujer. El robo de tierras sigue en aumento en forma acelerada y contin\u00faan las acciones de limpieza \u00e9tnica de la poblaci\u00f3n palestina. Hoy son m\u00e1s de 750.000 los colonos que viven en los asentamientos ilegales tanto en Cisjordania como en Jerusal\u00e9n ocupada. El pueblo palestino lucha, la palabra \u201cPALESTINA\u201d y su bandera contienen un gran y valioso significado de resistencia y rebeli\u00f3n contra la injusticia y la opresi\u00f3n. A lo largo de d\u00e9cadas de ocupaci\u00f3n, el pueblo palestino ha persistido a pesar de condiciones intolerables, a trav\u00e9s de grandes levantamientos populares, intifadas, acciones armadas, ha demostrado su esp\u00edritu valiente y rebelde, adem\u00e1s, ha dejado una huella permanente en la historia y en la mente de los pueblos de todo el mundo que se niega a ser quebrantado por el decadente sistema imperialista.<\/p>\n\n\n\n<figure class=\"wp-block-video\"><video height=\"1080\" style=\"aspect-ratio: 1080 \/ 1080;\" width=\"1080\" controls src=\"https:\/\/nuevademocracia.com.co\/wp-content\/uploads\/2023\/04\/video-editado-4.mp4\"><\/video><\/figure>\n","protected":false},"excerpt":{"rendered":"<p>El pasado mes de enero, el colectivo Movimiento de Trabajadores con Conciencia de Clase MTCC, realizaron una acci\u00f3n de agitaci\u00f3n y propaganda en la entrada de la universidad de Antioquia y afueras del parque jard\u00edn bot\u00e1nico, Medell\u00edn (Antioquia). Este colectivo, con un alto esp\u00edritu internacionalista expres\u00f3 su solidaridad y apoyo a la justa lucha de [&hellip;]<\/p>\n","protected":false},"author":1,"featured_media":25288,"comment_status":"open","ping_status":"open","sticky":false,"template":"","format":"standard","meta":{"footnotes":""},"categories":[16,116,31,135],"tags":[32,39,18,41],"class_list":["post-25286","post","type-post","status-publish","format-standard","has-post-thumbnail","hentry","category-carrusel","category-imperialismo","category-internacional","category-resistencia-palestina","tag-imperialismo","tag-internacionalismo","tag-protestas","tag-represion-estatal"],"blocksy_meta":[],"_links":{"self":[{"href":"https:\/\/nuevademocracia.com.co\/index.php?rest_route=\/wp\/v2\/posts\/25286","targetHints":{"allow":["GET"]}}],"collection":[{"href":"https:\/\/nuevademocracia.com.co\/index.php?rest_route=\/wp\/v2\/posts"}],"about":[{"href":"https:\/\/nuevademocracia.com.co\/index.php?rest_route=\/wp\/v2\/types\/post"}],"author":[{"embeddable":true,"href":"https:\/\/nuevademocracia.com.co\/index.php?rest_route=\/wp\/v2\/users\/1"}],"replies":[{"embeddable":true,"href":"https:\/\/nuevademocracia.com.co\/index.php?rest_route=%2Fwp%2Fv2%2Fcomments&post=25286"}],"version-history":[{"count":5,"href":"https:\/\/nuevademocracia.com.co\/index.php?rest_route=\/wp\/v2\/posts\/25286\/revisions"}],"predecessor-version":[{"id":25296,"href":"https:\/\/nuevademocracia.com.co\/index.php?rest_route=\/wp\/v2\/posts\/25286\/revisions\/25296"}],"wp:featuredmedia":[{"embeddable":true,"href":"https:\/\/nuevademocracia.com.co\/index.php?rest_route=\/wp\/v2\/media\/25288"}],"wp:attachment":[{"href":"https:\/\/nuevademocracia.com.co\/index.php?rest_route=%2Fwp%2Fv2%2Fmedia&parent=25286"}],"wp:term":[{"taxonomy":"category","embeddable":true,"href":"https:\/\/nuevademocracia.com.co\/index.php?rest_route=%2Fwp%2Fv2%2Fcategories&post=25286"},{"taxonomy":"post_tag","embeddable":true,"href":"https:\/\/nuevademocracia.com.co\/index.php?rest_route=%2Fwp%2Fv2%2Ftags&post=25286"}],"curies":[{"name":"wp","href":"https:\/\/api.w.org\/{rel}","templated":true}]}}