{"id":25298,"date":"2023-04-21T16:23:24","date_gmt":"2023-04-21T21:23:24","guid":{"rendered":"https:\/\/nuevademocracia.com.co\/?p=25298"},"modified":"2024-03-04T16:29:59","modified_gmt":"2024-03-04T21:29:59","slug":"asesinado-felix-vicente-cruz-activista-contra-el-ciit-numerosas-voces-se-alzan-exigiendo-justicia","status":"publish","type":"post","link":"https:\/\/nuevademocracia.com.co\/?p=25298","title":{"rendered":"Asesinado F\u00e9lix Vicente Cruz, activista contra el CIIT. Numerosas voces se alzan exigiendo justicia."},"content":{"rendered":"\n<figure class=\"wp-block-image aligncenter size-full\"><img decoding=\"async\" src=\"https:\/\/nuevademocracia.com.co\/wp-content\/uploads\/2023\/04\/Felix-1-1.jpeg\" alt=\"\" class=\"wp-image-25299\"\/><figcaption class=\"wp-element-caption\"><mark style=\"background-color:rgba(0, 0, 0, 0)\" class=\"has-inline-color has-black-color\">F\u00e9lix Vicente Cruz. Foto: Sol Rojista<\/mark><\/figcaption><\/figure>\n\n\n\n<p><mark style=\"background-color:rgba(0, 0, 0, 0)\" class=\"has-inline-color has-black-color\">El 13 de abril de 2023 fue asesinado F\u00e9lix Vicente Cruz, destacado activista por los derechos de los campesinos e integrante de la organizaci\u00f3n revolucionaria Corriente del Pueblo \u2013 Sol Rojo (CP-SR). Un comando armado le arrebat\u00f3 la vida a balazos dentro de la Agencia Municipal de la Comunidad de Veinte de Noviembre \u201cEl Morro\u201d, en el municipio de San Francisco Ixhuat\u00e1n, donde fung\u00eda como autoridad comunitaria.<\/mark><\/p>\n\n\n\n<p><mark style=\"background-color:rgba(0, 0, 0, 0)\" class=\"has-inline-color has-black-color\">F\u00e9lix es recordado por su participaci\u00f3n en la lucha de resistencia contra el cacicazgo en el a\u00f1o 2010, en las movilizaciones regionales contra los parques e\u00f3licos, en la lucha de la Resistencia Civil contra las altas tarifas de energ\u00eda cobradas por la Comisi\u00f3n Federal de Energ\u00eda (CFE) y en general por su integraci\u00f3n a la lucha por la tierra y en defensa de los territorios ind\u00edgenas. Tambi\u00e9n es recordado por su compromiso, entrega, optimismo y convicci\u00f3n de que es posible construir un nuevo mundo<\/mark><\/p>\n\n\n\n<p><mark style=\"background-color:rgba(0, 0, 0, 0)\" class=\"has-inline-color has-black-color\">\u00c9l trabaj\u00f3 en la Ciudad de M\u00e9xico como locutor, actor de teatro y doblaje, una vez de regreso a su comunidad le dio clases de danzas, teatro y canto a los j\u00f3venes campesinos y pescadores, varios de ellos inspirados por \u00e9l decidieron ingresar a la universidad. Lo j\u00f3venes le preguntaban:<\/mark><\/p>\n\n\n\n<p><em><mark style=\"background-color:rgba(0, 0, 0, 0)\" class=\"has-inline-color has-black-color\">&#8211; \u00bfpor qu\u00e9 te regresaste al campo si estabas bien en la ciudad? \u2013<\/mark><\/em><\/p>\n\n\n\n<p><em><mark style=\"background-color:rgba(0, 0, 0, 0)\" class=\"has-inline-color has-black-color\">&#8211; \u00e9l les respondi\u00f3: \u201cporque el campo huele a vida nueva\u201d<\/mark><\/em><\/p>\n\n\n\n<p><mark style=\"background-color:rgba(0, 0, 0, 0)\" class=\"has-inline-color has-black-color\">Este brutal asesinato se da luego de 3 d\u00edas de que masivas movilizaciones campesinas sacudieron la regi\u00f3n del Istmo mexicano contra las altas tarifas energ\u00e9ticas del CFE, en las que F\u00e9lix participo, y tambi\u00e9n en medio del recrudecimiento de la represi\u00f3n en el Istmo de Tehuantepec como forma de contener la creciente movilizaci\u00f3n campesina, en la que Corriente del Pueblo \u2013 Sol Rojo (CP-SR) ha tenido una actuaci\u00f3n destacada, y como parte de la imposici\u00f3n del megaproyecto imperialista, el Corredor Interoce\u00e1nico del Istmo de Tehuantepec (CIIT).<\/mark><\/p>\n\n\n\n<p><strong><mark style=\"background-color:rgba(0, 0, 0, 0)\" class=\"has-inline-color has-black-color\">El Corredor Interoce\u00e1nico del Istmo de Tehuantepec (CIIT): crimen contra el pueblo y la naci\u00f3n mexicana<\/mark><\/strong><\/p>\n\n\n\n<p><mark style=\"background-color:rgba(0, 0, 0, 0)\" class=\"has-inline-color has-black-color\">El CIIT es un megaproyecto del imperialismo yanqui que est\u00e1 actualmente en construcci\u00f3n y que inicio en 2020 en M\u00e9xico por el gobierno oportunista de Andr\u00e9s Manuel L\u00f3pez Obrador, dicho megaproyecto busca conectar el oc\u00e9ano Atl\u00e1ntico con el oc\u00e9ano Pacifico y abarcara 300 kil\u00f3metros (pasando por 79 municipios y 11 comunidades ind\u00edgenas), y para cumplir este objetivo se deben renovar y construir v\u00edas, ferrov\u00edas, puertos, autopistas e implantar zonas industriales en la regi\u00f3n de Oaxaca y Salinas Cruz (que recibir\u00e1n incentivos econ\u00f3micos por parte del viejo Estado).<\/mark><\/p>\n\n\n\n<p><mark style=\"background-color:rgba(0, 0, 0, 0)\" class=\"has-inline-color has-black-color\">\u00ab<em>Para las empresas imperialistas estadounidenses, el istmo de Tehuantepec es la oportunidad perfecta para re consolidar su hegemon\u00eda en la regi\u00f3n caribe\u00f1a. Actualmente, el Canal de Panam\u00e1, una zona hist\u00f3ricamente dominada por el imperialismo yanqui (y creada por \u00e9l, a partir de la divisi\u00f3n forzada del territorio colombiano, donde sol\u00eda estar Panam\u00e1), presenta un alto nivel de competencia principalmente con el social imperialismo chino, que en los \u00faltimos a\u00f1os ha profundizado sus inversiones en la regi\u00f3n. El Canal tambi\u00e9n est\u00e1 saturado con el nivel de mercanc\u00edas que se env\u00edan y desembarcan all\u00ed. Finalmente, adem\u00e1s del nuevo mercado de materias primas y la oportunidad de mantener su hegemon\u00eda en la regi\u00f3n. Por esta raz\u00f3n, el CIIT es estrat\u00e9gico para el imperialismo yanqui al ofrecer una forma de integrar a\u00fan m\u00e1s sus industrias e inversiones en Asia Oriental (en el Mar Pac\u00edfico) con Am\u00e9rica Latina y el propio territorio norteamericano<\/em>\u00ab.<\/mark><\/p>\n\n\n\n<p><mark style=\"background-color:rgba(0, 0, 0, 0)\" class=\"has-inline-color has-black-color\">El gobierno oportunista de AMlLO ha anunciado este megaproyecto como un paso necesario para el desarrollo del pa\u00eds y para la soberan\u00eda nacional, pero lo que en realidad ha representado es mayor subyugaci\u00f3n y saqueo por parte del imperialismo. Ha despojado a comunidades campesinas e ind\u00edgenas y ha aumentado la militarizaci\u00f3n que apunta a contener la resistencia emprendida por movimientos populares, campesinos pobres e ind\u00edgenas contra dicho megaproyecto, prueba de esto es el asesinato de dos activistas en 2022, Jes\u00fas Mart\u00ednez, de Corriente del Pueblo \u2013 Sol Rojo (CP-SR), y Filogonio Merino, del Consejo de Pueblos Unidos por la Defensa de Rio Verde y el reciente asesinato de F\u00e9lix. Todos ellos fueron aguerridos opositores al CIIT<\/mark>.<\/p>\n\n\n\n<p><strong><mark style=\"background-color:rgba(0, 0, 0, 0)\" class=\"has-inline-color has-black-color\">Acciones de solidaridad internacionalista<\/mark><\/strong><\/p>\n\n\n\n<p><mark style=\"background-color:rgba(0, 0, 0, 0)\" class=\"has-inline-color has-black-color\">Varias organizaciones democr\u00e1ticas y revolucionarias de Am\u00e9rica Latina y Europa han realizado varias acciones en solidaridad con la lucha de campesinos pobres e ind\u00edgenas de M\u00e9xico, en pa\u00edses como Brasil, Espa\u00f1a, Chile, Alemania, Austria, Francia entre otros pa\u00edses, han hecho pintas, telas y pancartas, m\u00edtines en las embajadas de M\u00e9xico, entrega de volantes, conversatorios, pegas de carteles denunciando al CIIT y sus cr\u00edmenes contra el pueblo y apoyando la lucha campesina e ind\u00edgena.<\/mark><\/p>\n\n\n\n<figure class=\"wp-block-image aligncenter size-large\"><img loading=\"lazy\" decoding=\"async\" width=\"1024\" height=\"475\" src=\"https:\/\/nuevademocracia.com.co\/wp-content\/uploads\/2023\/04\/alemania-1-1024x475.jpg\" alt=\"\" class=\"wp-image-25303\" srcset=\"https:\/\/nuevademocracia.com.co\/wp-content\/uploads\/2023\/04\/alemania-1-1024x475.jpg 1024w, https:\/\/nuevademocracia.com.co\/wp-content\/uploads\/2023\/04\/alemania-1-300x139.jpg 300w, https:\/\/nuevademocracia.com.co\/wp-content\/uploads\/2023\/04\/alemania-1-768x356.jpg 768w, https:\/\/nuevademocracia.com.co\/wp-content\/uploads\/2023\/04\/alemania-1.jpg 1435w\" sizes=\"auto, (max-width: 1024px) 100vw, 1024px\" \/><figcaption class=\"wp-element-caption\"><mark style=\"background-color:rgba(0, 0, 0, 0)\" class=\"has-inline-color has-black-color\">Acciones de solidaridad Alemania. Foto: Sol Rojo.<\/mark><\/figcaption><\/figure>\n\n\n\n<figure class=\"wp-block-image aligncenter size-large\"><img loading=\"lazy\" decoding=\"async\" width=\"1024\" height=\"768\" src=\"https:\/\/nuevademocracia.com.co\/wp-content\/uploads\/2023\/04\/noruega-1-1024x768.jpg\" alt=\"\" class=\"wp-image-25304\" srcset=\"https:\/\/nuevademocracia.com.co\/wp-content\/uploads\/2023\/04\/noruega-1-1024x768.jpg 1024w, https:\/\/nuevademocracia.com.co\/wp-content\/uploads\/2023\/04\/noruega-1-300x225.jpg 300w, https:\/\/nuevademocracia.com.co\/wp-content\/uploads\/2023\/04\/noruega-1-768x576.jpg 768w, https:\/\/nuevademocracia.com.co\/wp-content\/uploads\/2023\/04\/noruega-1-1536x1152.jpg 1536w, https:\/\/nuevademocracia.com.co\/wp-content\/uploads\/2023\/04\/noruega-1.jpg 1600w\" sizes=\"auto, (max-width: 1024px) 100vw, 1024px\" \/><figcaption class=\"wp-element-caption\"><mark style=\"background-color:rgba(0, 0, 0, 0)\" class=\"has-inline-color has-black-color\">Acciones de solidaridad Noruega. Foto: Sol Rojo.<\/mark><\/figcaption><\/figure>\n\n\n\n<p><mark style=\"background-color:rgba(0, 0, 0, 0)\" class=\"has-inline-color has-black-color\">Las organizaciones democr\u00e1ticas y revolucionarias, los campesinos pobres e ind\u00edgenas de M\u00e9xico seguir\u00e1n exigiendo justicia por el cobarde asesinato de F\u00e9lix y castigo para los culpables de este nuevo crimen.<\/mark><\/p>\n\n\n\n<p><em><mark style=\"background-color:rgba(0, 0, 0, 0)\" class=\"has-inline-color has-black-color\">\u201cF\u00e9lix ha sido asesinado y ahora ser\u00e1 devuelto a la tierra como semilla. La tierra va a recibirlo como hijo suyo y seguramente reclamar\u00e1 justicia para \u00e9l\u201d. (CP-SR)<\/mark><\/em><\/p>\n","protected":false},"excerpt":{"rendered":"<p>El 13 de abril de 2023 fue asesinado F\u00e9lix Vicente Cruz, destacado activista por los derechos de los campesinos e integrante de la organizaci\u00f3n revolucionaria Corriente del Pueblo \u2013 Sol Rojo (CP-SR). Un comando armado le arrebat\u00f3 la vida a balazos dentro de la Agencia Municipal de la Comunidad de Veinte de Noviembre \u201cEl Morro\u201d, [&hellip;]<\/p>\n","protected":false},"author":1,"featured_media":25299,"comment_status":"open","ping_status":"open","sticky":false,"template":"","format":"standard","meta":{"footnotes":""},"categories":[16,116,31],"tags":[21,44,32,39,18,41],"class_list":["post-25298","post","type-post","status-publish","format-standard","has-post-thumbnail","hentry","category-carrusel","category-imperialismo","category-internacional","tag-campesinos","tag-criminalizacion-a-la-protesta","tag-imperialismo","tag-internacionalismo","tag-protestas","tag-represion-estatal"],"blocksy_meta":[],"_links":{"self":[{"href":"https:\/\/nuevademocracia.com.co\/index.php?rest_route=\/wp\/v2\/posts\/25298","targetHints":{"allow":["GET"]}}],"collection":[{"href":"https:\/\/nuevademocracia.com.co\/index.php?rest_route=\/wp\/v2\/posts"}],"about":[{"href":"https:\/\/nuevademocracia.com.co\/index.php?rest_route=\/wp\/v2\/types\/post"}],"author":[{"embeddable":true,"href":"https:\/\/nuevademocracia.com.co\/index.php?rest_route=\/wp\/v2\/users\/1"}],"replies":[{"embeddable":true,"href":"https:\/\/nuevademocracia.com.co\/index.php?rest_route=%2Fwp%2Fv2%2Fcomments&post=25298"}],"version-history":[{"count":9,"href":"https:\/\/nuevademocracia.com.co\/index.php?rest_route=\/wp\/v2\/posts\/25298\/revisions"}],"predecessor-version":[{"id":25312,"href":"https:\/\/nuevademocracia.com.co\/index.php?rest_route=\/wp\/v2\/posts\/25298\/revisions\/25312"}],"wp:featuredmedia":[{"embeddable":true,"href":"https:\/\/nuevademocracia.com.co\/index.php?rest_route=\/wp\/v2\/media\/25299"}],"wp:attachment":[{"href":"https:\/\/nuevademocracia.com.co\/index.php?rest_route=%2Fwp%2Fv2%2Fmedia&parent=25298"}],"wp:term":[{"taxonomy":"category","embeddable":true,"href":"https:\/\/nuevademocracia.com.co\/index.php?rest_route=%2Fwp%2Fv2%2Fcategories&post=25298"},{"taxonomy":"post_tag","embeddable":true,"href":"https:\/\/nuevademocracia.com.co\/index.php?rest_route=%2Fwp%2Fv2%2Ftags&post=25298"}],"curies":[{"name":"wp","href":"https:\/\/api.w.org\/{rel}","templated":true}]}}