{"id":25320,"date":"2023-04-29T21:30:16","date_gmt":"2023-04-30T02:30:16","guid":{"rendered":"https:\/\/nuevademocracia.com.co\/?p=25320"},"modified":"2026-04-27T23:49:23","modified_gmt":"2026-04-28T04:49:23","slug":"en-conmemoracion-del-2do-aniversario-del-gran-levantamiento-popular","status":"publish","type":"post","link":"https:\/\/nuevademocracia.com.co\/?p=25320","title":{"rendered":"Editorial &#8211; En conmemoraci\u00f3n del 2do aniversario del Gran Levantamiento Popular"},"content":{"rendered":"\n<figure class=\"wp-block-image aligncenter size-large\"><img loading=\"lazy\" decoding=\"async\" width=\"1024\" height=\"683\" src=\"https:\/\/nuevademocracia.com.co\/wp-content\/uploads\/2023\/04\/Imag-1.-Foto.-Sergio-Acero-1024x683.jpg\" alt=\"\" class=\"wp-image-25321\" srcset=\"https:\/\/nuevademocracia.com.co\/wp-content\/uploads\/2023\/04\/Imag-1.-Foto.-Sergio-Acero-1024x683.jpg 1024w, https:\/\/nuevademocracia.com.co\/wp-content\/uploads\/2023\/04\/Imag-1.-Foto.-Sergio-Acero-300x200.jpg 300w, https:\/\/nuevademocracia.com.co\/wp-content\/uploads\/2023\/04\/Imag-1.-Foto.-Sergio-Acero-768x512.jpg 768w, https:\/\/nuevademocracia.com.co\/wp-content\/uploads\/2023\/04\/Imag-1.-Foto.-Sergio-Acero-1536x1024.jpg 1536w, https:\/\/nuevademocracia.com.co\/wp-content\/uploads\/2023\/04\/Imag-1.-Foto.-Sergio-Acero.jpg 1620w\" sizes=\"auto, (max-width: 1024px) 100vw, 1024px\" \/><figcaption class=\"wp-element-caption\"><mark style=\"background-color:rgba(0, 0, 0, 0)\" class=\"has-inline-color has-black-color\">Foto. Sergio Acero<\/mark><\/figcaption><\/figure>\n\n\n\n<p class=\"has-black-color has-text-color\">El 28 de abril de 2021 quedar\u00e1 grabado por siempre en la gloriosa historia de las luchas del pueblo colombiano. A partir de ese d\u00eda y por m\u00e1s de dos meses, un gran hurac\u00e1n popular recorri\u00f3 las calles de cientos de municipios de nuestro pa\u00eds. El grito rebelde de un pueblo largamente oprimido rugi\u00f3 por las calles. Millones de masas inundaron las avenidas de las principales ciudades del pa\u00eds, crearon puntos de resistencia en las barriadas pobres, organizaron y armaron sus l\u00edneas de combate. Heroicas batallas desplegaron la juventud popular en contra de la polic\u00eda que act\u00fao rabiosamente como fiel guardiana del injusto orden social actual.<\/p>\n\n\n\n<p class=\"has-black-color has-text-color\"><br>El gobierno de Duque y los grandes burgueses y terratenientes a los que representa, intentaron primero, a trav\u00e9s de sus medios masivos de comunicaci\u00f3n, continuar negando el derecho a la movilizaci\u00f3n bajo el pretexto de la Pandemia. Pero como no lo lograron, como la gente hizo caso omiso, rompi\u00f3 el aislamiento y se tom\u00f3 las calles masivamente desde el primer d\u00eda, entonces el gobierno arreci\u00f3 la violencia contra el pueblo: bolillo, gases, aturdidoras y balas fue la respuesta represiva del Estado. Tan solo en los primeros 5 d\u00edas de protestas, la polic\u00eda y algunos civiles armados a su servicio ya hab\u00edan asesinado a m\u00e1s de una docena de manifestantes, adem\u00e1s de dejar cientos de heridos, desaparecidos y detenidos.<\/p>\n\n\n\n<figure class=\"wp-block-image aligncenter size-large\"><img loading=\"lazy\" decoding=\"async\" width=\"1024\" height=\"682\" src=\"https:\/\/nuevademocracia.com.co\/wp-content\/uploads\/2023\/04\/Img-2.-Foto.-el-espectador-1024x682.jpeg\" alt=\"\" class=\"wp-image-25322\" srcset=\"https:\/\/nuevademocracia.com.co\/wp-content\/uploads\/2023\/04\/Img-2.-Foto.-el-espectador-1024x682.jpeg 1024w, https:\/\/nuevademocracia.com.co\/wp-content\/uploads\/2023\/04\/Img-2.-Foto.-el-espectador-300x200.jpeg 300w, https:\/\/nuevademocracia.com.co\/wp-content\/uploads\/2023\/04\/Img-2.-Foto.-el-espectador-768x512.jpeg 768w, https:\/\/nuevademocracia.com.co\/wp-content\/uploads\/2023\/04\/Img-2.-Foto.-el-espectador.jpeg 1280w\" sizes=\"auto, (max-width: 1024px) 100vw, 1024px\" \/><figcaption class=\"wp-element-caption\"><mark style=\"background-color:rgba(0, 0, 0, 0)\" class=\"has-inline-color has-black-color\">Foto. El Espectador<\/mark><\/figcaption><\/figure>\n\n\n\n<p class=\"has-black-color has-text-color\"><br>A pesar de la violencia brutal del viejo Estado, el pueblo no cedi\u00f3. Al quinto d\u00eda del paro, acorralado por la furia popular, el gobierno se vio obligado a echar para abajo su reforma tributaria que gravaba con IVA la canasta familiar, y con ella tambi\u00e9n rod\u00f3 la cabeza del odiado Ministro de Hacienda Carrasquilla. La ofensiva popular hab\u00eda hecho retroceder al viejo Estado en sus infames prop\u00f3sitos de cargar sobre los hombros de la gente trabajadora la crisis del capitalismo burocr\u00e1tico. Nada pudo detener la continuaci\u00f3n del Paro Nacional, ni la ca\u00edda de la reforma, ni el llamado que hizo el oportunista de Petro, preparando su campa\u00f1a politiquera, de \u201cfrenar ah\u00ed\u201d la protesta popular para \u201cacumular fuerzas para lo que segu\u00eda\u201d, enti\u00e9ndase elecciones presidenciales del 2022.<\/p>\n\n\n\n<figure class=\"wp-block-image size-large\"><img loading=\"lazy\" decoding=\"async\" width=\"791\" height=\"1024\" src=\"https:\/\/nuevademocracia.com.co\/wp-content\/uploads\/2023\/04\/Img-3.-Fuente.-Indepaz-791x1024.jpg\" alt=\"\" class=\"wp-image-25323\" srcset=\"https:\/\/nuevademocracia.com.co\/wp-content\/uploads\/2023\/04\/Img-3.-Fuente.-Indepaz-791x1024.jpg 791w, https:\/\/nuevademocracia.com.co\/wp-content\/uploads\/2023\/04\/Img-3.-Fuente.-Indepaz-232x300.jpg 232w, https:\/\/nuevademocracia.com.co\/wp-content\/uploads\/2023\/04\/Img-3.-Fuente.-Indepaz-768x994.jpg 768w, https:\/\/nuevademocracia.com.co\/wp-content\/uploads\/2023\/04\/Img-3.-Fuente.-Indepaz.jpg 989w\" sizes=\"auto, (max-width: 791px) 100vw, 791px\" \/><figcaption class=\"wp-element-caption\"><mark style=\"background-color:rgba(0, 0, 0, 0)\" class=\"has-inline-color has-black-color\">Foto. Indepaz<\/mark><\/figcaption><\/figure>\n\n\n\n<p class=\"has-black-color has-text-color\"><br>Esto dej\u00f3 claro que la reforma tributaria antipueblo no era sino el florero de Llorente, la gota que derram\u00f3 la copa ya repleta de explotaci\u00f3n y de injusticia. El pueblo protestaba por su insoportable situaci\u00f3n econ\u00f3mica, por la negaci\u00f3n de sus derechos. Tan solo dos escandalosas cifras de este mar de injusticias develan el porqu\u00e9 de la gran dimensi\u00f3n y duraci\u00f3n de esta protesta. La primera: seg\u00fan el DANE, en el a\u00f1o 2020, 42% de la poblaci\u00f3n colombiana viv\u00eda en la pobreza (ingresos de menos de 330 mil al mes), 30% era clasificada como vulnerable (ingresos entre 330 y 650 mil al mes), en otras palabras, el 72%, \u00a1m\u00e1s de 36 millones de personas en nuestro pa\u00eds sobreviv\u00edan con menos de 650 mil pesos al mes! \u00bfNo era acaso esa realidad suficiente para levantarse? Y la segunda: tan solo entre 2002 y 2008, en el periodo de aplicaci\u00f3n del genocida Plan Colombia bajo mando del imperialismo yanqui y su lacayo el gobierno de Uribe, por lo menos 6.402 personas del pueblo fueron asesinadas por las fuerzas armadas del viejo Estado y luego presentadas como ca\u00eddas en combate, en lo que se conoci\u00f3 como los \u201cfalsos positivos\u201d \u00bfNo bastaba esto para que las calles se llenaran de indignaci\u00f3n antiuribista?<\/p>\n\n\n\n<p class=\"has-black-color has-text-color\"><br>Contra la pobreza, la represi\u00f3n, el desempleo, la precariedad laboral, etc., y por vivienda, salud, educaci\u00f3n, trabajo digno, democracia, etc., se alzaron millones de voces en el Gran levantamiento Popular. Por eso, para las masas no fue suficiente con tumbar la reforma tributaria, era m\u00e1s que justo continuar la rebeli\u00f3n. Las protestas se extendieron durante mayo, junio y julio. De principio a fin los m\u00e1s destacados protagonistas de estas grandes movilizaciones fueron los j\u00f3venes populares, en quienes ha reca\u00eddo m\u00e1s fuerte el peso de la crisis, han sufrido siempre en carne propia el hostigamiento de una polic\u00eda antipueblo a la que -con raz\u00f3n- odian profundamente y, por supuesto, porque la juventud popular, en la primavera de la vida, esta llena de energ\u00eda y esperanza, es rebelde y siempre estar\u00e1 en las primeras l\u00edneas de batalla resistiendo para que sus sue\u00f1os no sean ahogados, para conquistar junto a todo el pueblo la justicia social.<\/p>\n\n\n\n<figure class=\"wp-block-image aligncenter size-large\"><img loading=\"lazy\" decoding=\"async\" width=\"791\" height=\"1024\" src=\"https:\/\/nuevademocracia.com.co\/wp-content\/uploads\/2023\/04\/Img-x.-Fuente.-Indepaz-791x1024.jpg\" alt=\"\" class=\"wp-image-25324\" srcset=\"https:\/\/nuevademocracia.com.co\/wp-content\/uploads\/2023\/04\/Img-x.-Fuente.-Indepaz-791x1024.jpg 791w, https:\/\/nuevademocracia.com.co\/wp-content\/uploads\/2023\/04\/Img-x.-Fuente.-Indepaz-232x300.jpg 232w, https:\/\/nuevademocracia.com.co\/wp-content\/uploads\/2023\/04\/Img-x.-Fuente.-Indepaz-768x994.jpg 768w, https:\/\/nuevademocracia.com.co\/wp-content\/uploads\/2023\/04\/Img-x.-Fuente.-Indepaz.jpg 989w\" sizes=\"auto, (max-width: 791px) 100vw, 791px\" \/><figcaption class=\"wp-element-caption\"><mark style=\"background-color:rgba(0, 0, 0, 0)\" class=\"has-inline-color has-black-color\">Foto. Indepaz<\/mark><\/figcaption><\/figure>\n\n\n\n<p class=\"has-black-color has-text-color\"><br>El primer mes del Paro el pueblo se mantuvo a la ofensiva. Se realizaron casi 2000 marchas y m\u00e1s de 2500 bloqueos por todo el pa\u00eds. Diariamente las masas desplegaban inmensas y combativas protestas, contando pr\u00e1cticamente con el apoyo de la totalidad de las clases trabajadoras que cuando no pod\u00edan salir a las calles, llenaban las ventanas de gritos y sonar de cacerolas en apoyo a su causa com\u00fan. Fuerzas represivas, instituciones del viejo Estado, buses e inmuebles del gran capital estatal o privado fueron frecuentemente blanco de la ira popular. Y es gracias a este car\u00e1cter masivo y combativo de las protestas y a la simpat\u00eda que gan\u00f3 entre el pueblo, que <\/p>\n\n\n\n<p class=\"has-black-color has-text-color\">se logr\u00f3 en este primer mes, adem\u00e1s de tumbar la reforma tributaria, echar para atr\u00e1s tambi\u00e9n la lesiva reforma a la salud y conquistar la \u201cmatr\u00edcula cero\u201d en universidades p\u00fablicas para los estratos m\u00e1s bajos. La protesta tuvo adem\u00e1s resonancia internacional y los pueblos de otros pa\u00edses enviaron bellas muestras de apoyo a la lucha del pueblo colombiano.<\/p>\n\n\n\n<p class=\"has-black-color has-text-color\">El segundo mes de protestas el viejo Estado pas\u00f3 a la contraofensiva recrudeciendo la represi\u00f3n, militarizando algunas zonas de las ciudades y continuando con la acci\u00f3n violenta, el asesinato y la desaparici\u00f3n de decenas de manifestantes. Uribe, jefe de la ultraderecha, lleg\u00f3 incluso a defender ampliamente que las fuerzas armadas usaran sus fusiles contra las masas que protestaban; el gobierno de Duque decret\u00f3 el apoyo del Ej\u00e9rcito en el \u201ccontrol del orden p\u00fablico\u201d en varios departamentos del pa\u00eds y las clases dominantes movilizaron algunos sectores de las masas en contra del paro y en apoyo a las reaccionarias fuerzas policiales. Los partidos de oposici\u00f3n al gobierno de Duque sirvieron a esta contraofensiva condenando las acciones combativas de las masas, llamando a su desmovilizaci\u00f3n (Petro a inicios de mayo, el comit\u00e9 de Paro a mediados de junio) y sembrando ilusiones en que los cambios hab\u00eda que buscarlos en la presentaci\u00f3n de proyectos de ley y en las urnas para presidencia.&nbsp;&nbsp;<\/p>\n\n\n\n<p class=\"has-black-color has-text-color\">La cruenta represi\u00f3n estatal, la posici\u00f3n oportunista y desmovilizadora de los partidos de la falsa izquierda, y el agotamiento de las masas participantes y solidarias de la lucha despu\u00e9s de un mes de manifestaciones diarias, va llevando a que a partir de ese segundo mes disminuyan progresivamente las protestas y los combates callejeros hasta que en julio las manifestaciones ya se presenten de manera espor\u00e1dica. De esta forma concluy\u00f3 el hist\u00f3rico Gran Levantamiento Popular.<\/p>\n\n\n\n<figure class=\"wp-block-image aligncenter size-full\"><img loading=\"lazy\" decoding=\"async\" width=\"746\" height=\"715\" src=\"https:\/\/nuevademocracia.com.co\/wp-content\/uploads\/2023\/04\/Img-6.-Foto.-Instagram-Resistencia-Juvenil-Medellin.png\" alt=\"\" class=\"wp-image-25325\" srcset=\"https:\/\/nuevademocracia.com.co\/wp-content\/uploads\/2023\/04\/Img-6.-Foto.-Instagram-Resistencia-Juvenil-Medellin.png 746w, https:\/\/nuevademocracia.com.co\/wp-content\/uploads\/2023\/04\/Img-6.-Foto.-Instagram-Resistencia-Juvenil-Medellin-300x288.png 300w\" sizes=\"auto, (max-width: 746px) 100vw, 746px\" \/><figcaption class=\"wp-element-caption\"><mark style=\"background-color:rgba(0, 0, 0, 0)\" class=\"has-inline-color has-black-color\">Foto. Resistencia Juvenil<\/mark><\/figcaption><\/figure>\n\n\n\n<p class=\"has-black-color has-text-color\"><strong>\u00bfQu\u00e9 balance hacemos de esta hist\u00f3rica protesta?<\/strong><\/p>\n\n\n\n<p class=\"has-black-color has-text-color\">El Gran Levantamiento Popular tuvo sus causas, en primer lugar, en el agravamiento de la situaci\u00f3n de opresi\u00f3n pol\u00edtica y explotaci\u00f3n econ\u00f3mica del pueblo por parte de las clases dominantes y su patr\u00f3n, el imperialismo yanqui, quienes recargaron la crisis del imperialismo y de su capitalismo burocr\u00e1tico sobre las espaldas de la gente trabajadora. Y en segundo lugar, en la crisis del viejo Estado, en su incapacidad de seguir gobernando como hasta el momento lo hab\u00edan hecho expresada en la agudizaci\u00f3n de la pugna interna entre los grupos y facciones de las clases dominantes por c\u00f3mo salir de la crisis econ\u00f3mica y reprimir la rebeli\u00f3n popular, por reestructurar el viejo Estado para cumplir estas tareas reaccionarias.<\/p>\n\n\n\n<p class=\"has-black-color has-text-color\">Esta lucha popular en la que participaron millones de personas por m\u00e1s de dos meses, ha sido el acto de protesta m\u00e1s masivo y largo de nuestra historia contempor\u00e1nea. En comparaci\u00f3n, el Bogotazo en 1948 y el paro c\u00edvico nacional en 1977 duraron d\u00edas, el Paro Nacional Agrario de 2013 dur\u00f3 un mes. Adem\u00e1s, por su combatividad, por el amplio uso de la violencia justa del pueblo contra sus opresores, ha entrado a hacer parte, junto con estos y otras luchas de las masas en nuestro pa\u00eds (como la toma de m\u00e1s de 800 haciendas el 21 de febrero de 1971 o las heroicas batallas de la juventud popular del 9 al 11 de septiembre de 2020) de los m\u00e1s beligerantes hitos de la lucha popular en Colombia.<\/p>\n\n\n\n<p class=\"has-black-color has-text-color\">Su escenario principal fueron las mayores ciudades del pa\u00eds y su epicentro Cali, la tercera ciudad m\u00e1s grande de Colombia. Fue en lo fundamental un levantamiento urbano. El grueso de sus filas y las m\u00e1s combativas las conform\u00f3 la juventud popular, los j\u00f3venes de los inmensos cinturones de miseria urbanos, t\u00edpicos de un pa\u00eds del tercer mundo como Colombia; un pa\u00eds mantenido en el atraso, en la semifeudalidad, por el imperialismo principalmente yanqui que en asocio con los monopolistas del capital y de la tierra, no permite a nuestra naci\u00f3n un camino independiente de desarrollo de su industria y agricultura y con ello de bienestar y oportunidades para las gentes del pueblo.<\/p>\n\n\n\n<p class=\"has-black-color has-text-color\">El gran levantamiento popular fue el punto m\u00e1s alto alcanzado por una nueva oleada de luchas populares que se levantaba luego de un periodo de baja tras el segundo Paro Nacional Agrario de 2014. Este periodo de apaciguamiento de las luchas de las masas fue grandemente influenciado por el rol desmovilizador que el gobierno y los oportunistas de las FARC jugaron al impulsar las negociaciones de paz entre ellos, difundiendo la conciliaci\u00f3n entre clases antag\u00f3nicas, esparciendo pacifismo y sembrando ilusiones en que el Acuerdo de Paz, cambiar\u00eda a Colombia en beneficio de su pueblo.<\/p>\n\n\n\n<p class=\"has-black-color has-text-color\">Toda esta negociaci\u00f3n del Acuerdo de Paz, a pesar de su pomposidad, se fue revelando como una simple dejaci\u00f3n de armas de las FARC e incorporaci\u00f3n de sus jefes oportunistas a la burocracia del viejo Estado, mientras que este incumpl\u00eda sus promesas con los excombatientes y ca\u00edan asesinados -hasta hoy- m\u00e1s de 350 de ellos. La supuesta transformaci\u00f3n de Colombia consignada en el \u201cAcuerdo de la Habana\u201d, que las FARC gustaba de llamar \u201cjusticia social\u201d para enga\u00f1ar incautos, no pas\u00f3 de ser letra muerta y se devel\u00f3 como instrumento demag\u00f3gico, complemento del represivo periodo uribista y parte de la guerra de baja intensidad que el imperialismo y la reacci\u00f3n usan contra el pueblo para ahogar su rebeli\u00f3n.<\/p>\n\n\n\n<p class=\"has-black-color has-text-color\">De este modo, ya que ninguna de las causas de la cr\u00edtica situaci\u00f3n del pueblo cambi\u00f3 tras el Acuerdo de Paz, puesto que con la entrega de las FARC perdieron bastante fuerza las mentiras del viejo Estado de que los problemas del pueblo y la naci\u00f3n eran causados por el \u201cterrorismo\u201d y de que se justificaba la criminalizaci\u00f3n de la protesta popular porque estaba \u201cinfiltrada por la guerrilla\u201d, y ya que los acuerdos de paz agudizaron la pugna entre las clases dominantes, se fueron generando las condiciones para una nueva oleada de lucha popular<\/p>\n\n\n\n<p class=\"has-black-color has-text-color\">En noviembre de 2016 se firm\u00f3 el Acuerdo de Paz con las FARC. Tan solo dos a\u00f1os despu\u00e9s se empezaron a expresar los inicios de esta nueva ola de lucha popular con los dos meses de Paro Nacional Universitario a finales de 2018 y con la toma ind\u00edgena de la Panamericana por 20 d\u00edas a comienzos de 2019. Pero la fuerza y amplitud a todos los sectores populares y el protagonismo de la juventud popular como caracter\u00edsticas que esta ola ir\u00eda a tomar, solo empezaron a mostrarse en el Paro Nacional del 21 de noviembre de 2019, en el que se dieron multitudinarias manifestaciones y combates callejeros desde el primer d\u00eda de paro.<\/p>\n\n\n\n<p class=\"has-black-color has-text-color\">La Pandemia y su confinamiento, por un lado, contuvieron la creciente protesta social, pero, por el otro, profundizaron sus razones, al agravar las ya precarias condiciones de vida del pueblo. Seg\u00fan cifras oficiales, los desempleados pasaron de ser 2.4 millones a ser 3.3 millones, es decir, cerca de un mill\u00f3n de personas perdieron su empleo; la poblaci\u00f3n pobre pas\u00f3 de 17.5 millones a 21.2 millones, esto es, 3.5 millones de personas cayeron en la pobreza.<\/p>\n\n\n\n<figure class=\"wp-block-image aligncenter size-large\"><img loading=\"lazy\" decoding=\"async\" width=\"1024\" height=\"683\" src=\"https:\/\/nuevademocracia.com.co\/wp-content\/uploads\/2023\/04\/Img-7.-Foto.-Salto-1024x683.jpg\" alt=\"\" class=\"wp-image-25326\" srcset=\"https:\/\/nuevademocracia.com.co\/wp-content\/uploads\/2023\/04\/Img-7.-Foto.-Salto-1024x683.jpg 1024w, https:\/\/nuevademocracia.com.co\/wp-content\/uploads\/2023\/04\/Img-7.-Foto.-Salto-300x200.jpg 300w, https:\/\/nuevademocracia.com.co\/wp-content\/uploads\/2023\/04\/Img-7.-Foto.-Salto-768x512.jpg 768w, https:\/\/nuevademocracia.com.co\/wp-content\/uploads\/2023\/04\/Img-7.-Foto.-Salto-1536x1025.jpg 1536w, https:\/\/nuevademocracia.com.co\/wp-content\/uploads\/2023\/04\/Img-7.-Foto.-Salto.jpg 2000w\" sizes=\"auto, (max-width: 1024px) 100vw, 1024px\" \/><figcaption class=\"wp-element-caption\"><mark style=\"background-color:rgba(0, 0, 0, 0)\" class=\"has-inline-color has-black-color\">Foto. El Salto<\/mark><\/figcaption><\/figure>\n\n\n\n<p class=\"has-black-color has-text-color\">Se acumulaba as\u00ed m\u00e1s le\u00f1a lista para arder, y al poco tiempo \u00a1ardi\u00f3! 10 d\u00edas despu\u00e9s de levantada la cuarentena impuesta por el Estado, el 9 de septiembre de 2020, la noticia de un acontecimiento indignante, el asesinato de Javier Ordo\u00f1ez a manos de la polic\u00eda, difundida en la ma\u00f1ana de ese d\u00eda, fue la chispa, que esa misma noche, encendi\u00f3 la hoguera. Durante 3 noches la juventud popular, especialmente en Bogot\u00e1, pero tambi\u00e9n en otras ciudades, destruy\u00f3 casi un centenar de CAIs, decenas de buses y estaciones de Trasmilenio y combati\u00f3 a la odiada polic\u00eda, perro guardi\u00e1n de los de arriba que rabiosamente, bajo orden de imponer el terror entre las masas, asesin\u00f3 a bala al menos a 13 manifestantes, golpe\u00f3 y apres\u00f3 a muchos otros.<\/p>\n\n\n\n<p class=\"has-black-color has-text-color\">Ese fue el saldo de las heroicas batallas del 9 al 11 de septiembre de 2020, otro hito de la lucha combativa de la juventud popular que hac\u00eda parte de la creciente ola de protestas que unos meses despu\u00e9s llegar\u00eda a su punto m\u00e1s alto con el hist\u00f3rico Gran Levantamiento Popular del que hoy estamos conmemorando su segundo aniversario.<\/p>\n\n\n\n<figure class=\"wp-block-image aligncenter size-large\"><img loading=\"lazy\" decoding=\"async\" width=\"1024\" height=\"576\" src=\"https:\/\/nuevademocracia.com.co\/wp-content\/uploads\/2023\/04\/PUERTO-RESISTENCIA-CALI.-LAS-DOS-ORILLAS-1024x576.jpg\" alt=\"\" class=\"wp-image-25327\" srcset=\"https:\/\/nuevademocracia.com.co\/wp-content\/uploads\/2023\/04\/PUERTO-RESISTENCIA-CALI.-LAS-DOS-ORILLAS-1024x576.jpg 1024w, https:\/\/nuevademocracia.com.co\/wp-content\/uploads\/2023\/04\/PUERTO-RESISTENCIA-CALI.-LAS-DOS-ORILLAS-300x169.jpg 300w, https:\/\/nuevademocracia.com.co\/wp-content\/uploads\/2023\/04\/PUERTO-RESISTENCIA-CALI.-LAS-DOS-ORILLAS-768x432.jpg 768w, https:\/\/nuevademocracia.com.co\/wp-content\/uploads\/2023\/04\/PUERTO-RESISTENCIA-CALI.-LAS-DOS-ORILLAS.jpg 1200w\" sizes=\"auto, (max-width: 1024px) 100vw, 1024px\" \/><figcaption class=\"wp-element-caption\"><mark style=\"background-color:rgba(0, 0, 0, 0)\" class=\"has-inline-color has-black-color\">Puerto Resistencia Cali. Foto. Las dos orillas<\/mark><\/figcaption><\/figure>\n\n\n\n<p class=\"has-black-color has-text-color\">Hagamos un par\u00e9ntesis para se\u00f1alar que todos estos hitos de la lucha del pueblo colombiano han sido influenciados y forman a la vez parte de la oleada mundial de explosividad de las masas de los \u00faltimos a\u00f1os, pues tienen en com\u00fan que hunden su ra\u00edz en la agudizaci\u00f3n de la crisis y las contradicciones de la era del imperialismo y el recrudecimiento de la opresi\u00f3n de este sobre los pueblos del mundo, especialmente sobre las naciones oprimidas. Desde los grandes estallidos en Ecuador y Chile de octubre de 2019, las masas colombianas esperaban con ansias su turno para que explotara la bomba de tiempo.<\/p>\n\n\n\n<p class=\"has-black-color has-text-color\">Estos estallidos sociales en el mundo y en Colombia muestran, a quienes quieren ver, las poderosas fuerzas que dormitan en el seno de la sociedad, la fuerza de las masas populares, que cuando hablan todo se estremece, los de arriba tiemblan, el viejo orden cruje, pues son las hacedoras de la historia. Hacia ellas han de dirigir su atenci\u00f3n la gente justa y honesta que quiere la libertad del pueblo y la naci\u00f3n, para que lo que hoy es latente ma\u00f1ana se despliegue como realidad mediante la lucha organizada y consciente de los de abajo para librarse del yugo de los de arriba.<\/p>\n\n\n\n<figure class=\"wp-block-image size-large\"><img loading=\"lazy\" decoding=\"async\" width=\"1024\" height=\"575\" src=\"https:\/\/nuevademocracia.com.co\/wp-content\/uploads\/2023\/04\/Portal-resistencia-1024x575.jpg\" alt=\"\" class=\"wp-image-25328\" srcset=\"https:\/\/nuevademocracia.com.co\/wp-content\/uploads\/2023\/04\/Portal-resistencia-1024x575.jpg 1024w, https:\/\/nuevademocracia.com.co\/wp-content\/uploads\/2023\/04\/Portal-resistencia-300x169.jpg 300w, https:\/\/nuevademocracia.com.co\/wp-content\/uploads\/2023\/04\/Portal-resistencia-768x432.jpg 768w, https:\/\/nuevademocracia.com.co\/wp-content\/uploads\/2023\/04\/Portal-resistencia.jpg 1130w\" sizes=\"auto, (max-width: 1024px) 100vw, 1024px\" \/><\/figure>\n\n\n\n<p class=\"has-black-color has-text-color\">Bueno, pero volvamos al balance del estallido social de 2021 en Colombia. De \u00e9l tambi\u00e9n hay que destacar, adem\u00e1s de su masividad, combatividad, apoyo popular y protagonismo de la juventud m\u00e1s pobre, las formas que el pueblo adopt\u00f3 para organizarse, tales como la creaci\u00f3n de puntos de resistencia en las ciudades, especialmente en Cali, donde se realizaban reuniones y asambleas populares, se repon\u00eda y preparaban fuerzas para continuar la lucha y las \u201cPrimeras L\u00edneas\u201d, forma principal de organizaci\u00f3n de la juventud combativa como tropa de choque popular contra las fuerzas represivas.<\/p>\n\n\n\n<p class=\"has-black-color has-text-color\">Estas formas de organizaci\u00f3n de las masas, espont\u00e1neas e independientes, tambi\u00e9n mostraban otra importante caracter\u00edstica del Gran levantamiento Popular: las masas no \u201cle copiaron\u201d<em> <\/em>a las fuerzas oportunistas. Recordemos que el pueblo levantado hizo caso omiso a los llamados del Comit\u00e9 de Paro y de Petro a cesar las movilizaciones. No obstante, los partidos de la falsa izquierda (Polo, Progresistas, Verdes, etc.) continuaron intentando tomarse la vocer\u00eda del Paro para -aprovechando la fuerza de las masas- intentar negociar su propio pliego de peticiones con el gobierno. Luego, cuando la movilizaci\u00f3n ya no conven\u00eda a sus intereses burocr\u00e1ticos porque no la pod\u00edan controlar, llamaron al pueblo a cesar la lucha y a apoyar sus candidaturas con miras a asumir puestos en el viejo Estado ilusionando a las masas con que el cambio vendr\u00eda a trav\u00e9s de las v\u00edas institucionales, es decir, ayudando a legitimar ante el pueblo un Estado profundamente deslegitimado.<\/p>\n\n\n\n<p class=\"has-black-color has-text-color\">En s\u00edntesis, esta gran movilizaci\u00f3n social ha mostrado al pueblo que cuando se une y toma en masa las calles es capaz de detener reformas antipopulares y conquistar derechos; que el viejo Estado utiliza sus fuerzas armadas para reprimir con sa\u00f1a cualquier intento de cambiar el injusto orden establecido: m\u00e1s de 70 personas fueron asesinadas, cientos golpeadas y detenidas, algunas desaparecidas y otras violentadas sexualmente; que el pueblo debe organizar la resistencia y el combate a estas fuerzas represivas para poder defender y conquistar sus derechos: puntos de resistencia, asambleas populares y primeras l\u00edneas son algunas de las valiosas formas y experiencias ensayadas; que los Partidos de la falsa izquierda act\u00faan de manera oportunista: apoyan hoy si les conviene, ma\u00f1ana intentan desmovilizar si ya no, todo en aras de saciar sus apetitos burocr\u00e1ticos.<\/p>\n\n\n\n<p class=\"has-black-color has-text-color\">Despu\u00e9s de esta gran protesta, estos politiqueros aprovecharon la a\u00fan d\u00e9bil organizaci\u00f3n y conciencia del pueblo, la frustraci\u00f3n de muchos por no haber conseguido el cambio social, para venderle otra vez a las masas que ellos las representaban y que si votaban por ellos se har\u00eda realidad el \u201cgobierno del cambio\u201d. Hoy, como lo ha mostrado la realidad y difundido este medio, la situaci\u00f3n para el pueblo no ha cambiado, sino empeorado.<\/p>\n\n\n\n<p class=\"has-black-color has-text-color\">Por eso, este segundo aniversario del Gran Levantamiento Popular, el peri\u00f3dico Nueva Democracia llama al pueblo en general y en particular a la juventud popular y a los intelectuales revolucionarios a no permitir que ning\u00fan oportunista o falso l\u00edder se tome la vocer\u00eda del pueblo y se autoproclame como su representante, a no desanimarse ni abandonar el camino de la organizaci\u00f3n y la lucha popular pues una vez se despierta la conciencia de clase nunca debemos dejar que esta se apague, a conmemorar poniendo bien alto y con orgullo estas \u00e9picas batallas de la lucha de las masas en nuestro pa\u00eds, sacar lecciones y enriquecer el acervo de experiencias para desarrollar la lucha por los derechos del pueblo y avanzar en el prolongado, arduo y luminoso camino de la revoluci\u00f3n de nueva democracia para establecer el verdadero poder popular.<\/p>\n\n\n\n<figure class=\"wp-block-image aligncenter size-large\"><img loading=\"lazy\" decoding=\"async\" width=\"1024\" height=\"602\" src=\"https:\/\/nuevademocracia.com.co\/wp-content\/uploads\/2023\/04\/Img-8.-Foto.-El-espectador-1024x602.jpg\" alt=\"\" class=\"wp-image-25329\" srcset=\"https:\/\/nuevademocracia.com.co\/wp-content\/uploads\/2023\/04\/Img-8.-Foto.-El-espectador-1024x602.jpg 1024w, https:\/\/nuevademocracia.com.co\/wp-content\/uploads\/2023\/04\/Img-8.-Foto.-El-espectador-300x176.jpg 300w, https:\/\/nuevademocracia.com.co\/wp-content\/uploads\/2023\/04\/Img-8.-Foto.-El-espectador-768x452.jpg 768w, https:\/\/nuevademocracia.com.co\/wp-content\/uploads\/2023\/04\/Img-8.-Foto.-El-espectador.jpg 1088w\" sizes=\"auto, (max-width: 1024px) 100vw, 1024px\" \/><figcaption class=\"wp-element-caption\"><mark style=\"background-color:rgba(0, 0, 0, 0)\" class=\"has-inline-color has-black-color\">Foto. El Espectador<\/mark><\/figcaption><\/figure>\n","protected":false},"excerpt":{"rendered":"<p>El 28 de abril de 2021 quedar\u00e1 grabado por siempre en la gloriosa historia de las luchas del pueblo colombiano. A partir de ese d\u00eda y por m\u00e1s de dos meses, un gran hurac\u00e1n popular recorri\u00f3 las calles de cientos de municipios de nuestro pa\u00eds. El grito rebelde de un pueblo largamente oprimido rugi\u00f3 por [&hellip;]<\/p>\n","protected":false},"author":1,"featured_media":25321,"comment_status":"open","ping_status":"open","sticky":false,"template":"","format":"standard","meta":{"footnotes":""},"categories":[16,4,266,10],"tags":[44,123,28,18,41],"class_list":["post-25320","post","type-post","status-publish","format-standard","has-post-thumbnail","hentry","category-carrusel","category-colombia","category-destacados","category-editorial","tag-criminalizacion-a-la-protesta","tag-gran-levantamiento-popular","tag-juventud","tag-protestas","tag-represion-estatal"],"blocksy_meta":[],"_links":{"self":[{"href":"https:\/\/nuevademocracia.com.co\/index.php?rest_route=\/wp\/v2\/posts\/25320","targetHints":{"allow":["GET"]}}],"collection":[{"href":"https:\/\/nuevademocracia.com.co\/index.php?rest_route=\/wp\/v2\/posts"}],"about":[{"href":"https:\/\/nuevademocracia.com.co\/index.php?rest_route=\/wp\/v2\/types\/post"}],"author":[{"embeddable":true,"href":"https:\/\/nuevademocracia.com.co\/index.php?rest_route=\/wp\/v2\/users\/1"}],"replies":[{"embeddable":true,"href":"https:\/\/nuevademocracia.com.co\/index.php?rest_route=%2Fwp%2Fv2%2Fcomments&post=25320"}],"version-history":[{"count":3,"href":"https:\/\/nuevademocracia.com.co\/index.php?rest_route=\/wp\/v2\/posts\/25320\/revisions"}],"predecessor-version":[{"id":26543,"href":"https:\/\/nuevademocracia.com.co\/index.php?rest_route=\/wp\/v2\/posts\/25320\/revisions\/26543"}],"wp:featuredmedia":[{"embeddable":true,"href":"https:\/\/nuevademocracia.com.co\/index.php?rest_route=\/wp\/v2\/media\/25321"}],"wp:attachment":[{"href":"https:\/\/nuevademocracia.com.co\/index.php?rest_route=%2Fwp%2Fv2%2Fmedia&parent=25320"}],"wp:term":[{"taxonomy":"category","embeddable":true,"href":"https:\/\/nuevademocracia.com.co\/index.php?rest_route=%2Fwp%2Fv2%2Fcategories&post=25320"},{"taxonomy":"post_tag","embeddable":true,"href":"https:\/\/nuevademocracia.com.co\/index.php?rest_route=%2Fwp%2Fv2%2Ftags&post=25320"}],"curies":[{"name":"wp","href":"https:\/\/api.w.org\/{rel}","templated":true}]}}