{"id":25332,"date":"2023-04-29T22:22:49","date_gmt":"2023-04-30T03:22:49","guid":{"rendered":"https:\/\/nuevademocracia.com.co\/?p=25332"},"modified":"2023-04-29T22:22:49","modified_gmt":"2023-04-30T03:22:49","slug":"asi-se-vivio-la-jornada-de-conmemoracion-del-28a-en-el-pais","status":"publish","type":"post","link":"https:\/\/nuevademocracia.com.co\/?p=25332","title":{"rendered":"As\u00ed se vivi\u00f3 la jornada de conmemoraci\u00f3n del 28A en el pa\u00eds"},"content":{"rendered":"\n<figure class=\"wp-block-embed is-type-video is-provider-youtube wp-block-embed-youtube wp-embed-aspect-16-9 wp-has-aspect-ratio\"><div class=\"wp-block-embed__wrapper\">\n<iframe loading=\"lazy\" title=\"V\u00eddeo de conmemoraci\u00f3n 28A (2023) Medell\u00edn\" width=\"1290\" height=\"726\" src=\"https:\/\/www.youtube.com\/embed\/GSVZz4cb3bc?feature=oembed\" frameborder=\"0\" allow=\"accelerometer; autoplay; clipboard-write; encrypted-media; gyroscope; picture-in-picture; web-share\" referrerpolicy=\"strict-origin-when-cross-origin\" allowfullscreen><\/iframe>\n<\/div><figcaption class=\"wp-element-caption\"><em><mark style=\"background-color:rgba(0, 0, 0, 0)\" class=\"has-inline-color has-black-color\">Compartimos un v\u00eddeo de lo que fue la primera parte de la jornada de conmemoraci\u00f3n del 28A en Medell\u00edn<\/mark><\/em><\/figcaption><\/figure>\n\n\n\n<p class=\"has-black-color has-text-color\">El 28 de abril del 2023, se conmemoraron 2 a\u00f1os del Gran Levantamiento Popular que conmocion\u00f3 al pa\u00eds y que sirvi\u00f3 como escuela de lucha independiente y combativa por los derechos del pueblo para las clases populares de Colombia.<\/p>\n\n\n\n<p class=\"has-black-color has-text-color\"><strong>Motivos de la conmemoraci\u00f3n<\/strong><\/p>\n\n\n\n<p class=\"has-black-color has-text-color\">El Gran Levantamiento Popular es un suceso que quedar\u00e1 imborrable en las mentes de todos los colombianos con anhelos de cambio. Sin embargo las reivindicaciones que ayer nos invitaron a salir a las calles masivamente, hoy siguen siendo vigentes. La carest\u00eda de la vida se impone como un peso cada vez m\u00e1s insoportable sobre las clases populares, el atropello a los derechos del pueblo se profundizan y como no puede ser de otra manera, este gobierno no ha representado un cambio favorable para las mayor\u00edas en el pa\u00eds. En concreto las banderas de lucha son las siguientes:<\/p>\n\n\n\n<p class=\"has-black-color has-text-color\">&#8211; Aproximadamente 145 luchadores detenidos por motivos relacionados con el Gran Levantamiento Popular siguen en las c\u00e1rceles, por lo que las organizaciones sociales contin\u00faan exigiendo libertad a los presos por luchar.<\/p>\n\n\n\n<p class=\"has-black-color has-text-color\">-La violencia patriarcal se ha envalentonado en los \u00faltimos tiempos, con aumento de casos abuso, acoso y feminicidios, por lo que las organizaciones sociales levantan su voz en defensa de los derechos de las mujeres del pueblo.<\/p>\n\n\n\n<p class=\"has-black-color has-text-color\">-El llamado a la reactivaci\u00f3n del movimiento estudiantil es otro de los motivos que expresan las organizaciones sociales para tomar las calles el pasado 28 de abril.<\/p>\n\n\n\n<p class=\"has-black-color has-text-color\"><\/p>\n\n\n\n<p class=\"has-black-color has-text-color\">A continuaci\u00f3n presentamos c\u00f3mo se vivi\u00f3 la jornada conmemorativa en las diferentes ciudades del pa\u00eds.<\/p>\n\n\n\n<p class=\"has-black-color has-text-color\"><strong>Bogot\u00e1<\/strong><\/p>\n\n\n\n<p><\/p>\n\n\n\n<figure class=\"wp-block-image size-full\"><img loading=\"lazy\" decoding=\"async\" width=\"780\" height=\"565\" src=\"https:\/\/nuevademocracia.com.co\/wp-content\/uploads\/2023\/04\/28A-no-olvidamos.jpg\" alt=\"\" class=\"wp-image-25333\" srcset=\"https:\/\/nuevademocracia.com.co\/wp-content\/uploads\/2023\/04\/28A-no-olvidamos.jpg 780w, https:\/\/nuevademocracia.com.co\/wp-content\/uploads\/2023\/04\/28A-no-olvidamos-300x217.jpg 300w, https:\/\/nuevademocracia.com.co\/wp-content\/uploads\/2023\/04\/28A-no-olvidamos-768x556.jpg 768w\" sizes=\"auto, (max-width: 780px) 100vw, 780px\" \/><figcaption class=\"wp-element-caption\"><mark style=\"background-color:rgba(0, 0, 0, 0)\" class=\"has-inline-color has-black-color\">Foto. Colprensa<\/mark><\/figcaption><\/figure>\n\n\n\n<p class=\"has-black-color has-text-color\">La jornada se desarroll\u00f3 con varios puntos de concentraci\u00f3n: Portal Resistencia (antiguo portal Americas), Usme, Suba, Engativa y el B\u00fanker de la Fiscal\u00eda.<\/p>\n\n\n\n<figure class=\"wp-block-image aligncenter size-full\"><img loading=\"lazy\" decoding=\"async\" width=\"780\" height=\"565\" src=\"https:\/\/nuevademocracia.com.co\/wp-content\/uploads\/2023\/04\/Foto-Colprensa-1.jpg\" alt=\"\" class=\"wp-image-25336\" srcset=\"https:\/\/nuevademocracia.com.co\/wp-content\/uploads\/2023\/04\/Foto-Colprensa-1.jpg 780w, https:\/\/nuevademocracia.com.co\/wp-content\/uploads\/2023\/04\/Foto-Colprensa-1-300x217.jpg 300w, https:\/\/nuevademocracia.com.co\/wp-content\/uploads\/2023\/04\/Foto-Colprensa-1-768x556.jpg 768w\" sizes=\"auto, (max-width: 780px) 100vw, 780px\" \/><figcaption class=\"wp-element-caption\"><mark style=\"background-color:rgba(0, 0, 0, 0)\" class=\"has-inline-color has-black-color\">Foto. Colprensa<\/mark><\/figcaption><\/figure>\n\n\n\n<p class=\"has-black-color has-text-color\">Desde las universidades Javeriana, Distrital, Nacional, Pedag\u00f3gica y el Colegio Mayor de Cundinamarca, los estudiantes salieron a las calles hasta llegar al Icetex, donde exigieron beneficio y apoyo a los j\u00f3venes para el acceso a la educaci\u00f3n superior.<\/p>\n\n\n\n<figure class=\"wp-block-image size-large\"><img loading=\"lazy\" decoding=\"async\" width=\"1024\" height=\"511\" src=\"https:\/\/nuevademocracia.com.co\/wp-content\/uploads\/2023\/04\/Protestas-suba.-28A.-Fb-Jeanpyerre-Rodriguez-1024x511.png\" alt=\"\" class=\"wp-image-25337\" srcset=\"https:\/\/nuevademocracia.com.co\/wp-content\/uploads\/2023\/04\/Protestas-suba.-28A.-Fb-Jeanpyerre-Rodriguez-1024x511.png 1024w, https:\/\/nuevademocracia.com.co\/wp-content\/uploads\/2023\/04\/Protestas-suba.-28A.-Fb-Jeanpyerre-Rodriguez-300x150.png 300w, https:\/\/nuevademocracia.com.co\/wp-content\/uploads\/2023\/04\/Protestas-suba.-28A.-Fb-Jeanpyerre-Rodriguez-768x383.png 768w, https:\/\/nuevademocracia.com.co\/wp-content\/uploads\/2023\/04\/Protestas-suba.-28A.-Fb-Jeanpyerre-Rodriguez.png 1325w\" sizes=\"auto, (max-width: 1024px) 100vw, 1024px\" \/><figcaption class=\"wp-element-caption\"><mark style=\"background-color:rgba(0, 0, 0, 0)\" class=\"has-inline-color has-black-color\">Protestas Suba. Foto: Facebook Jeanpyerre Rodriguez Oficial<\/mark><\/figcaption><\/figure>\n\n\n\n<p class=\"has-black-color has-text-color\">En medio de las manifestaciones hubo ataques al transmilenio, tambi\u00e9n a instalaciones de la prensa monop\u00f3lica, en concreto RCN y disturbios en diferentes lugares de la ciudad, principalmente en el centro. La UNDMO, unidad de di\u00e1logo y mantenimiento del orden, que en los hechos cumple las mismas funciones que el ESMAD, se hizo presente en varias zonas para reprimir a los manifestantes. Se reporta por lo menos un detenido en cercan\u00edas del Portal Resistencia. <\/p>\n\n\n\n<p class=\"has-black-color has-text-color\"><strong>Medell\u00edn<\/strong><\/p>\n\n\n\n<figure class=\"wp-block-image size-large\"><img loading=\"lazy\" decoding=\"async\" width=\"1024\" height=\"614\" src=\"https:\/\/nuevademocracia.com.co\/wp-content\/uploads\/2023\/04\/image-3-1024x614.png\" alt=\"\" class=\"wp-image-25338\" srcset=\"https:\/\/nuevademocracia.com.co\/wp-content\/uploads\/2023\/04\/image-3-1024x614.png 1024w, https:\/\/nuevademocracia.com.co\/wp-content\/uploads\/2023\/04\/image-3-300x180.png 300w, https:\/\/nuevademocracia.com.co\/wp-content\/uploads\/2023\/04\/image-3-768x461.png 768w, https:\/\/nuevademocracia.com.co\/wp-content\/uploads\/2023\/04\/image-3.png 1200w\" sizes=\"auto, (max-width: 1024px) 100vw, 1024px\" \/><figcaption class=\"wp-element-caption\">Foto. El tiempo<\/figcaption><\/figure>\n\n\n\n<p class=\"has-black-color has-text-color\">En Medell\u00edn hubo diversos puntos de concetraci\u00f3n en varias universidades: El polit\u00e9cnico Jaime Isaza Cadavid, la Universidad de Antioqu\u00eda (Udea) y la Universidad Nacional (Unal). Tambi\u00e9n hubo manifestantes del Instituto Tecnol\u00f3gico Metropolitano (ITM) y del Tecnol\u00f3gico de Antioquia (Tdea).<\/p>\n\n\n\n<p class=\"has-black-color has-text-color\">Al finalizar la jornada los manifestante bloquearon la Regional y las Vegas y el UNDMO (ESMAD), lleg\u00f3 para reprimir la protesta.<\/p>\n\n\n\n<p class=\"has-black-color has-text-color\">Compartimos un v\u00eddeo de la primera parte de la jornada en Medell\u00edn, al inicio de este art\u00edculo.<\/p>\n\n\n\n<p class=\"has-black-color has-text-color\"><strong>Bucaramanga y Cali<\/strong><\/p>\n\n\n\n<figure class=\"wp-block-image size-large\"><img loading=\"lazy\" decoding=\"async\" width=\"1024\" height=\"1024\" src=\"https:\/\/nuevademocracia.com.co\/wp-content\/uploads\/2023\/04\/343323093_196592939855524_1975484713957774890_n-1024x1024.jpg\" alt=\"\" class=\"wp-image-25339\" srcset=\"https:\/\/nuevademocracia.com.co\/wp-content\/uploads\/2023\/04\/343323093_196592939855524_1975484713957774890_n-1024x1024.jpg 1024w, https:\/\/nuevademocracia.com.co\/wp-content\/uploads\/2023\/04\/343323093_196592939855524_1975484713957774890_n-300x300.jpg 300w, https:\/\/nuevademocracia.com.co\/wp-content\/uploads\/2023\/04\/343323093_196592939855524_1975484713957774890_n-150x150.jpg 150w, https:\/\/nuevademocracia.com.co\/wp-content\/uploads\/2023\/04\/343323093_196592939855524_1975484713957774890_n-768x768.jpg 768w, https:\/\/nuevademocracia.com.co\/wp-content\/uploads\/2023\/04\/343323093_196592939855524_1975484713957774890_n.jpg 1080w\" sizes=\"auto, (max-width: 1024px) 100vw, 1024px\" \/><\/figure>\n\n\n\n<p class=\"has-black-color has-text-color\">En Cali y Bucaramanga hubo convocatorias a manifestaciones en conmemoraci\u00f3n del 28A y en la Universidad Industrial de Santander, el 27 de abril, hubo protestas y disturbios en relaci\u00f3n con la fecha conmemorativa.<\/p>\n\n\n\n<p class=\"has-black-color has-text-color\">Estas jornadas, en que m\u00e1s de mil personas al rededor del pa\u00eds salieron a manifestarse combativamente con conciencia de que no hemos alcanzado el cambio anhelado y de que necesitamos seguir luchando por nuestros derechos independientemente de qui\u00e9n est\u00e9 al mando de este viejo Estado, llenan de convicci\u00f3n a los revolucionarios y son una buena antesala del Primero de Mayo, d\u00eda internacional de la clase obrera, ocasi\u00f3n en la cual las clases populares de todo el mundo saldr\u00e1n a las calles a conmemorar la lucha por sus derechos y levantar sus banderas.&nbsp;&nbsp;<\/p>\n","protected":false},"excerpt":{"rendered":"<p>El 28 de abril del 2023, se conmemoraron 2 a\u00f1os del Gran Levantamiento Popular que conmocion\u00f3 al pa\u00eds y que sirvi\u00f3 como escuela de lucha independiente y combativa por los derechos del pueblo para las clases populares de Colombia. Motivos de la conmemoraci\u00f3n El Gran Levantamiento Popular es un suceso que quedar\u00e1 imborrable en las [&hellip;]<\/p>\n","protected":false},"author":1,"featured_media":25338,"comment_status":"open","ping_status":"open","sticky":false,"template":"","format":"standard","meta":{"footnotes":""},"categories":[16,4],"tags":[44,123,28,18,41],"class_list":["post-25332","post","type-post","status-publish","format-standard","has-post-thumbnail","hentry","category-carrusel","category-colombia","tag-criminalizacion-a-la-protesta","tag-gran-levantamiento-popular","tag-juventud","tag-protestas","tag-represion-estatal"],"blocksy_meta":[],"_links":{"self":[{"href":"https:\/\/nuevademocracia.com.co\/index.php?rest_route=\/wp\/v2\/posts\/25332","targetHints":{"allow":["GET"]}}],"collection":[{"href":"https:\/\/nuevademocracia.com.co\/index.php?rest_route=\/wp\/v2\/posts"}],"about":[{"href":"https:\/\/nuevademocracia.com.co\/index.php?rest_route=\/wp\/v2\/types\/post"}],"author":[{"embeddable":true,"href":"https:\/\/nuevademocracia.com.co\/index.php?rest_route=\/wp\/v2\/users\/1"}],"replies":[{"embeddable":true,"href":"https:\/\/nuevademocracia.com.co\/index.php?rest_route=%2Fwp%2Fv2%2Fcomments&post=25332"}],"version-history":[{"count":9,"href":"https:\/\/nuevademocracia.com.co\/index.php?rest_route=\/wp\/v2\/posts\/25332\/revisions"}],"predecessor-version":[{"id":25349,"href":"https:\/\/nuevademocracia.com.co\/index.php?rest_route=\/wp\/v2\/posts\/25332\/revisions\/25349"}],"wp:featuredmedia":[{"embeddable":true,"href":"https:\/\/nuevademocracia.com.co\/index.php?rest_route=\/wp\/v2\/media\/25338"}],"wp:attachment":[{"href":"https:\/\/nuevademocracia.com.co\/index.php?rest_route=%2Fwp%2Fv2%2Fmedia&parent=25332"}],"wp:term":[{"taxonomy":"category","embeddable":true,"href":"https:\/\/nuevademocracia.com.co\/index.php?rest_route=%2Fwp%2Fv2%2Fcategories&post=25332"},{"taxonomy":"post_tag","embeddable":true,"href":"https:\/\/nuevademocracia.com.co\/index.php?rest_route=%2Fwp%2Fv2%2Ftags&post=25332"}],"curies":[{"name":"wp","href":"https:\/\/api.w.org\/{rel}","templated":true}]}}