{"id":25350,"date":"2023-04-30T13:47:00","date_gmt":"2023-04-30T18:47:00","guid":{"rendered":"https:\/\/nuevademocracia.com.co\/?p=25350"},"modified":"2024-07-10T13:48:47","modified_gmt":"2024-07-10T18:48:47","slug":"tiempos-turbulentos-tiempos-de-rebelion","status":"publish","type":"post","link":"https:\/\/nuevademocracia.com.co\/?p=25350","title":{"rendered":"Editorial &#8211; Tiempos turbulentos, tiempos de rebeli\u00f3n"},"content":{"rendered":"\n<figure class=\"wp-block-image size-full\"><img loading=\"lazy\" decoding=\"async\" width=\"980\" height=\"688\" src=\"https:\/\/nuevademocracia.com.co\/wp-content\/uploads\/2023\/04\/image-4.png\" alt=\"\" class=\"wp-image-25351\" srcset=\"https:\/\/nuevademocracia.com.co\/wp-content\/uploads\/2023\/04\/image-4.png 980w, https:\/\/nuevademocracia.com.co\/wp-content\/uploads\/2023\/04\/image-4-300x211.png 300w, https:\/\/nuevademocracia.com.co\/wp-content\/uploads\/2023\/04\/image-4-768x539.png 768w\" sizes=\"auto, (max-width: 980px) 100vw, 980px\" \/><figcaption class=\"wp-element-caption\"><em><mark style=\"background-color:rgba(0, 0, 0, 0)\" class=\"has-inline-color has-black-color\">Un manifestante liban\u00e9s muestra una hoz y un martillo, s\u00edmbolo del comunismo, durante la manifestaci\u00f3n del Primero de Mayo en Beirut (2012).<\/mark><\/em> Foto. <strong>SHARIF KARIM<\/strong>\u00a0REUTERS<\/figcaption><\/figure>\n\n\n\n<p class=\"has-black-color has-text-color\">Con ocasi\u00f3n del Primero de Mayo, d\u00eda internacional de la clase obrera y del pueblo laborioso, el peri\u00f3dico Nueva Democracia quiere expresar un caluroso y fraterno saludo al proletariado y los pueblos del mundo y de Colombia en particular, reafirmando que nuestras p\u00e1ginas ser\u00e1n siempre tribuna del pueblo para difundir sus luchas, defender sus derechos, desenmascarar a sus opresores y falsos amigos, y elevar la conciencia de que el camino hacia la verdadera libertad y felicidad para el pueblo y la naci\u00f3n pasan en nuestro pa\u00eds por la revoluci\u00f3n de Nueva democracia.<\/p>\n\n\n\n<p class=\"has-black-color has-text-color\">En este art\u00edculo queremos exponer nuestras respuestas a algunas preguntas que rondan el movimiento popular. Estas son: \u00bfPor qu\u00e9 el mundo hoy esta convulsionado por crisis, grandes levantamientos de masas, guerras locales y amenazas de guerra mundial? \u00bfPor qu\u00e9 la mayor\u00eda del pueblo colombiano vive en la pobreza? \u00bfPor qu\u00e9, a pesar del gran estallido social de 2021, esta situaci\u00f3n no cambi\u00f3? \u00bfRepresenta el nuevo gobierno el cambio para el pueblo? La respuesta a estas preguntas nos demanda un an\u00e1lisis de fondo.<\/p>\n\n\n\n<p class=\"has-black-color has-text-color\">Comencemos por dirigir la mirada hacia el mundo. Vemos que no pasa un solo d\u00eda sin que se anuncien noticias que dan cuenta de los tiempos turbulentos en que vivimos: gigantescas manifestaciones del pueblo en Francia, Alemania, etc; sangrientas batallas de la guerra en Ucrania; desplomes de megabancos como el <em>Silicon Valley<\/em> y el <em>Credit suisse<\/em>; acciones de la guerra popular en India y otros pa\u00edses; amenazas de guerra nuclear y demostraciones militares entre el imperialismo yanqui y el imperialismo chino; f\u00e9rrea resistencia palestina y reconfiguraci\u00f3n de las fuerzas del medio oriente; raqu\u00edtico crecimiento de la econom\u00eda mundial e imparable aumento de la inflaci\u00f3n, el desempleo y la pobreza; decenas de migrantes muertos a las puertas de Europa y Estados Unidos en su desesperada b\u00fasqueda de una vida digna; aumento vertiginoso de los presupuestos militares de las potencias mundiales; agudizaci\u00f3n de la lucha campesina en Brasil, M\u00e9xico, etc.<\/p>\n\n\n\n<figure class=\"wp-block-image\"><img decoding=\"async\" src=\"https:\/\/cloudfront-us-east-1.images.arcpublishing.com\/infobae\/TOE4QVOILDMR7IHTZLWDPNM53M.jpg\" alt=\"Los veh\u00edculos militares de la Fuerza Terrestre bajo el Comando de Teatro del Este del Ej\u00e9rcito Popular de Liberaci\u00f3n (EPL) de China participan en una patrulla de preparaci\u00f3n para el combate y ejercicios de &quot;Espada Conjunta&quot; alrededor de Taiw\u00e1n, en un lugar no revelado en China en esta imagen del folleto publicada el 8 de abril de 2023 Comando del Teatro del Este\/Folleto a trav\u00e9s de REUTERS. \n\"\/><figcaption class=\"wp-element-caption\"><mark style=\"background-color:rgba(0, 0, 0, 0)\" class=\"has-inline-color has-black-color\"><em><sup>Los veh\u00edculos militares de la Fuerza Terrestre bajo el Comando de Teatro del Este del Ej\u00e9rcito Popular de Liberaci\u00f3n (EPL) de China participan en una patrulla de preparaci\u00f3n para el combate y ejercicios de \u00abEspada Conjunta\u00bb alrededor de Taiw\u00e1n, en un lugar no revelado en China en esta imagen del folleto publicada el 8 de abril de 2023 Comando del Teatro del Este\/Folleto a trav\u00e9s de REUTERS.<\/sup><\/em><\/mark><\/figcaption><\/figure>\n\n\n\n<p class=\"has-black-color has-text-color\">Dar respuesta a la primera pregunta que nos hicimos al principio, requiere analizar la \u00e9poca y el momento por el que el mundo pasa. Como lo explic\u00f3 Lenin, vivimos en la \u00e9poca del imperialismo, esto es, en la fase superior y \u00faltima del capitalismo, en que el capital, al llegar a un alto grado de acumulaci\u00f3n y concentraci\u00f3n en unos pocos pa\u00edses industrialmente desarrollados y hacerse con el monopolio en todas las ramas importantes de la econom\u00eda (especialmente como capital financiero), se export\u00f3 a los muchos pa\u00edses atrasados y paso progresivamente a dominar la econom\u00eda y pol\u00edtica mundial. Es por eso que el mundo hoy se caracteriza por estar profundamente dividido entre un pu\u00f1ado de potencias imperialistas y un mont\u00f3n de pa\u00edses oprimidos por estas potencias. Dentro de esta \u00e9poca, vivimos un momento de profundizaci\u00f3n de la crisis de este sistema imperialista, de agudizaci\u00f3n de todas sus inherentes contradicciones.&nbsp;<\/p>\n\n\n\n<p class=\"has-black-color has-text-color\">Quiebra de grandes bancos, \u00ednfimo crecimiento econ\u00f3mico, inflaci\u00f3n, desempleo y pobreza desbordados son manifestaciones de ese agravamiento de la crisis que vive el imperialismo y c\u00f3mo este busca poner a pagar su crisis a las clases trabajadoras en general y especialmente a los pueblos del tercer mundo. De ah\u00ed que las masas busquen salidas: desde migrar hacia los pa\u00edses imperialistas en busca de un trabajo para ganarse la vida, tomarse las calles en manifestaciones y huelgas como est\u00e1 pasando en Europa, hasta llegar a emprender guerras del pueblo contra el imperialismo y sus socios locales como sucede en la India y otros pa\u00edses.<\/p>\n\n\n\n<p class=\"has-black-color has-text-color\">Pero tambi\u00e9n el imperialismo como sistema explotador y la profundizaci\u00f3n de su crisis se manifiestan en la rebati\u00f1a de las potencias por las naciones oprimidas, en la lucha entre los diferentes imperialistas por la hegemon\u00eda mundial. Eso es lo que explica el porqu\u00e9 de la acelerada carrera armamentista, que los yanquis y chinos se muestren cada vez m\u00e1s los dientes, as\u00ed como la invasi\u00f3n a Ucrania por el imperialismo ruso y la contienda entre este por un lado, y Estados Unidos y varias otras potencias imperialistas, por el otro. Pero los pueblos se oponen a esta rebati\u00f1a y a la guerra por la hegemon\u00eda mundial: no hace mucho tiempo la resistencia del pueblo afgano expuls\u00f3 a los yanquis invasores, hoy el pueblo ucraniano despliega una heroica resistencia contra el ruso agresor; adem\u00e1s, los pueblos del mundo rechazan una nueva guerra mundial, no quieren una tercera gran matanza entre pueblos hermanos.<\/p>\n\n\n\n<p class=\"has-black-color has-text-color\">Ahora miremos hacia Colombia. No podr\u00edamos como pa\u00eds ser ajenos a esta configuraci\u00f3n que tom\u00f3 el mundo. Los hechos econ\u00f3micos, pol\u00edticos y militares de la sociedad colombiana hunden sus ra\u00edces en el proceso de formaci\u00f3n de la naci\u00f3n entrabado por el imperialismo, principalmente yanqui. Si queremos entender cu\u00e1l es la causa de que haya tanta desigualdad y pobreza en Colombia, si queremos saber por qu\u00e9 unas cuantas familias monopolizan la tierra, la industria, el comercio y la banca y sobre esta base ejercen su dominaci\u00f3n, mientras que la inmensa mayor\u00eda del pueblo tiene solo su fuerza de trabajo o un peque\u00f1o o mediano pedazo de tierra o negocio y carece de una verdadera democracia, tenemos necesariamente que volver la mirada atr\u00e1s para entender el origen de nuestra formaci\u00f3n social.<\/p>\n\n\n\n<figure class=\"wp-block-image\"><img decoding=\"async\" src=\"https:\/\/files.rcnradio.com\/styles\/image800x600\/public\/2020-10\/pobr_4_0.jpg.webp?VersionId=LdPBlyFoZ2h9mOAJt76EaUBH3rkg6ZjL&amp;itok=OkTz0FKc\" alt=\"Pobreza en Colombia\"\/><figcaption class=\"wp-element-caption\"><mark style=\"background-color:rgba(0, 0, 0, 0)\" class=\"has-inline-color has-black-color\">Foto. AFP<\/mark><\/figcaption><\/figure>\n\n\n\n<p class=\"has-black-color has-text-color\">Gracias a la valiente y tenaz lucha de nuestro pueblo, en el siglo XIX nos liberamos de ser colonia espa\u00f1ola, pero los terratenientes y grandes comerciantes que dirigieron la independencia, acapararon las tierras y riquezas del pa\u00eds y formaron un Estado que garantiz\u00f3 la continuidad de su privilegios y que se pleg\u00f3 al capitalismo ingl\u00e9s, potencia que pas\u00f3 entonces a dominarnos, aunque de otra forma, como una semicolonia: ten\u00edamos formalmente una independencia pol\u00edtica pero en la realidad Inglaterra nos somet\u00eda econ\u00f3mica y pol\u00edticamente.<\/p>\n\n\n\n<p class=\"has-black-color has-text-color\">A principios del siglo XX, cuando el capitalismo devino imperialismo, Estados Unidos desplaz\u00f3 a los ingleses como principal potencia que domina nuestro pa\u00eds. Por una parte, con el impulso de capitales imperialistas y capitales acumulados por los grandes burgueses y terratenientes \u201ccolombianos\u201d, se montaron grandes empresas y bancos que fueron monopolizando los principales renglones de la econom\u00eda (capitalismo burocr\u00e1tico) y asfixiando as\u00ed -hasta nuestros d\u00edas- el desarrollo de la industria, el agro y el comercio nacional y, por otra parte, estos grandes ricos endeudaron la naci\u00f3n con el imperialismo, y desde entonces hasta hoy esa \u201cdeuda externa\u201d se convirti\u00f3 en instrumento de chantaje y dominaci\u00f3n. El Estado colombiano, fundado y construido al servicio de estos grandes burgueses y terratenientes, socios y lacayos del imperialismo, se ha encargado durante su historia de definir y aplicar leyes, \u201cjusticia\u201d y violencia que garanticen la opresi\u00f3n pol\u00edtica y la explotaci\u00f3n econ\u00f3mica del pueblo colombiano por parte de estas clases dominantes y su amo yanqui.&nbsp;<\/p>\n\n\n\n<p class=\"has-black-color has-text-color\">Por eso decimos que Colombia hoy es un pa\u00eds con un capitalismo burocr\u00e1tico, es decir, un capitalismo en que el gran capital domina la econom\u00eda del pa\u00eds y la vida del pueblo, en que la tierra sigue acaparada en manos de terratenientes, mientras millones de campesinos no tienen o tienen poca tierra, en que la naci\u00f3n no obtuvo su independencia, contin\u00faa atrasada, dominada y saqueada por el imperialismo.<\/p>\n\n\n\n<figure class=\"wp-block-image\"><img decoding=\"async\" src=\"blob:https:\/\/nuevademocracia.com.co\/ce44b454-2f03-4fca-9b37-c2503cff80dd\" alt=\"Campesinos - Mostra Internacional de Films de Dones de Barcelona\"\/><\/figure>\n\n\n\n<figure class=\"wp-block-image aligncenter size-full is-resized\"><img loading=\"lazy\" decoding=\"async\" src=\"https:\/\/nuevademocracia.com.co\/wp-content\/uploads\/2023\/04\/image-1.jpeg\" alt=\"\" class=\"wp-image-25353\" width=\"645\" height=\"233\" srcset=\"https:\/\/nuevademocracia.com.co\/wp-content\/uploads\/2023\/04\/image-1.jpeg 374w, https:\/\/nuevademocracia.com.co\/wp-content\/uploads\/2023\/04\/image-1-300x108.jpeg 300w\" sizes=\"auto, (max-width: 645px) 100vw, 645px\" \/><figcaption class=\"wp-element-caption\"><mark style=\"background-color:rgba(0, 0, 0, 0)\" class=\"has-inline-color has-black-color\">Campesinos. Marta Rodriguez<\/mark><\/figcaption><\/figure>\n\n\n\n<p class=\"has-black-color has-text-color\">Entendiendo ese proceso de la sociedad colombiana, ese car\u00e1cter de sociedad semifeudal, semicolonial, con un capitalismo burocr\u00e1tico, es que podemos comprender los principales acontecimientos del siglo XX hasta la actualidad y tambi\u00e9n vamos a poder avanzar como pueblo en la lucha por nuestros derechos y por la independencia y desarrollo de la naci\u00f3n.<\/p>\n\n\n\n<p class=\"has-black-color has-text-color\">Hechos destacados como: una mayor\u00eda de gente en el campo viviendo en la pobreza, una buena parte de los alimentos se importan, la existencia de guerrillas durante los \u00faltimos 70 a\u00f1os, los dos grandes paros agrarios de la \u00faltima d\u00e9cada, las mingas ind\u00edgenas, la \u00faltima oleada de tomas de tierra a fines del a\u00f1o pasado y en general la permanente lucha del campesinado por la tierra, tienen como causa fundamental la semifeudalidad, el problema de la tierra, su acaparamiento por grandes latifundistas y su negaci\u00f3n a millones de campesinos. Y todo esto se ha mantenido as\u00ed con la venia del viejo Estado, pues, como dec\u00edamos antes, los terratenientes han sido miembros fundadores y constructores de ese Estado, que en consecuencia se estructura y funciona en favor de sus intereses y en contra de los intereses del campesino sediento de tierra para trabajar.<\/p>\n\n\n\n<p class=\"has-black-color has-text-color\">La cotidianidad de nuestro pa\u00eds, esto es, el alto desempleo y pobreza, los bajos salarios, la p\u00e9sima salud y educaci\u00f3n para el pueblo, el permanente amordazamiento de la peque\u00f1a y mediana industria y comercio, la alta informalidad laboral, etc., tienen como causa com\u00fan el que la econom\u00eda y la pol\u00edtica del pa\u00eds se han establecido para servir, adem\u00e1s de a los terratenientes, al imperialismo y a las grandes empresas de capital burocr\u00e1tico. Estos grandes capitales monopolizan las principales ramas de la econom\u00eda impidiendo el progreso de la industria nacional, el Estado endeudado con el imperialismo sigue las pol\u00edticas econ\u00f3micas que este orienta a trav\u00e9s del FMI, BM, OCDE, etc. Sin tierra para quien la trabaja y sin pr\u00f3spera industria nacional pulula el desempleo, la informalidad y los bajos salarios, lo que se traduce en amplia pobreza.<\/p>\n\n\n\n<p class=\"has-black-color has-text-color\">Analizando las profundas causas hist\u00f3ricas de que nuestro pa\u00eds sea oprimido y nuestra gente viva en la pobreza, tambi\u00e9n vamos obteniendo respuestas a las otras preguntas que nos hicimos comenzando este art\u00edculo<\/p>\n\n\n\n<p class=\"has-black-color has-text-color\">\u00bfPor qu\u00e9 el pueblo no logr\u00f3 cambiar esta cruda realidad con el gran levantamiento popular? Pensamos que la causa principal de que las masas no hayan logrado cambiar de ra\u00edz la sociedad con el gran levantamiento popular es que, aunque son mayor\u00eda, aun les falta m\u00e1s conciencia pol\u00edtica y est\u00e1n desorganizadas, mientras que sus opresores, aunque son minor\u00eda, est\u00e1n altamente organizados, tienen un Estado con ej\u00e9rcito, leyes y dem\u00e1s instituciones a su servicio. Para que esta correlaci\u00f3n de fuerzas cambie, el pueblo tiene que desenvolver una larga lucha que vaya fortaleciendo sus filas y debilitando las de los enemigos y falsos amigos. \u00bfC\u00f3mo ser\u00e1 en concreto este camino? eso es algo que en medio de la lucha debe discutir y acordar el mismo pueblo.<\/p>\n\n\n\n<p><\/p>\n\n\n\n<p class=\"has-black-color has-text-color\">Finalmente la respuesta a la \u00faltima pregunta \u00bfRepresenta el nuevo gobierno el cambio para el pueblo? En primer lugar, con nueve meses de gobierno se evidencia que para el pueblo nada ha cambiado para bien, antes la situaci\u00f3n ha empeorado. En segundo lugar, los hechos hist\u00f3ricos demuestran que el Estado colombiano ha sido siempre el instrumento de poder pol\u00edtico de las clases due\u00f1as de las tierras y los grandes capitales, esto es, de los terratenientes y grandes burgueses, y que ning\u00fan gobierno de turno, aunque cambie su forma de gobernar, le ha cambiado su car\u00e1cter. Por \u00faltimo, aunque quienes conservan la ilusi\u00f3n en el nuevo gobierno pudieran decir que ahora s\u00ed va a haber cambios porque este es el primer gobierno de \u201cizquierda\u201d en nuestro pa\u00eds, no hay que ir muy lejos para ver estas experiencias y encontrar respuestas: en todos los pa\u00edses de Am\u00e9rica Latina que ha habido o hay presidentes que tambi\u00e9n se dicen de izquierda no ha cambiado nada para bien del pueblo, siguen siendo naciones oprimidas y pobres.<\/p>\n\n\n\n<p><\/p>\n\n\n\n<p class=\"has-black-color has-text-color\">Para quien conozca un poco el papel que ha jugado el imperialismo yanqui en el mundo, es evidente que no es posible, como dice el nuevo gobierno, realizar una reforma agraria \u201cde la mano de los Estados Unidos\u201d ni de la de los terratenientes como Jose Felix Lafaurie;&nbsp; tampoco es posible que Estados Unidos traiga \u201cprosperidad econ\u00f3mica en las Am\u00e9ricas\u201d como declar\u00f3 Petro en su reciente viaje a Estados Unidos. Por el contrario, la prosperidad de Colombia y de Am\u00e9rica Latina, sus reformas agrarias exigen que el pueblo destruya el latifundio y expulse al imperialismo yanqui de nuestro pa\u00eds por medio de una revoluci\u00f3n antimperialista y antifeudal, una revoluci\u00f3n de nueva democracia.<\/p>\n","protected":false},"excerpt":{"rendered":"<p>Con ocasi\u00f3n del Primero de Mayo, d\u00eda internacional de la clase obrera y del pueblo laborioso, el peri\u00f3dico Nueva Democracia quiere expresar un caluroso y fraterno saludo al proletariado y los pueblos del mundo y de Colombia en particular, reafirmando que nuestras p\u00e1ginas ser\u00e1n siempre tribuna del pueblo para difundir sus luchas, defender sus derechos, [&hellip;]<\/p>\n","protected":false},"author":1,"featured_media":25351,"comment_status":"open","ping_status":"open","sticky":false,"template":"","format":"standard","meta":{"footnotes":""},"categories":[16,4,10,116,31],"tags":[32,39,124,18],"class_list":["post-25350","post","type-post","status-publish","format-standard","has-post-thumbnail","hentry","category-carrusel","category-colombia","category-editorial","category-imperialismo","category-internacional","tag-imperialismo","tag-internacionalismo","tag-proletariado","tag-protestas"],"blocksy_meta":[],"_links":{"self":[{"href":"https:\/\/nuevademocracia.com.co\/index.php?rest_route=\/wp\/v2\/posts\/25350","targetHints":{"allow":["GET"]}}],"collection":[{"href":"https:\/\/nuevademocracia.com.co\/index.php?rest_route=\/wp\/v2\/posts"}],"about":[{"href":"https:\/\/nuevademocracia.com.co\/index.php?rest_route=\/wp\/v2\/types\/post"}],"author":[{"embeddable":true,"href":"https:\/\/nuevademocracia.com.co\/index.php?rest_route=\/wp\/v2\/users\/1"}],"replies":[{"embeddable":true,"href":"https:\/\/nuevademocracia.com.co\/index.php?rest_route=%2Fwp%2Fv2%2Fcomments&post=25350"}],"version-history":[{"count":2,"href":"https:\/\/nuevademocracia.com.co\/index.php?rest_route=\/wp\/v2\/posts\/25350\/revisions"}],"predecessor-version":[{"id":26542,"href":"https:\/\/nuevademocracia.com.co\/index.php?rest_route=\/wp\/v2\/posts\/25350\/revisions\/26542"}],"wp:featuredmedia":[{"embeddable":true,"href":"https:\/\/nuevademocracia.com.co\/index.php?rest_route=\/wp\/v2\/media\/25351"}],"wp:attachment":[{"href":"https:\/\/nuevademocracia.com.co\/index.php?rest_route=%2Fwp%2Fv2%2Fmedia&parent=25350"}],"wp:term":[{"taxonomy":"category","embeddable":true,"href":"https:\/\/nuevademocracia.com.co\/index.php?rest_route=%2Fwp%2Fv2%2Fcategories&post=25350"},{"taxonomy":"post_tag","embeddable":true,"href":"https:\/\/nuevademocracia.com.co\/index.php?rest_route=%2Fwp%2Fv2%2Ftags&post=25350"}],"curies":[{"name":"wp","href":"https:\/\/api.w.org\/{rel}","templated":true}]}}