{"id":25356,"date":"2023-05-02T21:32:38","date_gmt":"2023-05-03T02:32:38","guid":{"rendered":"https:\/\/nuevademocracia.com.co\/?p=25356"},"modified":"2024-03-04T16:31:04","modified_gmt":"2024-03-04T21:31:04","slug":"homenaje-en-conmemoracion-del-1ro-de-mayo-en-medellin","status":"publish","type":"post","link":"https:\/\/nuevademocracia.com.co\/?p=25356","title":{"rendered":"Homenaje en conmemoraci\u00f3n del 1ro. de Mayo en Medell\u00edn"},"content":{"rendered":"\n<p class=\"has-black-color has-text-color\">El Movimiento de Estudiantes al Servicio del Pueblo, el Movimiento Femenino Popular, la Liga Juvenil Revolucionaria y el Movimiento de Trabajadores con Consciencia de Clase; el pasado Primero de Mayo presentaron en la ciudad de Medell\u00edn un homenaje a los s\u00edmbolos del proletariado. Dichas organizaciones han enviado un correo a Nueva Democracia, con una cr\u00f3nica de los hechos para que fuese compartida con nuestra audiencia. A su vez nuestro peri\u00f3dico tom\u00f3 registro del suceso.<\/p>\n\n\n\n<p class=\"has-black-color has-text-color\">A continuaci\u00f3n presentamos un v\u00eddeo del homenaje acompa\u00f1ado de la mencionada cr\u00f3nica (el d\u00eda de ma\u00f1ana presentaremos un nuevo art\u00edculo con contenga el conjunto de toda la jornada junto con un nuevo v\u00eddeo).<\/p>\n\n\n\n<figure class=\"wp-block-embed is-type-video is-provider-youtube wp-block-embed-youtube wp-embed-aspect-16-9 wp-has-aspect-ratio\"><div class=\"wp-block-embed__wrapper\">\n<iframe loading=\"lazy\" title=\"Acto de apertura del Primero de Mayo. Medell\u00edn.\" width=\"1290\" height=\"726\" src=\"https:\/\/www.youtube.com\/embed\/f8Ekh6Yf8tM?feature=oembed\" frameborder=\"0\" allow=\"accelerometer; autoplay; clipboard-write; encrypted-media; gyroscope; picture-in-picture; web-share\" referrerpolicy=\"strict-origin-when-cross-origin\" allowfullscreen><\/iframe>\n<\/div><\/figure>\n\n\n\n<p><\/p>\n\n\n\n<p class=\"has-black-color has-text-color\"><em>Lo primero que se vislumbr\u00f3 fue la imagen de tres grandes fotograf\u00edas: los maestros del proletariado nos observaban desde los estandartes sostenidos por estos j\u00f3venes. Debajo una tela roja con el martillo y la hoz a la esquina. En filas diagonales, muchachos y muchachas portando altas banderas que se izaban gloriosas. Una bengala se encendi\u00f3. El humo, rojo como la sangre de los comuneros asesinados en Par\u00eds y la de todos los que han dado la vida por conquistar la felicidad del pueblo, ocup\u00f3 el espacio circundante. Ya un buen n\u00famero de obreros se hab\u00edan apostado al rededor. \u00c9ste humo rojo los abrazaba. El himno de la clase obrera: la internacional, empez\u00f3 a sonar, las banderas empezaron a hondear frente a Marx, frente al gran Lenin y frente al Presidente Mao. Los obreros presentes, cobijados por aquel humo rojo, cobijados por aquel esp\u00edritu rojo, entonaron su himno pu\u00f1o en alto, ojos emocionados y coraz\u00f3n henchido, como hace mucho no ocurr\u00eda en el d\u00eda internacional de la clase obrera en nuestra ciudad. Fue realmente un honor poder haber presenciado y poder haber hecho parte de tal acontecimiento junto a nuestra clase.<\/em><\/p>\n\n\n\n<p class=\"has-black-color has-text-color\"><em>Los j\u00f3venes, j\u00f3venes revolucionarios, explicaron el por qu\u00e9 de su homenaje, quer\u00edan entregar al movimiento obrero sus s\u00edmbolos con una profundidad renovada: la roja bandera que es nuestra desde que se iz\u00f3 en la comuna de Par\u00eds, los maestros del proletariado que nos han dotado con armas para conquistar un mundo nuevo, sin explotaci\u00f3n ni opresi\u00f3n, el martillo y la hoz s\u00edmbolo de la alianza entre los obreros y los campesinos, s\u00edmbolo de las clases populares, que con su piel, con su sudor y su trabajo han construido todo. De ellos es el presente y de ellos es el futuro.<\/em><\/p>\n\n\n\n<p class=\"has-black-color has-text-color\"><em>Los muchachos dejaron tambi\u00e9n claro que s\u00f3lo existen dos bandos: los explotadores y opresores, cabezas de este Estado Gran Burgu\u00e9s Terrateniente, al servicio del imperialismo por un lado y el del resto de las clases populares por el otro. Que es necesario para el pueblo mantener en sus organizaciones sociales y en sus luchas reivindicativas la independencia de clase y que es s\u00f3lo confiando en sus propias fuerzas como podr\u00e1n conquistar sus derechos.<\/em><\/p>\n\n\n\n<p class=\"has-black-color has-text-color\"><em>La tradicional burocracia sindical y todos los oportunistas se siente due\u00f1os y se\u00f1ores de las masas y de sus luchas, s\u00f3lo utilizan la movilizaci\u00f3n social para catapultar sus intereses y temen que las clases populares retomen el sendero que a trav\u00e9s de la historia les ha sido marcado. Contrario a esas oscuras pretensiones, en aquel acto se plante\u00f3 con firmeza que el camino revolucionario es la \u00fanica senda por la que debe andar el pueblo. Los oportunistas quisieran ocultar de los ojos de las masas aquellos s\u00edmbolos que representan este \u00fanico camino, los j\u00f3venes revolucionarios los trajeron a la luz y dotaron de car\u00e1cter proletario la pasada conmemoraci\u00f3n del Primero de Mayo en Medell\u00edn. Por \u00faltimo entonaron la canci\u00f3n: la joven guardia, como una declaraci\u00f3n del compromiso de unidad entre la juventud y la clase obrera.<\/em><\/p>\n","protected":false},"excerpt":{"rendered":"<p>El Movimiento de Estudiantes al Servicio del Pueblo, el Movimiento Femenino Popular, la Liga Juvenil Revolucionaria y el Movimiento de Trabajadores con Consciencia de Clase; el pasado Primero de Mayo presentaron en la ciudad de Medell\u00edn un homenaje a los s\u00edmbolos del proletariado. Dichas organizaciones han enviado un correo a Nueva Democracia, con una cr\u00f3nica [&hellip;]<\/p>\n","protected":false},"author":1,"featured_media":25358,"comment_status":"open","ping_status":"open","sticky":false,"template":"","format":"standard","meta":{"footnotes":""},"categories":[16,4,116,31,134],"tags":[32,39,28,18],"class_list":["post-25356","post","type-post","status-publish","format-standard","has-post-thumbnail","hentry","category-carrusel","category-colombia","category-imperialismo","category-internacional","category-nueva-cultura","tag-imperialismo","tag-internacionalismo","tag-juventud","tag-protestas"],"blocksy_meta":[],"_links":{"self":[{"href":"https:\/\/nuevademocracia.com.co\/index.php?rest_route=\/wp\/v2\/posts\/25356","targetHints":{"allow":["GET"]}}],"collection":[{"href":"https:\/\/nuevademocracia.com.co\/index.php?rest_route=\/wp\/v2\/posts"}],"about":[{"href":"https:\/\/nuevademocracia.com.co\/index.php?rest_route=\/wp\/v2\/types\/post"}],"author":[{"embeddable":true,"href":"https:\/\/nuevademocracia.com.co\/index.php?rest_route=\/wp\/v2\/users\/1"}],"replies":[{"embeddable":true,"href":"https:\/\/nuevademocracia.com.co\/index.php?rest_route=%2Fwp%2Fv2%2Fcomments&post=25356"}],"version-history":[{"count":2,"href":"https:\/\/nuevademocracia.com.co\/index.php?rest_route=\/wp\/v2\/posts\/25356\/revisions"}],"predecessor-version":[{"id":25360,"href":"https:\/\/nuevademocracia.com.co\/index.php?rest_route=\/wp\/v2\/posts\/25356\/revisions\/25360"}],"wp:featuredmedia":[{"embeddable":true,"href":"https:\/\/nuevademocracia.com.co\/index.php?rest_route=\/wp\/v2\/media\/25358"}],"wp:attachment":[{"href":"https:\/\/nuevademocracia.com.co\/index.php?rest_route=%2Fwp%2Fv2%2Fmedia&parent=25356"}],"wp:term":[{"taxonomy":"category","embeddable":true,"href":"https:\/\/nuevademocracia.com.co\/index.php?rest_route=%2Fwp%2Fv2%2Fcategories&post=25356"},{"taxonomy":"post_tag","embeddable":true,"href":"https:\/\/nuevademocracia.com.co\/index.php?rest_route=%2Fwp%2Fv2%2Ftags&post=25356"}],"curies":[{"name":"wp","href":"https:\/\/api.w.org\/{rel}","templated":true}]}}