{"id":25364,"date":"2023-05-04T13:36:33","date_gmt":"2023-05-04T18:36:33","guid":{"rendered":"https:\/\/nuevademocracia.com.co\/?p=25364"},"modified":"2024-03-04T16:31:23","modified_gmt":"2024-03-04T21:31:23","slug":"exitosa-jornada-de-conmemoracion-del-primero-de-mayo-dia-de-lucha-de-la-clase-obrera-en-medellin","status":"publish","type":"post","link":"https:\/\/nuevademocracia.com.co\/?p=25364","title":{"rendered":"Exitosa jornada de conmemoraci\u00f3n del Primero de Mayo, d\u00eda de lucha de la clase obrera, en Medell\u00edn"},"content":{"rendered":"\n<figure class=\"wp-block-embed is-type-video is-provider-youtube wp-block-embed-youtube wp-embed-aspect-16-9 wp-has-aspect-ratio\"><div class=\"wp-block-embed__wrapper\">\n<iframe loading=\"lazy\" title=\"Movilizaci\u00f3n del 1ro de Mayo en Medell\u00edn (2023)\" width=\"1290\" height=\"726\" src=\"https:\/\/www.youtube.com\/embed\/UBiq8rq-eS8?feature=oembed\" frameborder=\"0\" allow=\"accelerometer; autoplay; clipboard-write; encrypted-media; gyroscope; picture-in-picture; web-share\" referrerpolicy=\"strict-origin-when-cross-origin\" allowfullscreen><\/iframe>\n<\/div><\/figure>\n\n\n\n<p class=\"has-black-color has-text-color\">El pasado primero de mayo se llev\u00f3 a cabo en la ciudad de Medell\u00edn una marcha en conmemoraci\u00f3n del primero de mayo, d\u00eda internacional de la clase obrera. Esto se dio en medio a los llamados de movilizaci\u00f3n que hizo Gustavo Petro y de los cuales hicieron eco las organizaciones burocr\u00e1ticas y los dirigentes burocr\u00e1ticos de diferentes organizaciones sociales.<\/p>\n\n\n\n<p class=\"has-black-color has-text-color\">Las razones que planteaba el actual presidente del pa\u00eds para salir a marchar era apoyo al gobierno y presi\u00f3n para lograr la aprobaci\u00f3n de las reformas que \u00e9ste propone. La aprobaci\u00f3n de dichas reformas, se ha visto entrabada por la oposici\u00f3n de los partidos que representan una facci\u00f3n de la gran burgues\u00eda en el pa\u00eds, que pugna con otra facci\u00f3n de la burgues\u00eda a la cual Petro representa. En s\u00edntesis la dificultad para la aprobaci\u00f3n de dichas reformas son un signo de la pugna entre estas facciones de las clases dominantes.<\/p>\n\n\n\n<p class=\"has-black-color has-text-color\">En Medell\u00edn, las centrales obreras m\u00e1s burocr\u00e1ticas convocaron a su base sindical a las calles, bajo el esp\u00edritu de fortalecer y apoyar a este gobierno y sus reformas, como ya hab\u00eda dejado indicado Petro. Se escuchaban en los carros comandados por estas centrales obreras comentarios como: \u201cla \u00fanica lucha v\u00e1lida hoy es fortalecer el gobierno de Gustavo Petro\u201d. Sin duda \u00e9sta propaganda cal\u00f3 en un sector de la marcha. No podemos olvidar que el pa\u00eds por entero est\u00e1 viviendo por primera vez la experiencia de que un Presidente y una vicepresidenta oportunistas, nacidos del seno de la lucha del pueblo sobre las cuales cabalgaron para conquistar sus puestos, defender a una facci\u00f3n de la burgues\u00eda, mantener el control y gobierno sobre el pueblo y el poder en manos de las Gran Burgues\u00eda Latifundista, al servicio del imperialismo. Es por ello que no extra\u00f1aba ver entre los marchantes a un sector que se proclamaba Petrista y que ten\u00eda confianza en el actual gobierno. Sin embargo, \u00e9ste sector no fue el mayoritario.<\/p>\n\n\n\n<p class=\"has-black-color has-text-color\">Realmente lo que se observ\u00f3 en la movilizaci\u00f3n del Primero de Mayo en Medell\u00edn, fue un gran sector de la base sindical que iba a marchar por sus reivindicaciones concretas como trabajadores de uno u otro sector y no cifraban sus esperanzas en el actual gobierno. Aqu\u00ed es de la variedad de sindicatos que salieron a conmemorar su d\u00eda: tinteras, barrenderos, trabajadores del papel y del cart\u00f3n, trabajadores de la metalurgia, de la salud, profesores, sindicato de trabajadoras dom\u00e9sticas, estudiantes y j\u00f3venes populares, trabajadores de las empresas p\u00fablicas, trabajadores de la rama judicial, entre otros.<\/p>\n\n\n\n<p class=\"has-black-color has-text-color\">El planteamiento general de la base sindical fue que la independencia de clase de las organizaciones sociales es un principio irrenunciable. Tambi\u00e9n expresaron que hay que seguir organiz\u00e1ndose para pelear por los derechos concretos de su sector, m\u00e1s all\u00e1 de que la presidencia est\u00e9 en manos de uno u otro. Aqu\u00ed hay que mencionar, que el principio de la independencia de clase, fue acogido incluso por algunos miembros de las bases sindicales que se autodenominaban petristas.<\/p>\n\n\n\n<figure class=\"wp-block-image size-full\"><img loading=\"lazy\" decoding=\"async\" width=\"1011\" height=\"517\" src=\"https:\/\/nuevademocracia.com.co\/wp-content\/uploads\/2023\/05\/image.png\" alt=\"\" class=\"wp-image-25366\" srcset=\"https:\/\/nuevademocracia.com.co\/wp-content\/uploads\/2023\/05\/image.png 1011w, https:\/\/nuevademocracia.com.co\/wp-content\/uploads\/2023\/05\/image-300x153.png 300w, https:\/\/nuevademocracia.com.co\/wp-content\/uploads\/2023\/05\/image-768x393.png 768w\" sizes=\"auto, (max-width: 1011px) 100vw, 1011px\" \/><\/figure>\n\n\n\n<p class=\"has-black-color has-text-color\">Otro sector que sali\u00f3 tambi\u00e9n a marchar en este d\u00eda de conmemoraci\u00f3n de la lucha obrera fue ese que tiene total desconfianza y descontento en actual gobierno. Miembros de la base sindical de diversos sindicatos hicieron expresiones tales como: \u201cnunca se ha conseguido nada en las urnas, ni pac\u00edficamente, sino en las calles\u201d o \u201chay que lanzar a Francia Marquez de su helic\u00f3ptero\u201d (como referencia a la pol\u00e9mica desatada por los enormes gastos que representan para el pueblo colombiano el transporte de Francia M\u00e1rquez, quien constantemente utiliza un helic\u00f3ptero para movilizarse).<\/p>\n\n\n\n<p class=\"has-black-color has-text-color\">Dentro de este sector resalta la participaci\u00f3n de un frente de organizaciones cuya consigna fue: \u00a1Por un primero de mayo internacionalista, anti-imperialista, independiente y revolucionario! que con su actuar trat\u00f3 de imprimir ese car\u00e1cter a la movilizaci\u00f3n. Repartieron centenas de volantes dentro de la base sindical que sali\u00f3 ese d\u00eda a movilizarse, donde se explicaba el por qu\u00e9 de cada uno de los puntos de su consigna. Aqu\u00ed va un breve resumen:<\/p>\n\n\n\n<p class=\"has-black-color has-text-color\">El internacionalismo, fue defendido bajo el planteamiento de que los pueblos del mundo son hermanos y que deben apoyarse en sus luchas. Se hizo un llamado a apoyar las batallas que vienen librando las masas en varios pa\u00edses: Francia, Turqu\u00eda, Alemania, India, Inglaterra, Filipinas, entre otros.<\/p>\n\n\n\n<p class=\"has-black-color has-text-color\">El anti-imperialismo, fue defendido bajo el planteamiento de la necesidad de oponerse a la opresi\u00f3n y a las guerras impulsadas por cualquier pa\u00eds imperialista (ya sea Estados Unidos, Rusia, China o las potencias imperialistas europeas) y de apoyar las acciones de resistencia en Ucrania (aclarando el papel del gobierno fascista t\u00edtere de la OTAN, que desempe\u00f1a Zelensky), Palestina, Per\u00fa, Irlanda y M\u00e9xico entre otros.<\/p>\n\n\n\n<p class=\"has-black-color has-text-color\">La independencia se defendi\u00f3 en el sentido de que se hace un llamado a que el pueblo se organice para luchar por sus propias reivindicaciones independientes del Estado o de cualquier partido politiquero. Aqu\u00ed se hizo \u00e9nfasis en la situaci\u00f3n actual del pa\u00eds que mencionamos al inicio de este art\u00edculo, con el gobierno oportunista de Gustavo Petro. Ellos plantean que contrario a lo que los l\u00edderes burocr\u00e1ticos, los de oposici\u00f3n y el propio Gustavo Petro est\u00e1n difundiendo, la polarizaci\u00f3n no es entre Uribe como representante de las clases dominantes y Petro como representante de las clases populares, sino que la divisi\u00f3n es entre los de arriba (en donde est\u00e1n incluidos Gustavo Petro y \u00c1lvaro Uribe) y entre los de abajo que es el resto del pueblo y como tal se debe actuar. La consigna central a este respecto fue: \u00a1<strong>Gobierne quien gobierne, los derechos del pueblo se defienden!<\/strong><\/p>\n\n\n\n<p class=\"has-black-color has-text-color\">Y lo revolucionario, fue defendido bajo la afirmaci\u00f3n de que la revoluci\u00f3n es la \u00fanica v\u00eda para acabar con el imperialismo. Esta idea se ampli\u00f3 con el planteamiento de que es justo y una necesidad luchar para arrancar al Estado las reivindicaciones populares, pero que el camino del reformismo, que es el que el oportunismo est\u00e1 impulsando dentro de las masas populares y sus organizaciones sociales es un camino falso.<\/p>\n\n\n\n<p class=\"has-black-color has-text-color\">\u00c9ste fue un bloque altamente organizado y muy activo, dentro del cual estaban organizaciones revolucionarias como: La Liga Juvenil Revolucionaria, El Movimiento de Estudiantes al Servicio del Pueblo, el Movimiento de Trabajadores con Consciencia de Clase y el Movimiento Femenino Popular. Estas organizaciones, fueron las responsables de llevar a cabo un acto de apertura en esta movilizaci\u00f3n cuya fuerza y contenido no se ve\u00eda hace por lo menos una d\u00e9cada en Medell\u00edn. Fue un acto, que en palabras de sus protagonistas, pretend\u00eda rescatar los s\u00edmbolos de la clase obrera del olvido al que quieren someterlo los dirigentes burocr\u00e1ticos y el oportunismo. Fue as\u00ed como en un homenaje hist\u00f3rico, con banderas rojas en alto, el s\u00edmbolo del martillo y la hoz en varias de ellas, los nombres de sus movimientos y al frente la fotograf\u00eda de Marx, Lenin y Mao Tse Tung, se enton\u00f3 el himno de la clase obrera: la Internacional Comunista. Tambi\u00e9n dijeron un discurso destacando cada s\u00edmbolo y su vigencia hoy y por \u00faltimo entonaron la joven guardia. Los obreros recibieron con j\u00fabilo tal presentaci\u00f3n.<\/p>\n\n\n\n<figure class=\"wp-block-image size-full\"><img loading=\"lazy\" decoding=\"async\" width=\"1005\" height=\"502\" src=\"https:\/\/nuevademocracia.com.co\/wp-content\/uploads\/2023\/05\/image-1.png\" alt=\"\" class=\"wp-image-25367\" srcset=\"https:\/\/nuevademocracia.com.co\/wp-content\/uploads\/2023\/05\/image-1.png 1005w, https:\/\/nuevademocracia.com.co\/wp-content\/uploads\/2023\/05\/image-1-300x150.png 300w, https:\/\/nuevademocracia.com.co\/wp-content\/uploads\/2023\/05\/image-1-768x384.png 768w\" sizes=\"auto, (max-width: 1005px) 100vw, 1005px\" \/><\/figure>\n\n\n\n<p class=\"has-black-color has-text-color\">Hubo muchas otras expresiones de las que se hace necesario hablar. En el recorrido de la marcha se pudo varios j\u00f3venes que comunicaban diversidad de mensajes a los manifestantes, ya sea por medio de carteles impresos, por medio de grafittis o por medio de pancartas y banderas.&nbsp; Algunos sindicatos pusieron pegatinas en los postes, algunos j\u00f3venes pusieron a trav\u00e9s de carteles pegados en la pared mensajes sobre sus reivindicaciones.<\/p>\n\n\n\n<p class=\"has-black-color has-text-color\">Se vivieron otros momentos muy emocionantes. Una quema de banderas de China, Rusia, Estados Unidos, Israel, la Uni\u00f3n Europea y la OTAN.&nbsp; Sus protagonistas plantearon que ese acto se presentaba como s\u00edmbolo del Internacionalismo Proletario y de Anti Imperialismo.&nbsp; Tambi\u00e9n hubo una quema de pancartas con propaganda pol\u00edtica electoral y una urna de cart\u00f3n. Esta vez, quienes ejecutaron el acto, en un discurso explicaron a la gente a su alrededor que eso se hac\u00eda para llamar a la independencia de clase, el antioportunismo y la confianza en las propias fuerzas.<\/p>\n\n\n\n<p class=\"has-black-color has-text-color\">Tambi\u00e9n se observaron banderas y pancartas, pegatinas, volantes y grafittis respecto a la Liga Comunista Internacional.<\/p>\n\n\n\n<figure class=\"wp-block-image size-full\"><img loading=\"lazy\" decoding=\"async\" width=\"948\" height=\"498\" src=\"https:\/\/nuevademocracia.com.co\/wp-content\/uploads\/2023\/05\/image-2.png\" alt=\"\" class=\"wp-image-25368\" srcset=\"https:\/\/nuevademocracia.com.co\/wp-content\/uploads\/2023\/05\/image-2.png 948w, https:\/\/nuevademocracia.com.co\/wp-content\/uploads\/2023\/05\/image-2-300x158.png 300w, https:\/\/nuevademocracia.com.co\/wp-content\/uploads\/2023\/05\/image-2-768x403.png 768w\" sizes=\"auto, (max-width: 948px) 100vw, 948px\" \/><\/figure>\n\n\n\n<p class=\"has-black-color has-text-color\">Todo este conjunto de acciones, contrario a los deseos del actual presidente oportunista, su c\u00fapula gubernamental, la burocracia de las organizaciones sociales que lo respaldan y el resto de partidos que buscan un lugar en el viejo estado, dot\u00f3 a la marcha de un amplio y diverso car\u00e1cter de lucha proletaria. En ese sentido se podr\u00eda afirmar que para la clase obrera en Medell\u00edn, a\u00fan con los intentos oportunistas del Estado reaccionario de llevar al pueblo por el camino reformista, la conmemoraci\u00f3n del Primero de Mayo fue exitosa, pues los revolucionarios pudieron dejar su voz dentro e influencia dentro las organizaciones del pueblo.<\/p>\n","protected":false},"excerpt":{"rendered":"<p>El pasado primero de mayo se llev\u00f3 a cabo en la ciudad de Medell\u00edn una marcha en conmemoraci\u00f3n del primero de mayo, d\u00eda internacional de la clase obrera. Esto se dio en medio a los llamados de movilizaci\u00f3n que hizo Gustavo Petro y de los cuales hicieron eco las organizaciones burocr\u00e1ticas y los dirigentes burocr\u00e1ticos [&hellip;]<\/p>\n","protected":false},"author":1,"featured_media":25366,"comment_status":"open","ping_status":"open","sticky":false,"template":"","format":"standard","meta":{"footnotes":""},"categories":[16,4,31],"tags":[],"class_list":["post-25364","post","type-post","status-publish","format-standard","has-post-thumbnail","hentry","category-carrusel","category-colombia","category-internacional"],"blocksy_meta":[],"_links":{"self":[{"href":"https:\/\/nuevademocracia.com.co\/index.php?rest_route=\/wp\/v2\/posts\/25364","targetHints":{"allow":["GET"]}}],"collection":[{"href":"https:\/\/nuevademocracia.com.co\/index.php?rest_route=\/wp\/v2\/posts"}],"about":[{"href":"https:\/\/nuevademocracia.com.co\/index.php?rest_route=\/wp\/v2\/types\/post"}],"author":[{"embeddable":true,"href":"https:\/\/nuevademocracia.com.co\/index.php?rest_route=\/wp\/v2\/users\/1"}],"replies":[{"embeddable":true,"href":"https:\/\/nuevademocracia.com.co\/index.php?rest_route=%2Fwp%2Fv2%2Fcomments&post=25364"}],"version-history":[{"count":2,"href":"https:\/\/nuevademocracia.com.co\/index.php?rest_route=\/wp\/v2\/posts\/25364\/revisions"}],"predecessor-version":[{"id":25369,"href":"https:\/\/nuevademocracia.com.co\/index.php?rest_route=\/wp\/v2\/posts\/25364\/revisions\/25369"}],"wp:featuredmedia":[{"embeddable":true,"href":"https:\/\/nuevademocracia.com.co\/index.php?rest_route=\/wp\/v2\/media\/25366"}],"wp:attachment":[{"href":"https:\/\/nuevademocracia.com.co\/index.php?rest_route=%2Fwp%2Fv2%2Fmedia&parent=25364"}],"wp:term":[{"taxonomy":"category","embeddable":true,"href":"https:\/\/nuevademocracia.com.co\/index.php?rest_route=%2Fwp%2Fv2%2Fcategories&post=25364"},{"taxonomy":"post_tag","embeddable":true,"href":"https:\/\/nuevademocracia.com.co\/index.php?rest_route=%2Fwp%2Fv2%2Ftags&post=25364"}],"curies":[{"name":"wp","href":"https:\/\/api.w.org\/{rel}","templated":true}]}}