{"id":25371,"date":"2023-05-14T14:59:38","date_gmt":"2023-05-14T19:59:38","guid":{"rendered":"https:\/\/nuevademocracia.com.co\/?p=25371"},"modified":"2023-05-14T15:31:39","modified_gmt":"2023-05-14T20:31:39","slug":"primero-de-mayo-por-el-mundo","status":"publish","type":"post","link":"https:\/\/nuevademocracia.com.co\/?p=25371","title":{"rendered":"Primero de mayo por el mundo (2023)"},"content":{"rendered":"\n<p class=\"has-black-color has-text-color\">A continuaci\u00f3n, realizamos un breve recuento de la jornada de lucha del 1M que se vivi\u00f3 en varios pa\u00edses, todo este art\u00edculo se hace con informaci\u00f3n tomada de <a rel=\"noreferrer noopener\" href=\"http:\/\/www.heraldorojo.org\" target=\"_blank\">www.heraldorojo.org<\/a>. Estas son algunas de las movilizaciones, no las compartimos todas debido a su extensi\u00f3n, quienes deseen ver todas las movilizaciones y acciones, pod\u00e9is visitar el Heraldo Rojo. <\/p>\n\n\n\n<h2 class=\"wp-block-heading\">Asia<\/h2>\n\n\n\n<p class=\"has-black-color has-text-color\">En Filipinas 10.000 personas marcharon en Manila. Los manifestantes demandaron aumento de los salarios y denunciaron el r\u00e9gimen de Marcos y sus pol\u00edticas pro-yanquis. El presidente Marcos se march\u00f3 a EEUU para conversar con Joe Biden el d\u00eda anterior, con la superpotencia imperialista busca aumentar la \u201cseguridad\u201d en Filipinas con m\u00e1s presencia militar. Esto hecho aument\u00f3 la furia de los manifestantes, quienes dijeron que, en vez de escuchar las demandas de los trabajadores, el presidente vend\u00eda el pa\u00eds a EEUU.<\/p>\n\n\n\n<figure class=\"wp-block-image aligncenter size-full is-resized\"><img loading=\"lazy\" decoding=\"async\" src=\"https:\/\/nuevademocracia.com.co\/wp-content\/uploads\/2023\/05\/001-1M-Filipinas.jpg\" alt=\"\" class=\"wp-image-25372\" width=\"512\" height=\"385\" srcset=\"https:\/\/nuevademocracia.com.co\/wp-content\/uploads\/2023\/05\/001-1M-Filipinas.jpg 1024w, https:\/\/nuevademocracia.com.co\/wp-content\/uploads\/2023\/05\/001-1M-Filipinas-300x225.jpg 300w, https:\/\/nuevademocracia.com.co\/wp-content\/uploads\/2023\/05\/001-1M-Filipinas-768x577.jpg 768w\" sizes=\"auto, (max-width: 512px) 100vw, 512px\" \/><\/figure>\n\n\n\n<p class=\"has-text-align-center has-black-color has-text-color\">Fuente: Ang Bayan<\/p>\n\n\n\n<p class=\"has-black-color has-text-color\">En Turqu\u00eda, en la ciudad de Samanda\u011f activistas marcharon en medio de las ruinas de la ciudad destruida por el mortal terremoto de hace unos meses. En sus consignas responsabilizan al Estado por la alta mortalidad y la miseria causada por el terremoto. Los activistas llevaron banderas con la silueta de Ibrahim Kaypakkaya, gritando esl\u00f3ganes por el l\u00edder comunista y llamando a seguir el camino de la Guerra Popular mostrado por \u00e9l. En otras ciudades de Turqu\u00eda se dieron tambi\u00e9n masivas movilizaciones donde los revolucionarios tambi\u00e9n llevaron esta pol\u00edtica a las masas.<\/p>\n\n\n\n<figure class=\"wp-block-embed aligncenter is-type-rich is-provider-twitter wp-block-embed-twitter\"><div class=\"wp-block-embed__wrapper\">\n<blockquote class=\"twitter-tweet\" data-width=\"550\" data-dnt=\"true\"><p lang=\"tr\" dir=\"ltr\"><a href=\"https:\/\/twitter.com\/hashtag\/Samanda%C4%9F?src=hash&amp;ref_src=twsrc%5Etfw\">#Samanda\u011f<\/a>&#39;da <a href=\"https:\/\/twitter.com\/hashtag\/1MAYIS?src=hash&amp;ref_src=twsrc%5Etfw\">#1MAYIS<\/a><br><br>Samanda\u011f&#39;da 1 May\u0131s y\u00fcr\u00fcy\u00fc\u015f\u00fc ba\u015flad\u0131. <br>Partizan okurlar\u0131 \u0130stanbul&#39;daki sald\u0131r\u0131lar\u0131 te\u015fhir ederek, dayan\u0131\u015fma sloganlar\u0131 att\u0131. Partizan korteji &quot;Fa\u015fizme \u0130syan Halka \u00d6nder Partizan&quot; sloganlar\u0131yla y\u00fcr\u00fcy\u00fc\u015fe ge\u00e7ti. <a href=\"https:\/\/t.co\/Wo1731aqBy\">pic.twitter.com\/Wo1731aqBy<\/a><\/p>&mdash; Yeni Demokrasi (@YDemokrasi11) <a href=\"https:\/\/twitter.com\/YDemokrasi11\/status\/1652985615053467649?ref_src=twsrc%5Etfw\">May 1, 2023<\/a><\/blockquote><script async src=\"https:\/\/platform.twitter.com\/widgets.js\" charset=\"utf-8\"><\/script>\n<\/div><\/figure>\n\n\n\n<figure class=\"wp-block-image aligncenter size-full is-resized\"><img loading=\"lazy\" decoding=\"async\" src=\"https:\/\/nuevademocracia.com.co\/wp-content\/uploads\/2023\/05\/002-1M-Turquia.jpg\" alt=\"\" class=\"wp-image-25373\" width=\"512\" height=\"384\" srcset=\"https:\/\/nuevademocracia.com.co\/wp-content\/uploads\/2023\/05\/002-1M-Turquia.jpg 1024w, https:\/\/nuevademocracia.com.co\/wp-content\/uploads\/2023\/05\/002-1M-Turquia-300x225.jpg 300w, https:\/\/nuevademocracia.com.co\/wp-content\/uploads\/2023\/05\/002-1M-Turquia-768x576.jpg 768w\" sizes=\"auto, (max-width: 512px) 100vw, 512px\" \/><\/figure>\n\n\n\n<p class=\"has-text-align-center has-black-color has-text-color\">Fuente: Yeni Demokrasi<\/p>\n\n\n\n<p class=\"has-black-color has-text-color\">Partiz\u00e1n tambi\u00e9n difundi\u00f3 un comunicado sobre el ataque de la polic\u00eda en su contingente en Maltepe, Estambul. Destacan que el ataque muestra c\u00f3mo, cincuenta a\u00f1os despu\u00e9s del asesinato, los reaccionarios temen a Ibrahim Kaypakkaya, y atacan espec\u00edficamente a aquellos quienes llevan su imagen. En el comunicado, Partizan denuncia la respuesta del Comit\u00e9 Organizador de la manifestaci\u00f3n y a los sindicatos que conciliaron con la polic\u00eda. El Comit\u00e9 Organizador fue todav\u00eda m\u00e1s lejos y prohibi\u00f3 a los revolucionarios formar parte de la tarima. Partizan destaca que, a pesar de esto, el bloque revolucionario, conformado por muchas organizaciones, mostr\u00f3 un buen esp\u00edritu de lucha y solidaridad al resistir el ataque.<\/p>\n\n\n\n<figure class=\"wp-block-embed aligncenter is-type-rich is-provider-twitter wp-block-embed-twitter\"><div class=\"wp-block-embed__wrapper\">\n<blockquote class=\"twitter-tweet\" data-width=\"550\" data-dnt=\"true\"><p lang=\"tr\" dir=\"ltr\">\ud83d\udccc G\u00f6zalt\u0131 arac\u0131n\u0131n alandan \u00e7\u0131kmamas\u0131 i\u00e7in barikat kuran kitleye polis biber gaz\u0131 s\u0131kt\u0131. <br><br>Kitle sald\u0131r\u0131lara kar\u015f\u0131 &quot;Mahir \u0130bo Deniz S\u00fcr\u00fcyor M\u00fccadelemiz&quot; sloganlar\u0131 at\u0131yor. <a href=\"https:\/\/t.co\/vS7zwHuF0H\">pic.twitter.com\/vS7zwHuF0H<\/a><\/p>&mdash; Yeni Demokrasi (@YDemokrasi11) <a href=\"https:\/\/twitter.com\/YDemokrasi11\/status\/1652944528616173569?ref_src=twsrc%5Etfw\">May 1, 2023<\/a><\/blockquote><script async src=\"https:\/\/platform.twitter.com\/widgets.js\" charset=\"utf-8\"><\/script>\n<\/div><\/figure>\n\n\n\n<p class=\"has-black-color has-text-color\">En Dhaka, Bangladesh, se pintaron lemas por la revoluci\u00f3n proletaria y la Guerra Popular en lugar de la participaci\u00f3n electoral.<\/p>\n\n\n\n<figure class=\"wp-block-image aligncenter size-full is-resized\"><img loading=\"lazy\" decoding=\"async\" src=\"https:\/\/nuevademocracia.com.co\/wp-content\/uploads\/2023\/05\/003-Bangladesh-1M.jpg\" alt=\"\" class=\"wp-image-25374\" width=\"384\" height=\"512\" srcset=\"https:\/\/nuevademocracia.com.co\/wp-content\/uploads\/2023\/05\/003-Bangladesh-1M.jpg 768w, https:\/\/nuevademocracia.com.co\/wp-content\/uploads\/2023\/05\/003-Bangladesh-1M-225x300.jpg 225w\" sizes=\"auto, (max-width: 384px) 100vw, 384px\" \/><\/figure>\n\n\n\n<h2 class=\"wp-block-heading has-black-color has-text-color\">Europa<\/h2>\n\n\n\n<p class=\"has-black-color has-text-color\">En Francia, que lleva varios meses de lucha contra la reforma pensional, se vivi\u00f3 un 1M bastante combativo y masivo. Las masas inconformes con las reformas que pretenden extraer mayores ganancias del sudor de la clase obrera para salvar este podrido sistema en crisis, han salido a las calles a expresar su rebeld\u00eda. Aproximadamente 2,5 millones de personas salieron a las calles de acuerdo con los sindicatos. Se presentaron fuertes enfrentamientos entre los protestantes y la polic\u00eda en ciudades como Par\u00eds, Lyon, Nantes y Toulouse. M\u00e1s de 100 polic\u00edas fueron heridos, algunos de forma grave al haber sido alcanzados con bombas incendiarias. M\u00e1s de 200 manifestantes fueron detenidos. Activistas de Partizan se unieron a la juventud revolucionaria en Par\u00eds y participaron en las protestas, que chocaron intensamente con la polic\u00eda.<\/p>\n\n\n\n<figure class=\"wp-block-image aligncenter size-full is-resized\"><img loading=\"lazy\" decoding=\"async\" src=\"https:\/\/nuevademocracia.com.co\/wp-content\/uploads\/2023\/05\/004-1M-Francia.jpg\" alt=\"\" class=\"wp-image-25375\" width=\"576\" height=\"360\" srcset=\"https:\/\/nuevademocracia.com.co\/wp-content\/uploads\/2023\/05\/004-1M-Francia.jpg 768w, https:\/\/nuevademocracia.com.co\/wp-content\/uploads\/2023\/05\/004-1M-Francia-300x188.jpg 300w\" sizes=\"auto, (max-width: 576px) 100vw, 576px\" \/><\/figure>\n\n\n\n<p class=\"has-text-align-center has-black-color has-text-color\">Fuente: The Telegraf<\/p>\n\n\n\n<figure class=\"wp-block-image aligncenter size-full is-resized\"><img loading=\"lazy\" decoding=\"async\" src=\"https:\/\/nuevademocracia.com.co\/wp-content\/uploads\/2023\/05\/005-1M-Francia.jpg\" alt=\"\" class=\"wp-image-25376\" width=\"768\" height=\"355\" srcset=\"https:\/\/nuevademocracia.com.co\/wp-content\/uploads\/2023\/05\/005-1M-Francia.jpg 1024w, https:\/\/nuevademocracia.com.co\/wp-content\/uploads\/2023\/05\/005-1M-Francia-300x139.jpg 300w, https:\/\/nuevademocracia.com.co\/wp-content\/uploads\/2023\/05\/005-1M-Francia-768x355.jpg 768w\" sizes=\"auto, (max-width: 768px) 100vw, 768px\" \/><\/figure>\n\n\n\n<p class=\"has-text-align-center has-black-color has-text-color\">Fuente: Twitter @JR_EF_ (\u201cOsar luchar, osar vencer\u201d)<\/p>\n\n\n\n<p class=\"has-black-color has-text-color\">En Irlanda, integrantes de la Liga de la Vivienda Revolucionaria realizaron una protesta en Dubl\u00edn, contra la crisis de vivienda creada por la gran burgues\u00eda y el aumento de los costos de la vida.<\/p>\n\n\n\n<figure class=\"wp-block-image aligncenter size-full is-resized\"><img loading=\"lazy\" decoding=\"async\" src=\"https:\/\/nuevademocracia.com.co\/wp-content\/uploads\/2023\/05\/006-1M-Irlanda.jpg\" alt=\"\" class=\"wp-image-25377\" width=\"512\" height=\"288\" srcset=\"https:\/\/nuevademocracia.com.co\/wp-content\/uploads\/2023\/05\/006-1M-Irlanda.jpg 1024w, https:\/\/nuevademocracia.com.co\/wp-content\/uploads\/2023\/05\/006-1M-Irlanda-300x169.jpg 300w, https:\/\/nuevademocracia.com.co\/wp-content\/uploads\/2023\/05\/006-1M-Irlanda-768x432.jpg 768w\" sizes=\"auto, (max-width: 512px) 100vw, 512px\" \/><\/figure>\n\n\n\n<p class=\"has-text-align-center has-black-color has-text-color\">Fuente: Twitter @rhlireland<\/p>\n\n\n\n<p class=\"has-black-color has-text-color\">En Alemania revolucionarios marcharon con una pancarta que ten\u00eda inscrito el lema \u201c\u00a1Es justo rebelarse!\u201d. Adem\u00e1s, banderas rojas, con la hoz y el martillo, fueron colocadas en diferentes sitios de la ciudad de Berl\u00edn.&nbsp;<\/p>\n\n\n\n<p class=\"has-black-color has-text-color\">En Bremerhaven, Alemania, el Comit\u00e9 de Mujeres Rojas organiz\u00f3 una marcha bajo el eslogan \u201c\u00a1Combatir y resistir el aumento de los precios y la militarizaci\u00f3n!\u201d. Los residentes de la zona participaron en la manifestaci\u00f3n llevando banderas y pancartas con las demandas diarias. Despu\u00e9s de esto hubo una festividad con comida, bebidas y m\u00fasica.<\/p>\n\n\n\n<p class=\"has-black-color has-text-color\">En Friburgo, Alemania, fuerzas revolucionarias formaron un gran contingente en la manifestaci\u00f3n de los sindicatos. Proletarios revolucionarios llevaron consigo banderas rojas con la hoz y el martillo y de la recientemente fundada Liga Roja (Roter Bund). Tras ello, hubo un festival en la calle, y vendieron revistas revolucionarias, distribuyeron el comunicado del 1\u00ba de Mayo de la LCI y realizaron discursos informando de la fundaci\u00f3n de la Liga Roja.<\/p>\n\n\n\n<p class=\"has-black-color has-text-color\">En Frankfurt hubo una manifestaci\u00f3n con el nombre \u201c\u00a11\u00ba de Mayo Revolucionario!\u201d. Activistas de la Liga Roja y Partizan participaron en la manifestaci\u00f3n. Dos a\u00f1os atr\u00e1s, la polic\u00eda atac\u00f3 masivamente la manifestaci\u00f3n, y tambi\u00e9n este a\u00f1o trataron de intimidar y provocar a los manifestantes. Pero la polic\u00eda no fue capaz de evitar que se rompieran las ventanas del Deutsche Bank, a pesar de estar presentes con ca\u00f1ones de agua y perros.<\/p>\n\n\n\n<figure class=\"wp-block-gallery has-nested-images columns-default is-cropped wp-block-gallery-1 is-layout-flex wp-block-gallery-is-layout-flex\">\n<figure class=\"wp-block-image size-large\"><img loading=\"lazy\" decoding=\"async\" width=\"1024\" height=\"768\" data-id=\"25379\" src=\"https:\/\/nuevademocracia.com.co\/wp-content\/uploads\/2023\/05\/007-1M-Alemania.jpg\" alt=\"\" class=\"wp-image-25379\" srcset=\"https:\/\/nuevademocracia.com.co\/wp-content\/uploads\/2023\/05\/007-1M-Alemania.jpg 1024w, https:\/\/nuevademocracia.com.co\/wp-content\/uploads\/2023\/05\/007-1M-Alemania-300x225.jpg 300w, https:\/\/nuevademocracia.com.co\/wp-content\/uploads\/2023\/05\/007-1M-Alemania-768x576.jpg 768w\" sizes=\"auto, (max-width: 1024px) 100vw, 1024px\" \/><\/figure>\n\n\n\n<figure class=\"wp-block-image size-large\"><img loading=\"lazy\" decoding=\"async\" width=\"432\" height=\"324\" data-id=\"25378\" src=\"https:\/\/nuevademocracia.com.co\/wp-content\/uploads\/2023\/05\/008-1M-Alemania.jpg\" alt=\"\" class=\"wp-image-25378\" srcset=\"https:\/\/nuevademocracia.com.co\/wp-content\/uploads\/2023\/05\/008-1M-Alemania.jpg 432w, https:\/\/nuevademocracia.com.co\/wp-content\/uploads\/2023\/05\/008-1M-Alemania-300x225.jpg 300w\" sizes=\"auto, (max-width: 432px) 100vw, 432px\" \/><\/figure>\n\n\n\n<figure class=\"wp-block-image size-large\"><img loading=\"lazy\" decoding=\"async\" width=\"841\" height=\"761\" data-id=\"25380\" src=\"https:\/\/nuevademocracia.com.co\/wp-content\/uploads\/2023\/05\/009-1M-Alemania.jpg\" alt=\"\" class=\"wp-image-25380\" srcset=\"https:\/\/nuevademocracia.com.co\/wp-content\/uploads\/2023\/05\/009-1M-Alemania.jpg 841w, https:\/\/nuevademocracia.com.co\/wp-content\/uploads\/2023\/05\/009-1M-Alemania-300x271.jpg 300w, https:\/\/nuevademocracia.com.co\/wp-content\/uploads\/2023\/05\/009-1M-Alemania-768x695.jpg 768w\" sizes=\"auto, (max-width: 841px) 100vw, 841px\" \/><\/figure>\n\n\n\n<figure class=\"wp-block-image size-large\"><img loading=\"lazy\" decoding=\"async\" width=\"1024\" height=\"683\" data-id=\"25381\" src=\"https:\/\/nuevademocracia.com.co\/wp-content\/uploads\/2023\/05\/010-1M-Alemania-1024x683.jpg\" alt=\"\" class=\"wp-image-25381\" srcset=\"https:\/\/nuevademocracia.com.co\/wp-content\/uploads\/2023\/05\/010-1M-Alemania-1024x683.jpg 1024w, https:\/\/nuevademocracia.com.co\/wp-content\/uploads\/2023\/05\/010-1M-Alemania-300x200.jpg 300w, https:\/\/nuevademocracia.com.co\/wp-content\/uploads\/2023\/05\/010-1M-Alemania-768x512.jpg 768w, https:\/\/nuevademocracia.com.co\/wp-content\/uploads\/2023\/05\/010-1M-Alemania.jpg 1350w\" sizes=\"auto, (max-width: 1024px) 100vw, 1024px\" \/><\/figure>\n<\/figure>\n\n\n\n<p class=\"has-text-align-center has-black-color has-text-color\">Fuente: www.demvolkedienen.org <\/p>\n\n\n\n<p class=\"has-black-color has-text-color\">En varias ciudades europeas, revolucionarios turcos de Partizan se unieron a las movilizaciones del 1M con consignas en favor del TKP\/ML y reivindicando a Ibrahim Kaypakkaya (gran dirigente comunista fundador del TKP\/ML). Por ejemplo, en la ciudad de Stuttgart, Alemania, se vivi\u00f3 una protesta especialmente combativa y unitaria, ya que la polic\u00eda atac\u00f3 la manifestaci\u00f3n con gas pimienta. En Viena, Austria, muchas organizaciones de inmigrantes turcos se unieron a los revolucionarios austriacos en un bloque que agitaba consignas como \u201cIBO est\u00e1 vivo, TIKKO est\u00e1 luchando, larga vida a nuestro partido TKP\/ML!\u201d y \u201c\u00a1Viva el Internacionalismo Proletario!\u201d. Celebraron el surgimiento de la LCI y el legado de Ibrahim Kaypakkaya.<\/p>\n\n\n\n<figure class=\"wp-block-image aligncenter size-full is-resized\"><img loading=\"lazy\" decoding=\"async\" src=\"https:\/\/nuevademocracia.com.co\/wp-content\/uploads\/2023\/05\/011-1M-Austria.jpg\" alt=\"\" class=\"wp-image-25382\" width=\"512\" height=\"383\" srcset=\"https:\/\/nuevademocracia.com.co\/wp-content\/uploads\/2023\/05\/011-1M-Austria.jpg 1024w, https:\/\/nuevademocracia.com.co\/wp-content\/uploads\/2023\/05\/011-1M-Austria-300x224.jpg 300w, https:\/\/nuevademocracia.com.co\/wp-content\/uploads\/2023\/05\/011-1M-Austria-768x575.jpg 768w\" sizes=\"auto, (max-width: 512px) 100vw, 512px\" \/><\/figure>\n\n\n\n<p class=\"has-text-align-center has-black-color has-text-color\">Fuente: Avrupa Haber<\/p>\n\n\n\n<p class=\"has-black-color has-text-color\">Tambi\u00e9n en Austria, La Acci\u00f3n por los Derechos Democr\u00e1ticos del Pueblo (ADRV) particip\u00f3 del 1M protestando por el aumento de los precios y el belicismo de la burgues\u00eda en Vienna y Linz.<\/p>\n\n\n\n<figure class=\"wp-block-gallery has-nested-images columns-default is-cropped wp-block-gallery-2 is-layout-flex wp-block-gallery-is-layout-flex\">\n<figure class=\"wp-block-image size-full is-style-default\"><img loading=\"lazy\" decoding=\"async\" width=\"865\" height=\"659\" data-id=\"25383\" src=\"https:\/\/nuevademocracia.com.co\/wp-content\/uploads\/2023\/05\/012-1M-Austria.jpg\" alt=\"\" class=\"wp-image-25383\" srcset=\"https:\/\/nuevademocracia.com.co\/wp-content\/uploads\/2023\/05\/012-1M-Austria.jpg 865w, https:\/\/nuevademocracia.com.co\/wp-content\/uploads\/2023\/05\/012-1M-Austria-300x229.jpg 300w, https:\/\/nuevademocracia.com.co\/wp-content\/uploads\/2023\/05\/012-1M-Austria-768x585.jpg 768w\" sizes=\"auto, (max-width: 865px) 100vw, 865px\" \/><\/figure>\n\n\n\n<figure class=\"wp-block-image size-full\"><img loading=\"lazy\" decoding=\"async\" width=\"834\" height=\"431\" data-id=\"25384\" src=\"https:\/\/nuevademocracia.com.co\/wp-content\/uploads\/2023\/05\/013-1M-Austria.jpg\" alt=\"\" class=\"wp-image-25384\" srcset=\"https:\/\/nuevademocracia.com.co\/wp-content\/uploads\/2023\/05\/013-1M-Austria.jpg 834w, https:\/\/nuevademocracia.com.co\/wp-content\/uploads\/2023\/05\/013-1M-Austria-300x155.jpg 300w, https:\/\/nuevademocracia.com.co\/wp-content\/uploads\/2023\/05\/013-1M-Austria-768x397.jpg 768w\" sizes=\"auto, (max-width: 834px) 100vw, 834px\" \/><\/figure>\n<\/figure>\n\n\n\n<p class=\"has-text-align-center has-black-color has-text-color\">Fuente: <a href=\"http:\/\/www.rotefahne.at\" target=\"_blank\" rel=\"noreferrer noopener\">www.rotefahne.at<\/a><\/p>\n\n\n\n<p class=\"has-black-color has-text-color\">En Zurich, Suiza, miles de personas se juntaron en la manifestaci\u00f3n del Primero de Mayo. Los revolucionarios turcos participaron en la marcha, resaltando especialmente el legado de Ibrahim Kaypakkaya.<\/p>\n\n\n\n<figure class=\"wp-block-image aligncenter size-full is-resized\"><img loading=\"lazy\" decoding=\"async\" src=\"https:\/\/nuevademocracia.com.co\/wp-content\/uploads\/2023\/05\/014-1M-Suiza.jpg\" alt=\"\" class=\"wp-image-25385\" width=\"563\" height=\"281\" srcset=\"https:\/\/nuevademocracia.com.co\/wp-content\/uploads\/2023\/05\/014-1M-Suiza.jpg 750w, https:\/\/nuevademocracia.com.co\/wp-content\/uploads\/2023\/05\/014-1M-Suiza-300x150.jpg 300w\" sizes=\"auto, (max-width: 563px) 100vw, 563px\" \/><\/figure>\n\n\n\n<p class=\"has-text-align-center has-black-color has-text-color\">Fuente: Avrupa Haber<\/p>\n\n\n\n<p class=\"has-black-color has-text-color\">En Albacete, Espa\u00f1a 2.000 personas se movilizaron para conmemorar el 1M. Un Bloque Rojo march\u00f3 con banderas de la Liga Comunista Internacional llevando una pancarta con el lema \u201c\u00a1Proletarios de todos los pa\u00edses, un\u00edos!\u201d. El bloque tambi\u00e9n llevaba pancartas y gritaban esl\u00f3ganes contra el megaproyecto del Corredor Interoce\u00e1nico del Istmo de Tehuantepec en M\u00e9xico y por la presentaci\u00f3n vivo del Dr. Eneresto Sernas Garc\u00eda, quien desapareci\u00f3 por el viejo Estado Mexicano en 2018. Otros esl\u00f3ganes combativos gritados fueron \u201c\u00a1Viva Marx! \u00a1Viva Lenin! \u00a1Viva Mao Tse-tung!\u201d y \u201c\u00a1Queremos pan, techo y trabajo! \u00a1Todo el poder para el proletariado!\u201d.<\/p>\n\n\n\n<figure class=\"wp-block-image aligncenter size-full is-resized\"><img loading=\"lazy\" decoding=\"async\" src=\"https:\/\/nuevademocracia.com.co\/wp-content\/uploads\/2023\/05\/015-1M-Espana.jpg\" alt=\"\" class=\"wp-image-25386\" width=\"575\" height=\"518\" srcset=\"https:\/\/nuevademocracia.com.co\/wp-content\/uploads\/2023\/05\/015-1M-Espana.jpg 767w, https:\/\/nuevademocracia.com.co\/wp-content\/uploads\/2023\/05\/015-1M-Espana-300x270.jpg 300w\" sizes=\"auto, (max-width: 575px) 100vw, 575px\" \/><\/figure>\n\n\n\n<p class=\"has-text-align-center has-black-color has-text-color\">Fuente: <a href=\"http:\/\/www.serviralpuebloperiodico.wordpress.com\">www.serviralpuebloperiodico.wordpress.com<\/a><\/p>\n\n\n\n<p class=\"has-black-color has-text-color\">En Aalborg, Dinamarca, los revolucionarios marcharon en la manifestaci\u00f3n del sindicato con una gran pancarta con el eslogan \u201c\u00a1Abajo la guerra imperialista! \u00a1Viva la Revoluci\u00f3n Proletaria Mundial!\u201d. La internacional y otras canciones proletarias fueron cantadas. En la parte final de la manifestaci\u00f3n, activistas distribuyeron panfletos contra la guerra imperialista, y en apoyo a la Guerra Popular en el mundo y por la Liga Comunista Internacional (LCI).<\/p>\n\n\n\n<figure class=\"wp-block-image aligncenter size-full is-resized\"><img loading=\"lazy\" decoding=\"async\" src=\"https:\/\/nuevademocracia.com.co\/wp-content\/uploads\/2023\/05\/016-1M-Dinamarca.jpg\" alt=\"\" class=\"wp-image-25387\" width=\"512\" height=\"341\" srcset=\"https:\/\/nuevademocracia.com.co\/wp-content\/uploads\/2023\/05\/016-1M-Dinamarca.jpg 1024w, https:\/\/nuevademocracia.com.co\/wp-content\/uploads\/2023\/05\/016-1M-Dinamarca-300x200.jpg 300w, https:\/\/nuevademocracia.com.co\/wp-content\/uploads\/2023\/05\/016-1M-Dinamarca-768x512.jpg 768w\" sizes=\"auto, (max-width: 512px) 100vw, 512px\" \/><\/figure>\n\n\n\n<p class=\"has-text-align-center has-black-color has-text-color\">Fuente: <a href=\"http:\/\/www.socialistiskrevolution.wordpress.com\">www.socialistiskrevolution.wordpress.com<\/a><\/p>\n\n\n\n<p class=\"has-black-color has-text-color\">En Tampere, Finlandia, activistas comenzaron el d\u00eda con un evento en memoria de los m\u00e1rtires de la revoluci\u00f3n de 1918. El evento termin\u00f3 con la Internacional y los esl\u00f3ganes \u201c\u00a1Viva el internacionalismo proletario!\u201d y \u201c\u00a1Muerte al revisionismo!\u201d. Despu\u00e9s de esto, los activistas formaron un bloque antimperialista en la manifestaci\u00f3n del sindicato en la ciudad. Se repartieron panfletos con el pronunciamiento de la LCI y el pronunciamiento del bloque antimperialista.<\/p>\n\n\n\n<figure class=\"wp-block-image aligncenter size-full\"><img loading=\"lazy\" decoding=\"async\" width=\"417\" height=\"586\" src=\"https:\/\/nuevademocracia.com.co\/wp-content\/uploads\/2023\/05\/017-1M-Finlandia.jpg\" alt=\"\" class=\"wp-image-25388\" srcset=\"https:\/\/nuevademocracia.com.co\/wp-content\/uploads\/2023\/05\/017-1M-Finlandia.jpg 417w, https:\/\/nuevademocracia.com.co\/wp-content\/uploads\/2023\/05\/017-1M-Finlandia-213x300.jpg 213w\" sizes=\"auto, (max-width: 417px) 100vw, 417px\" \/><\/figure>\n\n\n\n<p class=\"has-text-align-center has-black-color has-text-color\">Fuente: <a href=\"http:\/\/www.punalippu.noblogs.org\">www.punalippu.noblogs.org<\/a><\/p>\n\n\n\n<p class=\"has-black-color has-text-color\">En Helsinki, Finlandia, miles participaron en las manifestaciones de los sindicatos, entre ellos un contingente de Mao\u00edstas que llevaban banderas de la Liga Comunista Internacional y una pancarta con el lema \u201c\u00a1Salvo el poder, todo es ilusi\u00f3n!\u201d, \u201c\u00a1Viva la Liga Comunista Internacional\u201d, \u201c\u00a1Viva Marx! \u00a1Viva Lenin! \u00a1Viva Mao Tse-tung!\u201d<\/p>\n\n\n\n<figure class=\"wp-block-image aligncenter size-full is-resized\"><img loading=\"lazy\" decoding=\"async\" src=\"https:\/\/nuevademocracia.com.co\/wp-content\/uploads\/2023\/05\/018-1M-Finlandia.jpg\" alt=\"\" class=\"wp-image-25389\" width=\"600\" height=\"400\" srcset=\"https:\/\/nuevademocracia.com.co\/wp-content\/uploads\/2023\/05\/018-1M-Finlandia.jpg 800w, https:\/\/nuevademocracia.com.co\/wp-content\/uploads\/2023\/05\/018-1M-Finlandia-300x200.jpg 300w, https:\/\/nuevademocracia.com.co\/wp-content\/uploads\/2023\/05\/018-1M-Finlandia-768x512.jpg 768w\" sizes=\"auto, (max-width: 600px) 100vw, 600px\" \/><\/figure>\n\n\n\n<p class=\"has-black-color has-text-color\">En varias ciudades europeas como Oslo y Trondheim (Noruega); Copenhage, Aarhus y Aalborg (Dinamarca); Bremen, Hamburg, Bremenhaven y Oldenburg (Alemania); fueron colocadas banderas rojas con la hoz y el martillo en sitios visibles de dichas ciudades.<\/p>\n\n\n\n<figure class=\"wp-block-gallery has-nested-images columns-default is-cropped wp-block-gallery-3 is-layout-flex wp-block-gallery-is-layout-flex\">\n<figure class=\"wp-block-image size-large\"><img loading=\"lazy\" decoding=\"async\" width=\"979\" height=\"1024\" data-id=\"25391\" src=\"https:\/\/nuevademocracia.com.co\/wp-content\/uploads\/2023\/05\/019-1M-Europa.jpg\" alt=\"\" class=\"wp-image-25391\" srcset=\"https:\/\/nuevademocracia.com.co\/wp-content\/uploads\/2023\/05\/019-1M-Europa.jpg 979w, https:\/\/nuevademocracia.com.co\/wp-content\/uploads\/2023\/05\/019-1M-Europa-287x300.jpg 287w, https:\/\/nuevademocracia.com.co\/wp-content\/uploads\/2023\/05\/019-1M-Europa-768x803.jpg 768w\" sizes=\"auto, (max-width: 979px) 100vw, 979px\" \/><\/figure>\n\n\n\n<figure class=\"wp-block-image size-large\"><img loading=\"lazy\" decoding=\"async\" width=\"523\" height=\"391\" data-id=\"25390\" src=\"https:\/\/nuevademocracia.com.co\/wp-content\/uploads\/2023\/05\/020-1M-Europa.jpg\" alt=\"\" class=\"wp-image-25390\" srcset=\"https:\/\/nuevademocracia.com.co\/wp-content\/uploads\/2023\/05\/020-1M-Europa.jpg 523w, https:\/\/nuevademocracia.com.co\/wp-content\/uploads\/2023\/05\/020-1M-Europa-300x224.jpg 300w\" sizes=\"auto, (max-width: 523px) 100vw, 523px\" \/><\/figure>\n\n\n\n<figure class=\"wp-block-image size-large\"><img loading=\"lazy\" decoding=\"async\" width=\"1024\" height=\"603\" data-id=\"25392\" src=\"https:\/\/nuevademocracia.com.co\/wp-content\/uploads\/2023\/05\/021-1M-Europa.jpg\" alt=\"\" class=\"wp-image-25392\" srcset=\"https:\/\/nuevademocracia.com.co\/wp-content\/uploads\/2023\/05\/021-1M-Europa.jpg 1024w, https:\/\/nuevademocracia.com.co\/wp-content\/uploads\/2023\/05\/021-1M-Europa-300x177.jpg 300w, https:\/\/nuevademocracia.com.co\/wp-content\/uploads\/2023\/05\/021-1M-Europa-768x452.jpg 768w\" sizes=\"auto, (max-width: 1024px) 100vw, 1024px\" \/><\/figure>\n<\/figure>\n\n\n\n<p class=\"has-text-align-center has-black-color has-text-color\">Fuente: <a href=\"http:\/\/www.tjen-folket.no\">www.tjen-folket.no<\/a><\/p>\n\n\n\n<p class=\"has-black-color has-text-color\">En varias ciudades de Noruega tambi\u00e9n se realizaron movilizaci\u00f3n con gran asistencia y un elevado contenido pol\u00edtico antiimperialista e internacionalista. En Kristiansand el Comit\u00e9 de Lucha march\u00f3 con banderas rojas con los lemas \u201cApoyar la lucha de los campesinos pobres en Brasil\u201d.<\/p>\n\n\n\n<figure class=\"wp-block-image aligncenter size-full\"><img loading=\"lazy\" decoding=\"async\" width=\"640\" height=\"360\" src=\"https:\/\/nuevademocracia.com.co\/wp-content\/uploads\/2023\/05\/022-1M-Noruega.jpg\" alt=\"\" class=\"wp-image-25393\" srcset=\"https:\/\/nuevademocracia.com.co\/wp-content\/uploads\/2023\/05\/022-1M-Noruega.jpg 640w, https:\/\/nuevademocracia.com.co\/wp-content\/uploads\/2023\/05\/022-1M-Noruega-300x169.jpg 300w\" sizes=\"auto, (max-width: 640px) 100vw, 640px\" \/><\/figure>\n\n\n\n<p class=\"has-text-align-center has-black-color has-text-color\">(\u201cApoyar la lucha de los campesinos pobres en Brasil\u201d)<\/p>\n\n\n\n<p class=\"has-black-color has-text-color\">En Bergen, Noruega, el Comit\u00e9 de Lucha particip\u00f3 en una concentraci\u00f3n junto a otros antimperialistas antes de unirse a l bloque antimperialista e internacional del 1\u00ba de Mayo. Los activistas llevaron unapancarta con el lema \u201c\u00a1Abajo con la guerra de agresi\u00f3n rusa contra Ucrania!\u201d. Antes de empezar la manifestaci\u00f3n, se repartieron panfletos para un encuentro sobre la situaci\u00f3n de M\u00e9xico y el CIIT.<\/p>\n\n\n\n<figure class=\"wp-block-image aligncenter size-full is-resized\"><img loading=\"lazy\" decoding=\"async\" src=\"https:\/\/nuevademocracia.com.co\/wp-content\/uploads\/2023\/05\/023-1M-Noruega.jpg\" alt=\"\" class=\"wp-image-25394\" width=\"512\" height=\"384\" srcset=\"https:\/\/nuevademocracia.com.co\/wp-content\/uploads\/2023\/05\/023-1M-Noruega.jpg 1024w, https:\/\/nuevademocracia.com.co\/wp-content\/uploads\/2023\/05\/023-1M-Noruega-300x225.jpg 300w, https:\/\/nuevademocracia.com.co\/wp-content\/uploads\/2023\/05\/023-1M-Noruega-768x576.jpg 768w\" sizes=\"auto, (max-width: 512px) 100vw, 512px\" \/><\/figure>\n\n\n\n<p class=\"has-black-color has-text-color\">En Suecia la Asociaci\u00f3n Comunista hizo acciones para remarcar la lucha por la unidad bajo el Mao\u00edsmo y por la reconstituci\u00f3n del Partido Comunista de Suecia. Un evento fue llevado a cabo en honor del camarada Set Persson y por los h\u00e9roes del Partido Comunista de Suecia, que lucharon contra el revisionismo en el Partido. Tras ello, se dio una manifestaci\u00f3n por los barrios proletarios de Estocolmo con lemas como: \u201c\u00a1Unirse bajo el Mao\u00edsmo!\u201d y \u201c\u00a1Adelante con la reconstituci\u00f3n del Partido Comunista de Suecia!\u201d. Los discursos hablaron de la crisis del imperialismo y denunciaron que la crisis se ha puesto sobre las espaldas del proletariado, mientras la burgues\u00eda est\u00e1 recibiendo beneficios r\u00e9cord. Fue destacado que la \u00fanica forma de solucionar esto es con la revoluci\u00f3n socialista. Los portavoces tambi\u00e9n mandaron saludos a los partidos y organizaciones de la LCI y para las Guerras Populares en curso.<\/p>\n\n\n\n<figure class=\"wp-block-gallery has-nested-images columns-default is-cropped wp-block-gallery-4 is-layout-flex wp-block-gallery-is-layout-flex\">\n<figure class=\"wp-block-image size-large\"><img loading=\"lazy\" decoding=\"async\" width=\"980\" height=\"654\" data-id=\"25396\" src=\"https:\/\/nuevademocracia.com.co\/wp-content\/uploads\/2023\/05\/024-1M-Suecia.jpg\" alt=\"\" class=\"wp-image-25396\" srcset=\"https:\/\/nuevademocracia.com.co\/wp-content\/uploads\/2023\/05\/024-1M-Suecia.jpg 980w, https:\/\/nuevademocracia.com.co\/wp-content\/uploads\/2023\/05\/024-1M-Suecia-300x200.jpg 300w, https:\/\/nuevademocracia.com.co\/wp-content\/uploads\/2023\/05\/024-1M-Suecia-768x513.jpg 768w\" sizes=\"auto, (max-width: 980px) 100vw, 980px\" \/><\/figure>\n\n\n\n<figure class=\"wp-block-image size-large\"><img loading=\"lazy\" decoding=\"async\" width=\"980\" height=\"654\" data-id=\"25395\" src=\"https:\/\/nuevademocracia.com.co\/wp-content\/uploads\/2023\/05\/025-1M-Suecia.jpg\" alt=\"\" class=\"wp-image-25395\" srcset=\"https:\/\/nuevademocracia.com.co\/wp-content\/uploads\/2023\/05\/025-1M-Suecia.jpg 980w, https:\/\/nuevademocracia.com.co\/wp-content\/uploads\/2023\/05\/025-1M-Suecia-300x200.jpg 300w, https:\/\/nuevademocracia.com.co\/wp-content\/uploads\/2023\/05\/025-1M-Suecia-768x513.jpg 768w\" sizes=\"auto, (max-width: 980px) 100vw, 980px\" \/><\/figure>\n<\/figure>\n\n\n\n<p class=\"has-text-align-center has-black-color has-text-color\">Fuente: <a href=\"http:\/\/www.kommunisten.nu\">www.kommunisten.nu<\/a><\/p>\n\n\n\n<h2 class=\"wp-block-heading has-black-color has-text-color\">Am\u00e9rica<\/h2>\n\n\n\n<p class=\"has-black-color has-text-color\">En Ecuador, el Frente de Defensa de las Luchas del Pueblo del Ecuador, inform\u00f3 que trabajadores de diferentes ramas marcharon en Ibarra llevando banderas rojas y gritando lemas contra el r\u00e9gimen, contra el oportunismo y el revisionismo.<\/p>\n\n\n\n<p class=\"has-black-color has-text-color\">\u201cHay mucho por hacer; si pretendemos hacer la revoluci\u00f3n urge politizar m\u00e1s al movimiento obrero, extirpar de sus entra\u00f1as todo viejo resquicio de aquellos miserables que han hecho de la organizaci\u00f3n clasista el cuchitril obligado para poder acceder a la Asamblea u otros espacios de organizaci\u00f3n y movilidad pol\u00edtica que sostienen el aparato burocr\u00e1tico del viejo estado. Vamos a construir el nuevo movimiento sindical, tarea que solo ser\u00e1 posible levantar sobre las cenizas de todas las organizaciones reformistas, revisionistas y oportunistas. \u00a1Sin destrucci\u00f3n, no hay construcci\u00f3n!\u201d (<a href=\"http:\/\/www.fdlp-ec.blogspot.com\">www.fdlp-ec.blogspot.com<\/a>)<\/p>\n\n\n\n<figure class=\"wp-block-gallery has-nested-images columns-default is-cropped wp-block-gallery-5 is-layout-flex wp-block-gallery-is-layout-flex\">\n<figure class=\"wp-block-image size-large\"><img loading=\"lazy\" decoding=\"async\" width=\"320\" height=\"240\" data-id=\"25397\" src=\"https:\/\/nuevademocracia.com.co\/wp-content\/uploads\/2023\/05\/026-1M-Ecuador.jpg\" alt=\"\" class=\"wp-image-25397\" srcset=\"https:\/\/nuevademocracia.com.co\/wp-content\/uploads\/2023\/05\/026-1M-Ecuador.jpg 320w, https:\/\/nuevademocracia.com.co\/wp-content\/uploads\/2023\/05\/026-1M-Ecuador-300x225.jpg 300w\" sizes=\"auto, (max-width: 320px) 100vw, 320px\" \/><\/figure>\n\n\n\n<figure class=\"wp-block-image size-large\"><img loading=\"lazy\" decoding=\"async\" width=\"320\" height=\"144\" data-id=\"25399\" src=\"https:\/\/nuevademocracia.com.co\/wp-content\/uploads\/2023\/05\/027-1M-Ecuador.jpg\" alt=\"\" class=\"wp-image-25399\" srcset=\"https:\/\/nuevademocracia.com.co\/wp-content\/uploads\/2023\/05\/027-1M-Ecuador.jpg 320w, https:\/\/nuevademocracia.com.co\/wp-content\/uploads\/2023\/05\/027-1M-Ecuador-300x135.jpg 300w\" sizes=\"auto, (max-width: 320px) 100vw, 320px\" \/><\/figure>\n\n\n\n<figure class=\"wp-block-image size-large\"><img loading=\"lazy\" decoding=\"async\" width=\"320\" height=\"144\" data-id=\"25398\" src=\"https:\/\/nuevademocracia.com.co\/wp-content\/uploads\/2023\/05\/028-1M-Ecuador.jpg\" alt=\"\" class=\"wp-image-25398\" srcset=\"https:\/\/nuevademocracia.com.co\/wp-content\/uploads\/2023\/05\/028-1M-Ecuador.jpg 320w, https:\/\/nuevademocracia.com.co\/wp-content\/uploads\/2023\/05\/028-1M-Ecuador-300x135.jpg 300w\" sizes=\"auto, (max-width: 320px) 100vw, 320px\" \/><\/figure>\n<\/figure>\n\n\n\n<p class=\"has-text-align-center has-black-color has-text-color\">Fuente: <a href=\"http:\/\/www.fdlp-ec.blogspot.com\">www.fdlp-ec.blogspot.com<\/a><\/p>\n\n\n\n<p class=\"has-black-color has-text-color\">En Chile revolucionarios participaron del 1M repartiendo el pronunciamiento de la Liga Comunista Internacional (LCI) entre las masas participantes en la marcha. Tambi\u00e9n pegaron el pronunciamiento en las paredes.<\/p>\n\n\n\n<p class=\"has-black-color has-text-color\">El Frente Revolucionario Popular ha hecho una inmensa campa\u00f1a de agitaci\u00f3n y propaganda en la ciudad y el campo. En la Regi\u00f3n de \u00d1uble se han hecho grafitis en las \u00e1reas rurales y obreras, muchos panfletos se han repartidos entre los obreros de construcci\u00f3n en la ciudad de Chill\u00e1n, as\u00ed como caricaturas. El frente busca aumentar el esp\u00edritu revolucionario entre las masas b\u00e1sicas, llamando a conmemorar el Primero de Mayo y unirse, organizar y luchar por una nueva sociedad.<\/p>\n\n\n\n<figure class=\"wp-block-gallery has-nested-images columns-default is-cropped wp-block-gallery-6 is-layout-flex wp-block-gallery-is-layout-flex\">\n<figure class=\"wp-block-image size-large\"><img loading=\"lazy\" decoding=\"async\" width=\"768\" height=\"1024\" data-id=\"25400\" src=\"https:\/\/nuevademocracia.com.co\/wp-content\/uploads\/2023\/05\/029-1M-Chile.jpg\" alt=\"\" class=\"wp-image-25400\" srcset=\"https:\/\/nuevademocracia.com.co\/wp-content\/uploads\/2023\/05\/029-1M-Chile.jpg 768w, https:\/\/nuevademocracia.com.co\/wp-content\/uploads\/2023\/05\/029-1M-Chile-225x300.jpg 225w\" sizes=\"auto, (max-width: 768px) 100vw, 768px\" \/><\/figure>\n\n\n\n<figure class=\"wp-block-image size-large\"><img loading=\"lazy\" decoding=\"async\" width=\"1024\" height=\"576\" data-id=\"25401\" src=\"https:\/\/nuevademocracia.com.co\/wp-content\/uploads\/2023\/05\/030-1M-Chile.jpg\" alt=\"\" class=\"wp-image-25401\" srcset=\"https:\/\/nuevademocracia.com.co\/wp-content\/uploads\/2023\/05\/030-1M-Chile.jpg 1024w, https:\/\/nuevademocracia.com.co\/wp-content\/uploads\/2023\/05\/030-1M-Chile-300x169.jpg 300w, https:\/\/nuevademocracia.com.co\/wp-content\/uploads\/2023\/05\/030-1M-Chile-768x432.jpg 768w\" sizes=\"auto, (max-width: 1024px) 100vw, 1024px\" \/><\/figure>\n\n\n\n<figure class=\"wp-block-image size-large\"><img loading=\"lazy\" decoding=\"async\" width=\"798\" height=\"1024\" data-id=\"25402\" src=\"https:\/\/nuevademocracia.com.co\/wp-content\/uploads\/2023\/05\/031-1M-Chile.jpg\" alt=\"\" class=\"wp-image-25402\" srcset=\"https:\/\/nuevademocracia.com.co\/wp-content\/uploads\/2023\/05\/031-1M-Chile.jpg 798w, https:\/\/nuevademocracia.com.co\/wp-content\/uploads\/2023\/05\/031-1M-Chile-234x300.jpg 234w, https:\/\/nuevademocracia.com.co\/wp-content\/uploads\/2023\/05\/031-1M-Chile-768x986.jpg 768w\" sizes=\"auto, (max-width: 798px) 100vw, 798px\" \/><\/figure>\n<\/figure>\n\n\n\n<p class=\"has-black-color has-text-color\">En M\u00e9xico se registraron acciones de la LCI en varias ciudades. En algunos lugares fueron colocadas banderas rojas, se repartieron volantes y se pegaron carteles.<\/p>\n\n\n\n<figure class=\"wp-block-gallery has-nested-images columns-default is-cropped wp-block-gallery-7 is-layout-flex wp-block-gallery-is-layout-flex\">\n<figure class=\"wp-block-image size-large\"><img loading=\"lazy\" decoding=\"async\" width=\"1024\" height=\"575\" data-id=\"25403\" src=\"https:\/\/nuevademocracia.com.co\/wp-content\/uploads\/2023\/05\/032-1M-Mexico-.jpg\" alt=\"\" class=\"wp-image-25403\" srcset=\"https:\/\/nuevademocracia.com.co\/wp-content\/uploads\/2023\/05\/032-1M-Mexico-.jpg 1024w, https:\/\/nuevademocracia.com.co\/wp-content\/uploads\/2023\/05\/032-1M-Mexico--300x168.jpg 300w, https:\/\/nuevademocracia.com.co\/wp-content\/uploads\/2023\/05\/032-1M-Mexico--768x431.jpg 768w\" sizes=\"auto, (max-width: 1024px) 100vw, 1024px\" \/><\/figure>\n\n\n\n<figure class=\"wp-block-image size-large\"><img loading=\"lazy\" decoding=\"async\" width=\"768\" height=\"1024\" data-id=\"25405\" src=\"https:\/\/nuevademocracia.com.co\/wp-content\/uploads\/2023\/05\/033-1M-Mexico-.jpg\" alt=\"\" class=\"wp-image-25405\" srcset=\"https:\/\/nuevademocracia.com.co\/wp-content\/uploads\/2023\/05\/033-1M-Mexico-.jpg 768w, https:\/\/nuevademocracia.com.co\/wp-content\/uploads\/2023\/05\/033-1M-Mexico--225x300.jpg 225w\" sizes=\"auto, (max-width: 768px) 100vw, 768px\" \/><\/figure>\n\n\n\n<figure class=\"wp-block-image size-large\"><img loading=\"lazy\" decoding=\"async\" width=\"576\" height=\"1024\" data-id=\"25404\" src=\"https:\/\/nuevademocracia.com.co\/wp-content\/uploads\/2023\/05\/034-1M-Mexico-.jpg\" alt=\"\" class=\"wp-image-25404\" srcset=\"https:\/\/nuevademocracia.com.co\/wp-content\/uploads\/2023\/05\/034-1M-Mexico-.jpg 576w, https:\/\/nuevademocracia.com.co\/wp-content\/uploads\/2023\/05\/034-1M-Mexico--169x300.jpg 169w\" sizes=\"auto, (max-width: 576px) 100vw, 576px\" \/><\/figure>\n<\/figure>\n\n\n\n<p class=\"has-text-align-center has-black-color has-text-color\">Fuente: <a href=\"http:\/\/www.muralperiodico.wordpress.com\">www.muralperiodico.wordpress.com<\/a><\/p>\n\n\n\n<p class=\"has-black-color has-text-color\">En Colombia, en la ciudad de Medell\u00edn se realiz\u00f3 una gran movilizaci\u00f3n, donde activistas revolucionarios realizaron diversas acciones antiimperiaslitas, antielectorales e internacionalistas. Una de las acciones m\u00e1s destacadas fue la presentaci\u00f3n y reivindicaci\u00f3n de los s\u00edmbolos de la clase: la bandera roja con la hoz y el martillo, el himno La Internacional y los maestros de la clase: Marx, Lenin y el Presidente Mao Tse-tung. Lo anterior ya lo hemos publicado en detalle en entradas previas a esta. <\/p>\n\n\n\n<figure class=\"wp-block-embed aligncenter is-type-video is-provider-youtube wp-block-embed-youtube wp-embed-aspect-16-9 wp-has-aspect-ratio\"><div class=\"wp-block-embed__wrapper\">\n<iframe loading=\"lazy\" title=\"Acto de apertura del Primero de Mayo. Medell\u00edn.\" width=\"1290\" height=\"726\" src=\"https:\/\/www.youtube.com\/embed\/f8Ekh6Yf8tM?feature=oembed\" frameborder=\"0\" allow=\"accelerometer; autoplay; clipboard-write; encrypted-media; gyroscope; picture-in-picture; web-share\" referrerpolicy=\"strict-origin-when-cross-origin\" allowfullscreen><\/iframe>\n<\/div><\/figure>\n\n\n\n<figure class=\"wp-block-embed aligncenter is-type-video is-provider-youtube wp-block-embed-youtube wp-embed-aspect-16-9 wp-has-aspect-ratio\"><div class=\"wp-block-embed__wrapper\">\n<iframe loading=\"lazy\" title=\"Movilizaci\u00f3n del 1ro de Mayo en Medell\u00edn (2023)\" width=\"1290\" height=\"726\" src=\"https:\/\/www.youtube.com\/embed\/UBiq8rq-eS8?feature=oembed\" frameborder=\"0\" allow=\"accelerometer; autoplay; clipboard-write; encrypted-media; gyroscope; picture-in-picture; web-share\" referrerpolicy=\"strict-origin-when-cross-origin\" allowfullscreen><\/iframe>\n<\/div><\/figure>\n","protected":false},"excerpt":{"rendered":"<p>A continuaci\u00f3n, realizamos un breve recuento de la jornada de lucha del 1M que se vivi\u00f3 en varios pa\u00edses, todo este art\u00edculo se hace con informaci\u00f3n tomada de www.heraldorojo.org. <\/p>\n","protected":false},"author":1,"featured_media":25399,"comment_status":"open","ping_status":"open","sticky":false,"template":"","format":"standard","meta":{"footnotes":""},"categories":[16,31],"tags":[125,39,126,18],"class_list":["post-25371","post","type-post","status-publish","format-standard","has-post-thumbnail","hentry","category-carrusel","category-internacional","tag-1m","tag-internacionalismo","tag-primero-de-mayo","tag-protestas"],"blocksy_meta":[],"_links":{"self":[{"href":"https:\/\/nuevademocracia.com.co\/index.php?rest_route=\/wp\/v2\/posts\/25371","targetHints":{"allow":["GET"]}}],"collection":[{"href":"https:\/\/nuevademocracia.com.co\/index.php?rest_route=\/wp\/v2\/posts"}],"about":[{"href":"https:\/\/nuevademocracia.com.co\/index.php?rest_route=\/wp\/v2\/types\/post"}],"author":[{"embeddable":true,"href":"https:\/\/nuevademocracia.com.co\/index.php?rest_route=\/wp\/v2\/users\/1"}],"replies":[{"embeddable":true,"href":"https:\/\/nuevademocracia.com.co\/index.php?rest_route=%2Fwp%2Fv2%2Fcomments&post=25371"}],"version-history":[{"count":2,"href":"https:\/\/nuevademocracia.com.co\/index.php?rest_route=\/wp\/v2\/posts\/25371\/revisions"}],"predecessor-version":[{"id":25447,"href":"https:\/\/nuevademocracia.com.co\/index.php?rest_route=\/wp\/v2\/posts\/25371\/revisions\/25447"}],"wp:featuredmedia":[{"embeddable":true,"href":"https:\/\/nuevademocracia.com.co\/index.php?rest_route=\/wp\/v2\/media\/25399"}],"wp:attachment":[{"href":"https:\/\/nuevademocracia.com.co\/index.php?rest_route=%2Fwp%2Fv2%2Fmedia&parent=25371"}],"wp:term":[{"taxonomy":"category","embeddable":true,"href":"https:\/\/nuevademocracia.com.co\/index.php?rest_route=%2Fwp%2Fv2%2Fcategories&post=25371"},{"taxonomy":"post_tag","embeddable":true,"href":"https:\/\/nuevademocracia.com.co\/index.php?rest_route=%2Fwp%2Fv2%2Ftags&post=25371"}],"curies":[{"name":"wp","href":"https:\/\/api.w.org\/{rel}","templated":true}]}}