{"id":25448,"date":"2023-05-17T15:31:10","date_gmt":"2023-05-17T20:31:10","guid":{"rendered":"https:\/\/nuevademocracia.com.co\/?p=25448"},"modified":"2023-05-17T15:31:10","modified_gmt":"2023-05-17T20:31:10","slug":"a-nova-democracia-en-colombia-petro-despide-ministros-pero-de-quien-es-la-culpa-de-la-crisis","status":"publish","type":"post","link":"https:\/\/nuevademocracia.com.co\/?p=25448","title":{"rendered":"A Nova Democracia: En Colombia, Petro despide ministros, pero \u00bfde qui\u00e9n es la culpa de la crisis?"},"content":{"rendered":"\n<p class=\"has-black-color has-text-color\"><em>Publicamos esta traducci\u00f3n no oficial del art\u00edculo de  A Nova Democracia<\/em><\/p>\n\n\n\n<figure class=\"wp-block-image aligncenter size-full is-resized\"><img loading=\"lazy\" decoding=\"async\" src=\"https:\/\/nuevademocracia.com.co\/wp-content\/uploads\/2023\/05\/Petro-1.jpg\" alt=\"\" class=\"wp-image-25450\" width=\"840\" height=\"472\" srcset=\"https:\/\/nuevademocracia.com.co\/wp-content\/uploads\/2023\/05\/Petro-1.jpg 600w, https:\/\/nuevademocracia.com.co\/wp-content\/uploads\/2023\/05\/Petro-1-300x169.jpg 300w\" sizes=\"auto, (max-width: 840px) 100vw, 840px\" \/><figcaption class=\"wp-element-caption\"><mark style=\"background-color:rgba(0, 0, 0, 0)\" class=\"has-inline-color has-black-color\">Foto: Matias Martin Campaya\/EPA-EFE\/REX\/Shutterstock<\/mark><\/figcaption><\/figure>\n\n\n\n<p class=\"has-black-color has-text-color\">El 26 de abril, el presidente oportunista de Colombia, Gustavo Petro, exigi\u00f3 la renuncia de la mayor\u00eda de sus ministros. La orden de renuncia se produjo en medio de una pugna entre los diferentes grupos pol\u00edticos y fracciones de las clases dominantes reaccionarias de ese pa\u00eds respecto a la aprobaci\u00f3n de las reformas prometidas por Petro durante su campa\u00f1a electoral.<\/p>\n\n\n\n<p class=\"has-black-color has-text-color\">Al menos siete ministerios fueron reemplazados por orden de Petro, la mayor\u00eda de ellos de sectores estrat\u00e9gicos del pa\u00eds. Ellos fueron: Hacienda, Agricultura, Industria, Turismo, Transporte y Comercio y Ciencia.<\/p>\n\n\n\n<p class=\"has-black-color has-text-color\">Este desarrollo de la crisis pol\u00edtica en Colombia se produce en medio de pugnas entre los diferentes sectores de las clases dominantes colombianas en torno a las reformas propuestas por el oportunista Petro \u2013 como la pensional, laboral, judicial y a la salud. Actualmente, el principal punto de choque entre los reaccionarios del gobierno colombiano es en torno a la reforma a la salud, que busca disminuir el poder de las Empresas Promotoras de Salud (empresas con capital no estatal que intermedian la atenci\u00f3n del Sistema General de Salud del pueblo). En esta disputa, grupos m\u00e1s expl\u00edcitamente vinculados al imperialismo gritan sobre lo absurdo de la medida. De hecho, estos grupos est\u00e1n preocupados por la necesidad de que el imperialismo, en medio de la crisis, absorba cada vez m\u00e1s servicios estatales para lograr el m\u00e1ximo lucro. Mientras tanto, Petro (que ha llamado a estos sectores a su gobierno) se ve obligado a hacer malabares pol\u00edticos. Mostrando avances en medidas paliativas reformistas que no van al fondo de la cuesti\u00f3n pol\u00edtica y econ\u00f3mica colombiana, busca complacer a su base y cumplir al m\u00ednimo sus promesas electorales, elevando as\u00ed la legitimidad del viejo orden de opresi\u00f3n y explotaci\u00f3n sobre las masas colombianas.<\/p>\n\n\n\n<p class=\"has-black-color has-text-color\">A\u00fan como parte de estas maniobras, Petro avanza con la verborrea \u00abdesarrollista\u00bb para el pa\u00eds, pero lograr\u00e1 solamente impulsar el financiamiento de obras de la gran burgues\u00eda a trav\u00e9s del capital estatal, engordando los bolsillos de las clases dominantes con fondos p\u00fablicos del trabajo del pueblo colombiano. Ejemplos de estas obras son ferrocarriles, carreteras y canales fluviales que tienen como objetivo impulsar el flujo y la exportaci\u00f3n de la producci\u00f3n agr\u00edcola del latifundio colombiano. Y aqu\u00ed tambi\u00e9n es evidente un rasgo similar a Brasil: el papel central que tiene el latifundio en el pa\u00eds (que se ha mantenido intacto durante siglos y todav\u00eda est\u00e1 presente hoy).<\/p>\n\n\n\n<p class=\"has-black-color has-text-color\">En este sentido, esta pol\u00edtica reaccionaria tambi\u00e9n se expresa a trav\u00e9s de la propia sustituci\u00f3n del ex ministro de Hacienda Jos\u00e9 Antonio Ocampo, considerado desde su nombramiento de agrado para la oligarqu\u00eda financiera, por Ricardo Bonilla, director de Financiera de Desarrollo Territorial S.A., un banco de \u00abdesarrollo\u00bb vinculado al viejo Estado colombiano a trav\u00e9s del Ministerio de Hacienda y Cr\u00e9dito P\u00fablico. De esta manera, Petro mantiene el compromiso de su gobierno con el latifundio y con la gran burgues\u00eda vinculada al viejo Estado del pa\u00eds.<\/p>\n\n\n\n<p class=\"has-black-color has-text-color\">El constante empeoramiento en la vida de las masas es la consecuencia m\u00e1s importante del compromiso de Petro con la reacci\u00f3n colombiana en el mantenimiento del viejo Estado colombiano. En todo el pa\u00eds, la pobreza y el hambre est\u00e1n en niveles exorbitantes. Solo en la capital, Bogot\u00e1, el hambre ha aumentado del 14% en 2019 al 25 % en 2022. Adem\u00e1s, en el campo, hay varias masacres, desalojos cometidos contra campesinos e ind\u00edgenas en lucha. En los primeros tres meses de 2023, cuatro firmantes de los acuerdos de paz de las FARC y 31 l\u00edderes comunitarios fueron asesinados. Ya durante el a\u00f1o pasado, las fuerzas militares reaccionarias de Gustavo Petro fueron responsables de la masacre de 11 campesinos en la regi\u00f3n del Putumayo y 23 guerrilleros durante una operaci\u00f3n en Arauca. Adem\u00e1s, Gustavo Petro utiliz\u00f3 el Escuadr\u00f3n M\u00f3vil Antidisturbios (Esmad; fuerza de choque policial que Petro prometi\u00f3 disolver durante la campa\u00f1a electoral) para promover diversos desalojos y represiones contra ind\u00edgenas y campesinos en las regiones de Cauca, Curumarri, Dagua y Cagu\u00e1n.<\/p>\n\n\n\n<figure class=\"wp-block-image aligncenter size-large\"><img loading=\"lazy\" decoding=\"async\" width=\"1024\" height=\"580\" src=\"https:\/\/nuevademocracia.com.co\/wp-content\/uploads\/2023\/05\/gabinete-1024x580.jpeg\" alt=\"\" class=\"wp-image-25451\" srcset=\"https:\/\/nuevademocracia.com.co\/wp-content\/uploads\/2023\/05\/gabinete-1024x580.jpeg 1024w, https:\/\/nuevademocracia.com.co\/wp-content\/uploads\/2023\/05\/gabinete-300x170.jpeg 300w, https:\/\/nuevademocracia.com.co\/wp-content\/uploads\/2023\/05\/gabinete-768x435.jpeg 768w, https:\/\/nuevademocracia.com.co\/wp-content\/uploads\/2023\/05\/gabinete.jpeg 1200w\" sizes=\"auto, (max-width: 1024px) 100vw, 1024px\" \/><figcaption class=\"wp-element-caption\"><mark style=\"background-color:rgba(0, 0, 0, 0)\" class=\"has-inline-color has-black-color\">Foto: El Tiempo<\/mark><\/figcaption><\/figure>\n","protected":false},"excerpt":{"rendered":"<p>Publicamos esta traducci\u00f3n no oficial del art\u00edculo de A Nova Democracia El 26 de abril, el presidente oportunista de Colombia, Gustavo Petro, exigi\u00f3 la renuncia de la mayor\u00eda de sus ministros. La orden de renuncia se produjo en medio de una pugna entre los diferentes grupos pol\u00edticos y fracciones de las clases dominantes reaccionarias de [&hellip;]<\/p>\n","protected":false},"author":1,"featured_media":25451,"comment_status":"open","ping_status":"open","sticky":false,"template":"","format":"standard","meta":{"footnotes":""},"categories":[16,4],"tags":[5],"class_list":["post-25448","post","type-post","status-publish","format-standard","has-post-thumbnail","hentry","category-carrusel","category-colombia","tag-petro"],"blocksy_meta":[],"_links":{"self":[{"href":"https:\/\/nuevademocracia.com.co\/index.php?rest_route=\/wp\/v2\/posts\/25448","targetHints":{"allow":["GET"]}}],"collection":[{"href":"https:\/\/nuevademocracia.com.co\/index.php?rest_route=\/wp\/v2\/posts"}],"about":[{"href":"https:\/\/nuevademocracia.com.co\/index.php?rest_route=\/wp\/v2\/types\/post"}],"author":[{"embeddable":true,"href":"https:\/\/nuevademocracia.com.co\/index.php?rest_route=\/wp\/v2\/users\/1"}],"replies":[{"embeddable":true,"href":"https:\/\/nuevademocracia.com.co\/index.php?rest_route=%2Fwp%2Fv2%2Fcomments&post=25448"}],"version-history":[{"count":3,"href":"https:\/\/nuevademocracia.com.co\/index.php?rest_route=\/wp\/v2\/posts\/25448\/revisions"}],"predecessor-version":[{"id":25454,"href":"https:\/\/nuevademocracia.com.co\/index.php?rest_route=\/wp\/v2\/posts\/25448\/revisions\/25454"}],"wp:featuredmedia":[{"embeddable":true,"href":"https:\/\/nuevademocracia.com.co\/index.php?rest_route=\/wp\/v2\/media\/25451"}],"wp:attachment":[{"href":"https:\/\/nuevademocracia.com.co\/index.php?rest_route=%2Fwp%2Fv2%2Fmedia&parent=25448"}],"wp:term":[{"taxonomy":"category","embeddable":true,"href":"https:\/\/nuevademocracia.com.co\/index.php?rest_route=%2Fwp%2Fv2%2Fcategories&post=25448"},{"taxonomy":"post_tag","embeddable":true,"href":"https:\/\/nuevademocracia.com.co\/index.php?rest_route=%2Fwp%2Fv2%2Ftags&post=25448"}],"curies":[{"name":"wp","href":"https:\/\/api.w.org\/{rel}","templated":true}]}}