{"id":25455,"date":"2023-05-21T16:30:06","date_gmt":"2023-05-21T21:30:06","guid":{"rendered":"https:\/\/nuevademocracia.com.co\/?p=25455"},"modified":"2024-07-10T13:30:11","modified_gmt":"2024-07-10T18:30:11","slug":"lucha-por-la-tierra-en-brasil","status":"publish","type":"post","link":"https:\/\/nuevademocracia.com.co\/?p=25455","title":{"rendered":"Lucha por la tierra en Brasil"},"content":{"rendered":"\n<p class=\"has-black-color has-text-color\">A continuaci\u00f3n, compartimos algunas noticias de la lucha por la tierra en Brasil, la cual se ha intensificado a lo largo de este a\u00f1o. La informaci\u00f3n de este art\u00edculo es tomada del hermano Jornal A Nova Democracia (<a href=\"http:\/\/www.anovademocracia.com.br\" target=\"_blank\" rel=\"noreferrer noopener\">www.anovademocracia.com.br<\/a>)<\/p>\n\n\n\n<p class=\"has-black-color has-text-color\">Entre los meses de enero y febrero, al menos 9.500 campesinos se movilizaron por tierra en el estado de Bahia, recurriendo a ocupaciones de tierras o a bloqueos de v\u00edas. Tambi\u00e9n en los estados de Sao Paulo y de Paran\u00e1 se presentaron movilizaciones que estremecieron el latifundio, en el marco del llamado \u201cCarnaval Rojo\u201d impulsado por el Frente Nacional de Lucha \u2013 Campo y Ciudad (FNL). En marzo la movilizaci\u00f3n campesina por tierra se extendi\u00f3 a los estados de Rio Grande del Sur y de Alagoas.<\/p>\n\n\n\n<figure class=\"wp-block-image aligncenter size-large\"><img loading=\"lazy\" decoding=\"async\" width=\"1024\" height=\"538\" src=\"https:\/\/nuevademocracia.com.co\/wp-content\/uploads\/2023\/05\/Lucha-por-tierra-Brasil-001-1024x538.jpg\" alt=\"\" class=\"wp-image-25456\" srcset=\"https:\/\/nuevademocracia.com.co\/wp-content\/uploads\/2023\/05\/Lucha-por-tierra-Brasil-001-1024x538.jpg 1024w, https:\/\/nuevademocracia.com.co\/wp-content\/uploads\/2023\/05\/Lucha-por-tierra-Brasil-001-300x158.jpg 300w, https:\/\/nuevademocracia.com.co\/wp-content\/uploads\/2023\/05\/Lucha-por-tierra-Brasil-001-768x403.jpg 768w, https:\/\/nuevademocracia.com.co\/wp-content\/uploads\/2023\/05\/Lucha-por-tierra-Brasil-001.jpg 1200w\" sizes=\"auto, (max-width: 1024px) 100vw, 1024px\" \/><\/figure>\n\n\n\n<p class=\"has-text-align-center has-black-color has-text-color\"><em>Campesinos toman tierra durante Carnaval Rojo. Foto: Reproducci\u00f3n.<\/em><\/p>\n\n\n\n<p class=\"has-black-color has-text-color\">Ante ese fortalecimiento de la lucha por la tierra por todo Brasil, los latifundistas, con profunda furia reaccionaria, est\u00e1n organizando grupos en diferentes regiones para reprimir y desalojar a los campesinos. Estos grupos son llamados \u201cc\u00e9lulas\u201d y ya se encuentran en varios municipios. Uno de los latifundistas, Luis Uaquim, afirm\u00f3 que el movimiento de la lucha por la tierra \u201cest\u00e1 ganando una dimensi\u00f3n nunca antes vista\u201d y que es \u201cuna bomba a punto de explotar\u201d haciendo referencia a que durante los desalojos \u201cpuede haber conflicto\u201d.<\/p>\n\n\n\n<p class=\"has-black-color has-text-color\">Los grandes propietarios de tierra se est\u00e1n organizando y preparando para reprimir a los campesinos, y lo hacen amparados y con el consentimiento del gobierno de la \u201cizquierda\u201d oportunista de Luiz In\u00e1cio Lula da Silva (actual presidente), quien ha expresado su apoyo a que los latifundistas se armen, como lo hizo durante la campa\u00f1a electoral, cuando Lula intent\u00f3 tranquilizar a los grandes propietarios de tierras y afirm\u00f3, en entrevista al Canal Rural, que \u201cnadie va a impedir que el due\u00f1o de hacienda tenga una o dos armas en casa\u201d.<\/p>\n\n\n\n<p class=\"has-black-color has-text-color\">M\u00e1s recientemente, el 4 de mayo, Carlos F\u00e1varo, Ministro de Agricultura del gobierno oportunista de Lula, durante una audiencia p\u00fablica en el Senado, expres\u00f3: \u201cInvasi\u00f3n de tierras no es leg\u00edtima. No debemos apoyar. No es concebible apoyar la invasi\u00f3n de tierras. De mi parte nunca lo har\u00e9\u201d.&nbsp; En otros momentos, este mismo ministro ha comparado las tomas de tierras con las acciones realizadas por los seguidores de Jair Bolsonaro (expresidente) el 8 de enero, llamando ambas como \u201cterrorismo\u201d, y afirmando que las ocupaciones de tierras realizadas por los campesinos pobres son tan \u201cabominables como lo fue la invasi\u00f3n del Congreso Nacional el 8 de enero\u201d. Tambi\u00e9n insiste en la idea de campa\u00f1a de Lula, de que los latifundistas deben estar armados para defenderse de los campesinos pobres, cuando afirm\u00f3 que \u201cel ciudadano que vive en el interior tiene necesidad de tener una o dos armas y un poco de munici\u00f3n para hacer la primera defensa. Imag\u00ednese si [el campesino] tuviera la certeza de que el hombre del campo no tiene un arma. Va a barbarizar la propiedad de \u00e9l\u201d.<\/p>\n\n\n\n<p class=\"has-black-color has-text-color\">Por otra parte, Paulo Teixeira, Ministro de Desarrollo Agrario, quien supuestamente es \u201cel hombre de la reforma agraria\u201d, tambi\u00e9n se ha expresado en contra de la lucha campesina cuando afirm\u00f3 que \u201ccon \u00e1reas ocupadas, no negociamos. No hay de este gobierno cualquier indulgencia con ese tipo de problema\u201d, refiri\u00e9ndose a las tomas de tierras. Sin embargo, como ministros de un gobierno de \u201cizquierda\u201d oportunista, al mismo tiempo que condenan y juzgan a las masas que luchan, tambi\u00e9n tienen que prometer y hacer demagogia para intentar enga\u00f1ar y apaciguar al campesinado. Por tal raz\u00f3n, recientemente Teixeira ha afirmado que el gobierno presentar\u00e1 \u201cen mayo un programa de reforma agraria para 2023; un programa que pueda traer no solo la tierra, sino infraestructura, cr\u00e9dito y asistencia t\u00e9cnica\u201d.<\/p>\n\n\n\n<p class=\"has-black-color has-text-color\">As\u00ed pues, los latifundistas de Brasil, apoyados por estas declaraciones de Lula y sus ministros, han desatado una respuesta de represi\u00f3n para hacer frente al fortalecimiento de la lucha campesina. En enero tres campesinos que ocupaban tierras bajo el liderazgo de la Liga de los Campesinos Pobres (LCP), en el estado de Rondonia, fueron asesinados. En febrero, otro campesino integrante de la LCP fue encontrado muerto en el Norte de Minas Gerais, regi\u00f3n de conflicto agrario. Adem\u00e1s de los asesinatos, se han registrado otros ataques contra la lucha campesina, por ejemplo, el 19 de marzo, 15 hombres encapuchados y armados con armas de grueso calibre atacaron la comunidad campesina de Baix\u00e3o dos Rochas, en S\u00e3o Benedito do Rio Preto, destruyendo casas, matando animales y quemando cultivos. Otras tomas de tierras, dirigidas por la LCP, han sido hostigadas por pistoleros a sueldo de los latifundistas, quienes intimidan a las familias. El Frente Nacional de Lucha (FNL), tambi\u00e9n denunci\u00f3 que en marzo fueron arrestados tres de sus integrantes. Estos tres integrantes presos, se suman a una larga lista de campesinos y activistas de la lucha por la tierra que se encuentran encarcelados por el viejo Estado brasile\u00f1o.<\/p>\n\n\n\n<p class=\"has-black-color has-text-color\">Los ind\u00edgenas tambi\u00e9n han sido blanco de una fuerte represi\u00f3n por parte de los latifundistas, en enero dos j\u00f3venes ind\u00edgenas, ambos de tan solo 15 a\u00f1os de edad, fueron baleados en la Tierra Ind\u00edgena Arariboia, ambos sobrevivieron al ataque. Entre enero y febrero otros cinco casos se presentaron dando como resultado 5 ind\u00edgenas asesinados en diferentes regiones ind\u00edgenas. Adem\u00e1s de lo anterior, en el mes de marzo la Polic\u00eda Militar en conjunto con pistoleros a sueldo de los latifundistas, realizaron una acci\u00f3n represiva contra una recuperaci\u00f3n de tierras realizada por los ind\u00edgenas en Rio Brilhante, detuvieron tres ind\u00edgenas de forma arbitraria y confiscaron tiendas y bienes como bicicletas y motocicletas de los ind\u00edgenas.<\/p>\n\n\n\n<p class=\"has-black-color has-text-color\">Estas son solo algunas de las acciones que han desatado los latifundistas, entre enero y marzo, bajo el amparo del gobierno oportunista de Lula y sus ministros, declarados enemigos de las tomas campesinas de tierra. Acciones represivas que se han mantenido en los meses recientes. Aun as\u00ed, a pesar de dicha represi\u00f3n, la lucha se mantiene vigorosa y nuevas tomas de tierras han sido realizadas durante los meses de abril y mayo.<\/p>\n\n\n\n<p class=\"has-black-color has-text-color\">Esta oleada de tomas de tierras es consecuencia de la crisis agonizante del capitalismo burocr\u00e1tico en el pa\u00eds, en que la inflaci\u00f3n, la canasta b\u00e1sica y el endeudamiento aumentan mes a mes. En el primer trimestre de 2023 creci\u00f3 el desempleo seg\u00fan el Instituto Brasilero de Geograf\u00eda y Estad\u00edstica (IBGE). Entonces, frente a los altos precios de alquileres, v\u00edveres y falta de oportunidades de empleo en las ciudades, junto a la gran cantidad de campesinos que ya se encontraban sin o con poca tierra, m\u00e1s y m\u00e1s familias se encaminan hacia la necesidad de tomar las tierras del latifundio para vivir y trabajar en ellas.<\/p>\n\n\n\n<p class=\"has-black-color has-text-color\">El 3 de abril, cerca de 250 campesinos ocuparon tierras en el municipio de Timba\u00faba, estado de Pernambuco, las cuales pertenec\u00edan a la empresa Ugina Cruangi, pero que hab\u00edan sido expropiadas por el gobierno en 2013 al estar improductivas. Esta ocupaci\u00f3n ocurre en el marco de lo que el Movimiento de los Trabajadores Sin Tierra (MST) ha llamado \u201cAbril Rojo\u201d, una jornada de lucha por la tierra en memoria de la masacre de Eldorado dos Caraj\u00e1s, ocurrida el 17 de abril de 1996. En el marco de esta memoria el movimiento ha intensificado sus actividades por el pa\u00eds. A lo largo del mes de abril, solo en el estado de Pernambuco, cerca de 2.800 familias (11.200 campesinos) ocuparon tierras en varias regiones. Los campesinos afirman que el hambre azota el pa\u00eds y afirman que las tomas de tierra son la soluci\u00f3n para el problema en Brasil.<\/p>\n\n\n\n<figure class=\"wp-block-image aligncenter size-full is-resized\"><img loading=\"lazy\" decoding=\"async\" src=\"https:\/\/nuevademocracia.com.co\/wp-content\/uploads\/2023\/05\/Lucha-por-tierra-Brasil-003.jpg\" alt=\"\" class=\"wp-image-25457\" width=\"384\" height=\"417\" srcset=\"https:\/\/nuevademocracia.com.co\/wp-content\/uploads\/2023\/05\/Lucha-por-tierra-Brasil-003.jpg 768w, https:\/\/nuevademocracia.com.co\/wp-content\/uploads\/2023\/05\/Lucha-por-tierra-Brasil-003-276x300.jpg 276w\" sizes=\"auto, (max-width: 384px) 100vw, 384px\" \/><\/figure>\n\n\n\n<p class=\"has-text-align-center has-black-color has-text-color\"><em>Ocupaci\u00f3n de tierra en Pernambuco. Foto: MST<\/em><\/p>\n\n\n\n<p class=\"has-black-color has-text-color\">El 5 de abril polic\u00edas militares de S\u00e3o Jo\u00e3o da Barra, en Rio de Janeiro, al servicio de la empresa Gas Natural A\u00e7\u00fa, atacaron campesinos con gas pimienta y trataron de destruir un cultivo de pi\u00f1a de los campesinos. Estos campesinos llevan 10 a\u00f1os resistiendo y luchando contra el mega proyecto Porto do A\u00e7u, que desde el a\u00f1o 2012 ha expropiado a m\u00e1s de 1.500 familias campesinas en esta regi\u00f3n. Estas expropiaciones fueron posibles a trav\u00e9s de una campa\u00f1a cobarde de amenazas y persecuciones realizada por agentes privados de seguridad y por el 8\u00b0 Batall\u00f3n de la Polic\u00eda Militar de Campos de Goytacazes. Hasta el d\u00eda de hoy, las familias que fueron expulsadas, no han recibido los valores prometidos en la expropiaci\u00f3n.&nbsp;<\/p>\n\n\n\n<p class=\"has-black-color has-text-color\">El 8 de abril, una recuperaci\u00f3n de tierra realizada por ind\u00edgenas Guarani-kaiow\u00e1, en Dourados, estado de Mato Grosso del Sur, contra la construcci\u00f3n de un condominio de lujo, fue duramente reprimida por la Polic\u00eda Militar. La operaci\u00f3n criminal ocurri\u00f3 sin orden judicial y result\u00f3 en la prisi\u00f3n arbitraria de diez ind\u00edgenas. Al d\u00eda siguiente, pistoleros de los latifundistas incendiaron una casa de uno de los detenidos. A pesar de la represi\u00f3n, los ind\u00edgenas afirman que no se rendir\u00e1n y que por el contrario realizar\u00e1n nuevas recuperaciones y ocupaciones en m\u00e1s tierras que ellos reivindican como suyas.<\/p>\n\n\n\n<p class=\"has-black-color has-text-color\">El 10 de abril, domingo de pascua, pistoleros al servicio del latifundio emboscaron y asesinaron al campesino Lindomar Dias, morador de la ocupaci\u00f3n Divino Pai Eterno, en el sureste del estado de Par\u00e1. Lindomar se encontraba con otros campesinos intentando recuperar sus casas, de las cuales hab\u00edan sido desalojados por los pistoleros hace meses. Lindomar es el s\u00e9ptimo campesino asesinado en la ocupaci\u00f3n de tierra Divino Pai Eterno desde que inici\u00f3 en 2008.<\/p>\n\n\n\n<p class=\"has-black-color has-text-color\">El 11 de abril se informaron denuncias realizadas por la Liga de Campesinos Pobres (LCP) del Norte de Minas y Sur da Bahia, quienes en un comunicado denunciaron que las milicias paramilitares de los latifundistas, grupos privados con armas de grueso calibre, circulan libremente a la luz del d\u00eda, amenazando a los campesinos que luchan por la tierra, y que eso lo hacen con la complicidad de la Polic\u00eda Militar. La LCP afirma que la actuaci\u00f3n criminal de los polic\u00edas recuerda los tiempos del r\u00e9gimen militar, \u00e9poca de grandes luchas campesinas en el Norte de Minas, cuando el Coronel Georgino persigui\u00f3, arrest\u00f3, tortur\u00f3 y mat\u00f3 campesinos pobres para expulsar cientos de agricultores de sus tierras. A pesar de la represi\u00f3n, en su comunicado la LCP afirma que los latifundistas \u201cno tendr\u00e1n paz, en cuanto las tierras robadas de los campesinos pobres no retornen a los verdaderos due\u00f1os y el sufrimiento causado y la sangre derramada no sea vengada\u201d.<\/p>\n\n\n\n<figure class=\"wp-block-image size-full\"><img loading=\"lazy\" decoding=\"async\" width=\"1024\" height=\"538\" src=\"https:\/\/nuevademocracia.com.co\/wp-content\/uploads\/2023\/05\/Lucha-por-tierra-Brasil-004.jpg\" alt=\"\" class=\"wp-image-25458\" srcset=\"https:\/\/nuevademocracia.com.co\/wp-content\/uploads\/2023\/05\/Lucha-por-tierra-Brasil-004.jpg 1024w, https:\/\/nuevademocracia.com.co\/wp-content\/uploads\/2023\/05\/Lucha-por-tierra-Brasil-004-300x158.jpg 300w, https:\/\/nuevademocracia.com.co\/wp-content\/uploads\/2023\/05\/Lucha-por-tierra-Brasil-004-768x404.jpg 768w\" sizes=\"auto, (max-width: 1024px) 100vw, 1024px\" \/><\/figure>\n\n\n\n<p class=\"has-text-align-center has-black-color has-text-color\"><em>LCP plantea que Polic\u00edas Militares act\u00faan en conjunto con paramilitar del latifundio en Minas Gerais. Foto: LCP<\/em><\/p>\n\n\n\n<p class=\"has-black-color has-text-color\">El 17 de abril, 200 familias campesinas ocuparon un \u00e1rea del monopolio latifundista Suzano Papel e Celulose LTDA, al norte del estado de Esp\u00edrito Santo. Ese mismo d\u00eda, el juez F\u00e1bio Massariol, atendi\u00f3 la solicitud de la empresa para desalojar a las familias campesinas, autorizando a la polic\u00eda a usar la fuerza y estableciendo una multa de R$ 5 mil por hora para cada campesino que incumpliera la orden. La rapidez de la \u201cJusticia\u201d para decretar la restituci\u00f3n de la propiedad a favor de la empresa latifundista, contrasta con la lentitud y la negligencia con que el sistema judicial del viejo Estado act\u00faa en los procesos de titulaci\u00f3n de tierras para los campesinos pobres y en las entregas de tierras a los campesinos sin tierra a trav\u00e9s de las fallidas \u201creformas agrarias\u201d.<\/p>\n\n\n\n<p class=\"has-black-color has-text-color\">El d\u00eda 23 de abril, m\u00e1s de 520 familias, bajo la direcci\u00f3n del FNL, realizaron la toma de un terreno en Cap\u00e3o Bonito, estado de S\u00e3o Paulo, de casi 2.500 alqueires (medida agraria variable seg\u00fan la regi\u00f3n, en el estado de S\u00e3o Paulo un alqueire equivale a 24.200 m2). El terreno estaba abandonado hace 20 a\u00f1os y el objetivo de las familias es construir all\u00ed sus viviendas, ya que en ese municipio hay un d\u00e9ficit habitacional y las masas trabajadoras ya no tienen como pagar los arriendos. Los arriendos est\u00e1n entre los mayores gastos de las familias, siendo uno de los grandes responsables por el atraso en los pagos y los endeudamientos de los trabajadores. En una entrevista realizada por Bizarre World a los trabajadores de esta ocupaci\u00f3n, una de ellas expres\u00f3: \u201cel pueblo para conseguir lo que quiere tiene que ir a la lucha, porque nadie consigue nada sin luchar\u201d.<\/p>\n\n\n\n<p class=\"has-black-color has-text-color\">Entre los d\u00edas 28 de abril y 2 de mayo, cerca de 430 familias campesinas de Rio Grande del Norte y Bahia, organizados por el Movimiento de los Trabajadores Rurales sin Tierra (MST), ocuparon tierras de cuatro latifundios. El 28 de abril, 70 familias campesinas tomaron un terreno improductivo perteneciente al municipio de Maca\u00edba. Al d\u00eda siguiente otros dos latifundios fueron ocupados por 230 familias: la hacienda Terra Nova, en la ciudad de Riachuelos, y la hacienda Ubatuba, en el municipio de Ielmo Marinho. En esta \u00faltima, campesinos ya hab\u00edan tomado parte de sus tierras en 2009. El 29 de abril, en la regi\u00f3n de Chapada Diamantina, 130 familias campesinas, tomaron, en la madrugada, la Hacienda Boa Esperan\u00e7a, abandonada hace 18 a\u00f1os y que tiene una extensi\u00f3n de 1.300 hect\u00e1reas de tierra improductiva.<\/p>\n\n\n\n<figure class=\"wp-block-image size-full\"><img loading=\"lazy\" decoding=\"async\" width=\"1024\" height=\"461\" src=\"https:\/\/nuevademocracia.com.co\/wp-content\/uploads\/2023\/05\/Lucha-por-tierra-Brasil-002.jpg\" alt=\"\" class=\"wp-image-25459\" srcset=\"https:\/\/nuevademocracia.com.co\/wp-content\/uploads\/2023\/05\/Lucha-por-tierra-Brasil-002.jpg 1024w, https:\/\/nuevademocracia.com.co\/wp-content\/uploads\/2023\/05\/Lucha-por-tierra-Brasil-002-300x135.jpg 300w, https:\/\/nuevademocracia.com.co\/wp-content\/uploads\/2023\/05\/Lucha-por-tierra-Brasil-002-768x346.jpg 768w\" sizes=\"auto, (max-width: 1024px) 100vw, 1024px\" \/><\/figure>\n\n\n\n<p class=\"has-text-align-center has-black-color has-text-color\"><em>Ocupaci\u00f3n moviliz\u00f3 cerca de 120 mujeres campesinas en Bahia. Foto: Reproducci\u00f3n.<\/em><\/p>\n\n\n\n<p class=\"has-black-color has-text-color\">El 2 de mayo, en Marac\u00e1s, campesinos ocuparon la sede de la Compa\u00f1\u00eda de Hierro de las Ligas de Bahia (Ferbasa). La movilizaci\u00f3n ocurri\u00f3 despu\u00e9s de que la empresa ordenara un desalojo contra los campesinos el d\u00eda 27 de abril, en un latifundio abandonado de su propiedad en el municipio de Planaltino, los campesinos estaban en esas tierras desde el 30 de marzo.<\/p>\n\n\n\n<p class=\"has-black-color has-text-color\">El d\u00eda 6 de mayo, cerca de 75 familias dirigidas por el FNL tomaron tierra de la Hacienda Buriti Santana, en el estado de Minas Gerais. Al d\u00eda siguiente los campesinos fueron atacados por el latifundista Evandro da Rocha y su esposa, junto al coronel retirado Ademir Afonso Ribeiro y 10 pistoleros, amenazaron con matar a los ni\u00f1os e hicieron m\u00e1s de 70 disparos en direcci\u00f3n a los campesinos. Algunos lideres fueron detenidos, se les neg\u00f3 el derecho a comunicarse con sus familias o con un abogado, y mientras estuvieron detenidos fueron amenazados de muerte. Los dirigentes del FNL informan que, con estos hechos, queda evidenciada la relaci\u00f3n de la Polic\u00eda Militar del Estado de Minas Gerais con el latifundio, haciendo el servicio de pistoleros para defender lo m\u00e1s atrasado y arcaico del pa\u00eds.<\/p>\n\n\n\n<p class=\"has-black-color has-text-color\">La cantidad de familias de campesinos pobres, sin tierra o con poca tierra, que luchan por un pedazo de tierra para vivir y trabajar en ella, sobrepasa decenas de miles. Solamente en S\u00e3o Paulo, desde inicios del a\u00f1o fueron 1.674 familias que se han movilizado en tomas de tierras. En Pernambuco, fueron m\u00e1s de 11.000 campesinos. En Bahia, desde el inicio de este a\u00f1o, son m\u00e1s de 4.000 familias que han tomado tierras.<\/p>\n\n\n\n<p class=\"has-black-color has-text-color\">Las tomas de tierras actuales, son parte de una gran movilizaci\u00f3n campesina que ha estallado por todo el pa\u00eds, iniciada entre 2020 y 2021 por las grandes batallas en el \u00c1rea Tiago Campin dos Santos, en Rondonia, bajo la direcci\u00f3n de la LCP, cuando miles de familias campesinas derrotaron tres campa\u00f1as de cerco y operaciones de desalojo que contaron con 3.000 polic\u00edas, helic\u00f3pteros y otros medios de represi\u00f3n dirigidos por el ej\u00e9rcito. Las familias lograron defender su pedazo de tierra y hoy viven y producen en el \u00c1rea Tiago Campin dos Santos. En esta batalla cayeron los campesinos militantes de la LCP Gedeon Jos\u00e9 Duque e Rafael Gasparini Tedesco.<\/p>\n\n\n\n<p class=\"has-black-color has-text-color\">Un Senador del estado de Rondonia, recogiendo el sentir de los latifundistas, expres\u00f3 su preocupaci\u00f3n por el avance de la lucha campesina, el 4 de mayo en una audiencia p\u00fablica afirm\u00f3: \u201cnosotros podemos tener un conflicto muy grande. Si eso no tiene medidas urgentes, podemos tener conflictos. Podemos tener una revoluci\u00f3n en el campo\u201d. Esta preocupaci\u00f3n, precisamente es la que est\u00e1 llevando a los latifundistas a armarse y conformar grupos paramilitares (pistoleros) para defender sus tierras, y ese avance y fortalecimiento de la lucha campesina es precisamente lo que el gobierno oportunista de Lula (que se dice de \u201cizquierda\u201d) y toda la reacci\u00f3n tratan de evitar.<\/p>\n\n\n\n<p class=\"has-black-color has-text-color\">Sin embargo, la lucha campesina por la sagrada tierra contin\u00faa creciendo en todo Brasil, en contra del latifundio y en busca de la tierra para quien la trabaja. La Liga de Campesinos Pobres (LCP), en un comunicado reciente afirm\u00f3 que, \u201cla \u00fanica soluci\u00f3n para esa grave crisis econ\u00f3mica es tomar las tierras del latifundio y estreg\u00e1rsela a los campesinos pobres sin tierra o con poca tierra, a los trabajadores desempleados, a los padres y madres de familia, para que puedan producir alimentos en las tierras abandonadas por el latifundio par\u00e1sito\u201d.<\/p>\n","protected":false},"excerpt":{"rendered":"<p>A continuaci\u00f3n, compartimos algunas noticias de la lucha por la tierra en Brasil, la cual se ha intensificado a lo largo de este a\u00f1o. <\/p>\n","protected":false},"author":1,"featured_media":25458,"comment_status":"open","ping_status":"open","sticky":false,"template":"","format":"standard","meta":{"footnotes":""},"categories":[16,31,144],"tags":[82,21,42,41],"class_list":["post-25455","post","type-post","status-publish","format-standard","has-post-thumbnail","hentry","category-carrusel","category-internacional","category-lucha-por-la-tierra","tag-brasil","tag-campesinos","tag-lucha-por-la-tierra","tag-represion-estatal"],"blocksy_meta":[],"_links":{"self":[{"href":"https:\/\/nuevademocracia.com.co\/index.php?rest_route=\/wp\/v2\/posts\/25455","targetHints":{"allow":["GET"]}}],"collection":[{"href":"https:\/\/nuevademocracia.com.co\/index.php?rest_route=\/wp\/v2\/posts"}],"about":[{"href":"https:\/\/nuevademocracia.com.co\/index.php?rest_route=\/wp\/v2\/types\/post"}],"author":[{"embeddable":true,"href":"https:\/\/nuevademocracia.com.co\/index.php?rest_route=\/wp\/v2\/users\/1"}],"replies":[{"embeddable":true,"href":"https:\/\/nuevademocracia.com.co\/index.php?rest_route=%2Fwp%2Fv2%2Fcomments&post=25455"}],"version-history":[{"count":3,"href":"https:\/\/nuevademocracia.com.co\/index.php?rest_route=\/wp\/v2\/posts\/25455\/revisions"}],"predecessor-version":[{"id":25466,"href":"https:\/\/nuevademocracia.com.co\/index.php?rest_route=\/wp\/v2\/posts\/25455\/revisions\/25466"}],"wp:featuredmedia":[{"embeddable":true,"href":"https:\/\/nuevademocracia.com.co\/index.php?rest_route=\/wp\/v2\/media\/25458"}],"wp:attachment":[{"href":"https:\/\/nuevademocracia.com.co\/index.php?rest_route=%2Fwp%2Fv2%2Fmedia&parent=25455"}],"wp:term":[{"taxonomy":"category","embeddable":true,"href":"https:\/\/nuevademocracia.com.co\/index.php?rest_route=%2Fwp%2Fv2%2Fcategories&post=25455"},{"taxonomy":"post_tag","embeddable":true,"href":"https:\/\/nuevademocracia.com.co\/index.php?rest_route=%2Fwp%2Fv2%2Ftags&post=25455"}],"curies":[{"name":"wp","href":"https:\/\/api.w.org\/{rel}","templated":true}]}}