{"id":25463,"date":"2023-05-22T15:12:28","date_gmt":"2023-05-22T20:12:28","guid":{"rendered":"https:\/\/nuevademocracia.com.co\/?p=25463"},"modified":"2023-05-22T15:12:28","modified_gmt":"2023-05-22T20:12:28","slug":"confirmado-los-acuerdos-de-paz-fueron-una-farsa","status":"publish","type":"post","link":"https:\/\/nuevademocracia.com.co\/?p=25463","title":{"rendered":"Confirmado: Los acuerdos de Paz fueron una farsa"},"content":{"rendered":"\n<p class=\"has-black-color has-text-color\">El pasado 11 de abril el presidente Petro durante el plenario del Consejo Nacional de Paz, Reconciliaci\u00f3n y Convivencia (CNPRC), asegur\u00f3 que, aunque su gobierno tiene el deseo de cumplir el Acuerdo de Paz, pactado con las FARC-EP, lamentablemente no hay el dinero suficiente para ello. En sus propias palabras dijo:<\/p>\n\n\n\n<p class=\"has-black-color has-text-color\">\u201cYo me pregunto, \u00bfse firm\u00f3 ese Acuerdo con la intenci\u00f3n de aplicarlo o con la intenci\u00f3n de desarmar a las Farc y despu\u00e9s, a la colombiana, refundir todas las cosas? Yo s\u00ed quiero aplicar el Acuerdo de Paz, pero vale 150 billones. Si lo firm\u00f3 el gobierno de Santos a nombre del Estado y la sociedad queda ah\u00ed representada, entonces, d\u00edganme\u00bfde d\u00f3nde voy a sacar 150 billones?\u201d.<\/p>\n\n\n\n<p class=\"has-black-color has-text-color\">Por otra parte, en cuanto a la reparaci\u00f3n de las v\u00edctimas, Petro afirm\u00f3 que ser\u00edan necesarios 125 a\u00f1os para cumplirles a las actuales v\u00edctimas del conflicto armado:<\/p>\n\n\n\n<p class=\"has-black-color has-text-color\">\u201cLos datos que tenemos, de acuerdo con la Unidad de V\u00edctimas, es que el valor de indemnizaci\u00f3n es de 301 billones de pesos. El presupuesto de este a\u00f1o para esa entidad es 2.5 billones anuales. Simple matem\u00e1tica: 301 billones entre 2.5 billones nos da el tiempo total para indemnizar las v\u00edctimas de 125 a\u00f1os. Es decir, aqu\u00ed estamos hablando de una mentira (&#8230;) Al pa\u00eds se le est\u00e1 mintiendo\u201d.<\/p>\n\n\n\n<p class=\"has-black-color has-text-color\">Ante esto, Rodrigo Londo\u00f1o, actual presidente del Partido Comunes y quien fuese el \u00faltimo comandante en jefe de las FARC-EP, firmante del Acuerdo de Paz y actualmente consagrado a la politiquer\u00eda con su partido Comunes, sin ning\u00fan asomo de verg\u00fcenza celebr\u00f3 las declaraciones de Petro:<\/p>\n\n\n\n<p class=\"has-black-color has-text-color\">\u201cCelebro el compromiso del presidente Petro con la implementaci\u00f3n integral del Acuerdo Final. El costo financiero de cumplir lo pactado, por m\u00e1s alto que parezca, es un costo \u00ednfimo frente a la posibilidad de construir un pa\u00eds en paz con justicia social\u201d.<\/p>\n\n\n\n<p class=\"has-black-color has-text-color\">Es decir, a este ex comandante guerrillero, firmante del Acuerdo de Paz, le est\u00e1n diciendo en su cara, sin rodeos ni tapujos, que aquellas promesas que firmaron y por las que se desmovilizaron y entregaron las armas, son inviables y no podr\u00e1n ser cumplidas, que fueron \u201cuna mentira\u201d. Y a\u00fan as\u00ed, este arrodillado no se sonroja celebrando esas declaraciones y contin\u00faa divagando y fantaseando con la posibilidad de construir \u201cun pa\u00eds en paz con justicia social\u201d bajo el actual sistema econ\u00f3mico y pol\u00edtico.<\/p>\n\n\n\n<p class=\"has-black-color has-text-color\">Es importante recordar, que, desde el inicio de los di\u00e1logos de paz, el presidente de ese momento, Juan Manuel Santos, dej\u00f3 muy claro que el modelo econ\u00f3mico no ser\u00eda negociado en La Habana, el expresidente afirm\u00f3 en su momento: \u201cEs importante que est\u00e9n tranquilos porque nuestro modelo econ\u00f3mico no est\u00e1 incluido en las negociaciones, simplemente estamos negociando cinco puntos espec\u00edficos que de llegar a concretarse podemos estar creciendo 2% adicional por siempre en Colombia\u00bb (2015). Lo anterior significa, en otras palabras, que la gran propiedad de la tierra, la opresi\u00f3n nacional a las necesidades del imperialismo y el dominio de los grandes monopolios imperialistas y nacionales no cambiar\u00eda, y que, por el contrario, se firmar\u00edan unos acuerdos espec\u00edficos para que las clases dominantes tuviesen un mayor crecimiento econ\u00f3mico en los a\u00f1os siguientes.<\/p>\n\n\n\n<p class=\"has-black-color has-text-color\">As\u00ed pues, desde el inicio de esas negociaciones, era imposible pensar en una \u201cpaz con justicia social\u201d, mientras los problemas estructurales del pa\u00eds, que son la base del conflicto armado, se mantuviesen intactos. Sin embargo, el ex presidente Santos de la mano con todas las fuerzas de la izquierda electorera y de centro, lograron enga\u00f1ar a una gran parte del movimiento social: muchos sindicatos, organizaciones campesinas, estudiantiles, barriales, entre otras, fueron cooptadas en funci\u00f3n de las promesas de paz, adormeciendo por varios a\u00f1os la lucha combativa del pueblo. \u00a0<\/p>\n\n\n\n<p class=\"has-black-color has-text-color\">Ante esa farsa, desde que se iniciaron los acuerdos de paz entre el Estado y la guerrilla de las FARC-EP, revolucionarios en nuestro pa\u00eds levantaron su voz de denuncia para advertir al pueblo que esas promesas de los ricos eran un enga\u00f1o para adormecer la lucha del pueblo. En 2016 el Movimiento de Estudiantes al Servicio del Pueblo -MESP realiz\u00f3 la publicaci\u00f3n de una cartilla con el t\u00edtulo \u201cLa paz de los ricos, no es la paz del pueblo\u201d, en la cual se analizaban los acuerdos de paz que se estaban discutiendo en La Habana y se planteaba una postura cr\u00edtica y revolucionaria al respecto.<\/p>\n\n\n\n<p class=\"has-black-color has-text-color\">All\u00ed se plante\u00f3 que las ra\u00edces del conflicto armado colombiano son profundas causas econ\u00f3micas y pol\u00edticas, las cuales no se resolver\u00edan con los acuerdos de paz. Que un problema fundamental en Colombia es la estructura agraria del pa\u00eds, \u201cdonde predomina la gran propiedad terrateniente, estando el 77% de la tierra en manos del 13% de los propietarios\u201d y que la lucha por la tierra y el despojo de millones de campesinos, han sido motores del conflicto armado, adem\u00e1s del sometimiento econ\u00f3mico, pol\u00edtico y militar al imperialismo, principalmente yanqui, donde \u201clos proyectos del capital extranjero en cuanto a miner\u00eda, petr\u00f3leo y agroindustria son un factor clave como generadores de violencia hacia los campesinos\u00a0 por el despojo de la tierra para llevar a cabo estos proyectos\u201d. En dicha publicaci\u00f3n se demostraba con cifras y hechos que \u201cel acuerdo sirve a profundizar el atraso del pa\u00eds, el sometimiento del campesinado, y la opresi\u00f3n en contra del pueblo\u201d. Y finalizaba planteando:<\/p>\n\n\n\n<p class=\"has-black-color has-text-color\">\u201cEl pueblo est\u00e1 cansado de esta guerra entre las guerrillas actuales y el gobierno, que no han tra\u00eddo cambios para el pueblo ni representa sus intereses. Pero debemos ver que por m\u00e1s que queramos la paz, esta no vendr\u00e1 con los acuerdos: Seguir\u00e1 la disputa de poder por el narcotr\u00e1fico y el control territorial, seguir\u00e1 el control militar de los territorios, ya sea por bandas criminales, paramilitares, exguerrilleros o las fuerzas militares. Es cuesti\u00f3n de tiempo para que surjan nuevos grupos guerrilleros porque seguir\u00e1n existiendo las causas que generaron la violencia. Principalmente seguir\u00e1 existiendo la guerra contra el pueblo, explot\u00e1ndolo econ\u00f3micamente y luego reprimi\u00e9ndolo violentamente cuando \u00e9ste osa levantar la cabeza.&nbsp; No se trata de tener una posici\u00f3n ultra pesimista donde nada sirve. Se trata de aprender de las lecciones hist\u00f3ricas, que nos muestran que todo lo que alcanza el pueblo es organiz\u00e1ndose y luchando.<\/p>\n\n\n\n<p class=\"has-black-color has-text-color\">La movilizaci\u00f3n y la lucha en torno a las consignas de \u201cdemocracia y paz\u201d lanzadas por el Estado, han servido a resolver las disputas entre las facciones y grupos de las clases dominantes, pero para el pueblo sigue habiendo dictadura, explotaci\u00f3n y violencia. El pueblo debe luchar de manera independiente al Estado (econ\u00f3mica, pol\u00edtica e ideol\u00f3gicamente), no debe plegarse a ning\u00fan partido politiquero, ni a grupos oportunistas que buscan usar sus luchas para obtener puestos y prebendas en el Estado. El camino del pueblo es la lucha mediante las v\u00edas de hecho: marchas, protestas, tomas, paros, huelgas; no s\u00f3lo son formas legitimas de lucha, sino que adem\u00e1s son las que han permitido que el pueblo alcance verdaderas reivindicaciones. Nada de lo que tiene el pueblo ha sido concesi\u00f3n de las clases dominantes, todo ha sido arrancado en la lucha. Esta es la paz entre los de arriba, el Estado se engord\u00f3 un poco y adopta a las FARC, pero para el pueblo las cosas seguir\u00e1n igual y tendr\u00e1 que trabajar y luchar como siempre lo ha hecho para lograr cambios y alcanzar la verdadera paz.\u201d<\/p>\n\n\n\n<figure class=\"wp-block-image size-full\"><img loading=\"lazy\" decoding=\"async\" width=\"808\" height=\"286\" src=\"https:\/\/nuevademocracia.com.co\/wp-content\/uploads\/2023\/05\/Pacifismo-Lenin.jpg\" alt=\"\" class=\"wp-image-25464\" srcset=\"https:\/\/nuevademocracia.com.co\/wp-content\/uploads\/2023\/05\/Pacifismo-Lenin.jpg 808w, https:\/\/nuevademocracia.com.co\/wp-content\/uploads\/2023\/05\/Pacifismo-Lenin-300x106.jpg 300w, https:\/\/nuevademocracia.com.co\/wp-content\/uploads\/2023\/05\/Pacifismo-Lenin-768x272.jpg 768w\" sizes=\"auto, (max-width: 808px) 100vw, 808px\" \/><\/figure>\n\n\n\n<p class=\"has-text-align-center has-black-color has-text-color\"><em>Link a la cartilla del MESP completa: <a rel=\"noreferrer noopener\" href=\"https:\/\/rompiendomuros-mesp.blogspot.com\/2016\/09\/paz-colombia.html\" target=\"_blank\">https:\/\/rompiendomuros-mesp.blogspot.com\/2016\/09\/paz-colombia.html<\/a><\/em><\/p>\n\n\n\n<p class=\"has-black-color has-text-color\">Las anteriores palabras han sido confirmadas por el tiempo. La Paz de Santos y las FARC-EP fue un enga\u00f1o, nada m\u00e1s que promesas sin cumplir y que no podr\u00e1n ser cumplidas, como recientemente ha reconocido Petro. As\u00ed pues, el \u00fanico camino del pueblo es la Revoluci\u00f3n de Nueva Democracia que entregue la tierra al campesino pobre, que rompa con el sometimiento de nuestra naci\u00f3n conquistando una verdadera soberan\u00eda nacional y que confisque el gran capital extranjero y\/o nacional para continuar con la Revoluci\u00f3n Socialista.<\/p>\n","protected":false},"excerpt":{"rendered":"<p>Las anteriores palabras han sido confirmadas por el tiempo. La Paz de Santos y las FARC-EP fue un enga\u00f1o, nada m\u00e1s que promesas sin cumplir y que no podr\u00e1n ser cumplidas, como recientemente ha reconocido Petro.<\/p>\n","protected":false},"author":1,"featured_media":25464,"comment_status":"open","ping_status":"open","sticky":false,"template":"","format":"standard","meta":{"footnotes":""},"categories":[16,4],"tags":[127,128,47],"class_list":["post-25463","post","type-post","status-publish","format-standard","has-post-thumbnail","hentry","category-carrusel","category-colombia","tag-conflicto-armado-colombia","tag-lucha-armada","tag-paz"],"blocksy_meta":[],"_links":{"self":[{"href":"https:\/\/nuevademocracia.com.co\/index.php?rest_route=\/wp\/v2\/posts\/25463","targetHints":{"allow":["GET"]}}],"collection":[{"href":"https:\/\/nuevademocracia.com.co\/index.php?rest_route=\/wp\/v2\/posts"}],"about":[{"href":"https:\/\/nuevademocracia.com.co\/index.php?rest_route=\/wp\/v2\/types\/post"}],"author":[{"embeddable":true,"href":"https:\/\/nuevademocracia.com.co\/index.php?rest_route=\/wp\/v2\/users\/1"}],"replies":[{"embeddable":true,"href":"https:\/\/nuevademocracia.com.co\/index.php?rest_route=%2Fwp%2Fv2%2Fcomments&post=25463"}],"version-history":[{"count":1,"href":"https:\/\/nuevademocracia.com.co\/index.php?rest_route=\/wp\/v2\/posts\/25463\/revisions"}],"predecessor-version":[{"id":25465,"href":"https:\/\/nuevademocracia.com.co\/index.php?rest_route=\/wp\/v2\/posts\/25463\/revisions\/25465"}],"wp:featuredmedia":[{"embeddable":true,"href":"https:\/\/nuevademocracia.com.co\/index.php?rest_route=\/wp\/v2\/media\/25464"}],"wp:attachment":[{"href":"https:\/\/nuevademocracia.com.co\/index.php?rest_route=%2Fwp%2Fv2%2Fmedia&parent=25463"}],"wp:term":[{"taxonomy":"category","embeddable":true,"href":"https:\/\/nuevademocracia.com.co\/index.php?rest_route=%2Fwp%2Fv2%2Fcategories&post=25463"},{"taxonomy":"post_tag","embeddable":true,"href":"https:\/\/nuevademocracia.com.co\/index.php?rest_route=%2Fwp%2Fv2%2Ftags&post=25463"}],"curies":[{"name":"wp","href":"https:\/\/api.w.org\/{rel}","templated":true}]}}