{"id":25476,"date":"2023-06-05T14:49:57","date_gmt":"2023-06-05T19:49:57","guid":{"rendered":"https:\/\/nuevademocracia.com.co\/?p=25476"},"modified":"2024-07-10T13:30:42","modified_gmt":"2024-07-10T18:30:42","slug":"desde-colombia-revolucionarios-se-suman-a-la-solidaridad-con-la-lucha-del-pueblo-palestino","status":"publish","type":"post","link":"https:\/\/nuevademocracia.com.co\/?p=25476","title":{"rendered":"Desde Colombia, revolucionarios se suman a la solidaridad con la lucha del pueblo palestino"},"content":{"rendered":"\n<p class=\"has-black-color has-text-color\">Desde la segunda guerra mundial imperialista, el rancio imperialismo norteamericano y brit\u00e1nico han utilizado el sionismo como herramienta para dividir y oprimir a los pueblos en oriente medio. En 1947, la asamblea general de la ONU, ente de agresi\u00f3n imperialista manipulado por EEUU, adopt\u00f3 la medida de crear un Estado \u00e1rabe y un Estado jud\u00edo dentro del territorio de Palestina. Al a\u00f1o siguiente creo formalmente al ente sionista, el Estado de Israel.<\/p>\n\n\n\n<p class=\"has-black-color has-text-color\">Un 14 de mayo, inici\u00f3 la limpieza \u00e9tnica por parte del sionismo, d\u00eda que celebran como \u201cfiesta patria\u201d. En cambio, para los palestinos es el d\u00eda que comienza la tragedia, as\u00ed mismo inicia una gloriosa resistencia prolongada contra los genocidas sionistas israel\u00edes. El pueblo palestino conmemora el d\u00eda 15 de mayo como Nakba, la \u201ccat\u00e1strofe\u201d, el d\u00eda que fueron despojados de sus tierras y sus hogares m\u00e1s de 700.000 palestinos.<\/p>\n\n\n\n<p class=\"has-black-color has-text-color\">El reaccionario Estado de Israel, ha llevado a cabo una serie de agresiones contra el pueblo palestino, desde bombardeos a\u00e9reos y de artiller\u00eda, allanamientos, demolici\u00f3n de edificaciones palestinas, y la constante persecuci\u00f3n y estigmatizaci\u00f3n contra todo \u00e1rabe. En lo que va del a\u00f1o en curso, las agresiones sionistas se han intensificado principalmente contra la Franja de Gaza y Cisjordania, donde han asesinado a m\u00e1s de 150 palestinos, entre ellos 24 ni\u00f1os y 5 mujeres.<\/p>\n\n\n\n<p class=\"has-black-color has-text-color\">Estos hechos han despertado la indignaci\u00f3n de los pueblos oprimidos del mundo, y en especial aquellos revolucionarios con esp\u00edritu internacionalista. Las acciones se han reflejado en diversas manifestaciones en diferentes pa\u00edses en solidaridad y apoyo al pueblo palestino.<\/p>\n\n\n\n<p><mark style=\"background-color:rgba(0, 0, 0, 0)\" class=\"has-inline-color has-black-color\"><strong><em>Actividades en solidaridad con la lucha palestina<\/em><\/strong>.<\/mark><\/p>\n\n\n\n<p class=\"has-black-color has-text-color\">El pasado 26 de mayo, desde Medell\u00edn, Antioquia, el Movimiento de Trabajadores con Conciencia de Clase (MTCC) realiz\u00f3 dos actividades en solidaridad con el pueblo palestino. Una fue un conversatorio en la Universidad de Antioquia contando a los estudiantes sobre la indoblegable resistencia palestina, los or\u00edgenes del conflicto palestino-israel\u00ed y el papel del imperialismo, principalmente yanqui, en oriente medio, tambi\u00e9n se compartieron im\u00e1genes de las diferentes movilizaci\u00f3n y acciones realizadas en otras partes del mundo en apoyo a la lucha palestina.<\/p>\n\n\n\n<figure class=\"wp-block-image aligncenter size-large\"><img loading=\"lazy\" decoding=\"async\" width=\"1024\" height=\"683\" src=\"https:\/\/nuevademocracia.com.co\/wp-content\/uploads\/2023\/06\/image-1-1024x683.png\" alt=\"\" class=\"wp-image-25480\" srcset=\"https:\/\/nuevademocracia.com.co\/wp-content\/uploads\/2023\/06\/image-1-1024x683.png 1024w, https:\/\/nuevademocracia.com.co\/wp-content\/uploads\/2023\/06\/image-1-300x200.png 300w, https:\/\/nuevademocracia.com.co\/wp-content\/uploads\/2023\/06\/image-1-768x512.png 768w, https:\/\/nuevademocracia.com.co\/wp-content\/uploads\/2023\/06\/image-1.png 1051w\" sizes=\"auto, (max-width: 1024px) 100vw, 1024px\" \/><figcaption class=\"wp-element-caption\"><mark style=\"background-color:rgba(0, 0, 0, 0)\" class=\"has-inline-color has-black-color\">Conversatorio sobre lucha del pueblo palestino. Foto: Nueva Democracia<\/mark><\/figcaption><\/figure>\n\n\n\n<figure class=\"wp-block-image aligncenter size-large\"><img loading=\"lazy\" decoding=\"async\" width=\"1024\" height=\"682\" src=\"https:\/\/nuevademocracia.com.co\/wp-content\/uploads\/2023\/06\/image-2-1024x682.png\" alt=\"\" class=\"wp-image-25481\" srcset=\"https:\/\/nuevademocracia.com.co\/wp-content\/uploads\/2023\/06\/image-2-1024x682.png 1024w, https:\/\/nuevademocracia.com.co\/wp-content\/uploads\/2023\/06\/image-2-300x200.png 300w, https:\/\/nuevademocracia.com.co\/wp-content\/uploads\/2023\/06\/image-2-768x512.png 768w, https:\/\/nuevademocracia.com.co\/wp-content\/uploads\/2023\/06\/image-2.png 1051w\" sizes=\"auto, (max-width: 1024px) 100vw, 1024px\" \/><figcaption class=\"wp-element-caption\"><mark style=\"background-color:rgba(0, 0, 0, 0)\" class=\"has-inline-color has-black-color\">Galer\u00eda de fotos sobre el papel del imperialismo. Foto: Nueva Democracia<\/mark><\/figcaption><\/figure>\n\n\n\n<p class=\"has-black-color has-text-color\">&nbsp;Luego se hizo un mural en la Universidad de Antioquia (Medell\u00edn), donde se puede leer \u201cpalestina libre\u201d con los colores de la bandera palestina de fondo de las letras, adem\u00e1s, se realiz\u00f3 una amplia difusi\u00f3n de noticias entre los participantes contando m\u00e1s sobre la situaci\u00f3n actual de Palestina y los 75 a\u00f1os de la Nakba.<\/p>\n\n\n\n<figure class=\"wp-block-image aligncenter size-large\"><img loading=\"lazy\" decoding=\"async\" width=\"1024\" height=\"683\" src=\"https:\/\/nuevademocracia.com.co\/wp-content\/uploads\/2023\/06\/image-1024x683.png\" alt=\"\" class=\"wp-image-25478\" srcset=\"https:\/\/nuevademocracia.com.co\/wp-content\/uploads\/2023\/06\/image-1024x683.png 1024w, https:\/\/nuevademocracia.com.co\/wp-content\/uploads\/2023\/06\/image-300x200.png 300w, https:\/\/nuevademocracia.com.co\/wp-content\/uploads\/2023\/06\/image-768x512.png 768w, https:\/\/nuevademocracia.com.co\/wp-content\/uploads\/2023\/06\/image.png 1051w\" sizes=\"auto, (max-width: 1024px) 100vw, 1024px\" \/><figcaption class=\"wp-element-caption\"><mark style=\"background-color:rgba(0, 0, 0, 0)\" class=\"has-inline-color has-black-color\">Mural realizado en la universidad de Antioquia (UdeA). Foto: Nueva Democracia<\/mark><\/figcaption><\/figure>\n\n\n\n<p class=\"has-black-color has-text-color\">Con estas dos actividades concluyo la semana Anti-imperialista, Palestina Libre, donde con todo el sentimiento antiimperialista los revolucionarios en Colombia saludan y respaldan una vez m\u00e1s la lucha por la autodeterminaci\u00f3n de los pueblos del mundo.<\/p>\n\n\n\n<p class=\"has-black-color has-text-color\"><strong><em>\u00a1Viva palestina libre! \u00a1Muerte al genocida Estado de Israel!<\/em><\/strong><\/p>\n","protected":false},"excerpt":{"rendered":"<p>Desde la segunda guerra mundial imperialista, el rancio imperialismo norteamericano y brit\u00e1nico han utilizado el sionismo como herramienta para dividir y oprimir a los pueblos en oriente medio. En 1947, la asamblea general de la ONU, ente de agresi\u00f3n imperialista manipulado por EEUU, adopt\u00f3 la medida de crear un Estado \u00e1rabe y un Estado jud\u00edo [&hellip;]<\/p>\n","protected":false},"author":1,"featured_media":25478,"comment_status":"open","ping_status":"open","sticky":false,"template":"","format":"standard","meta":{"footnotes":""},"categories":[16,116,31,135],"tags":[32,39,41],"class_list":["post-25476","post","type-post","status-publish","format-standard","has-post-thumbnail","hentry","category-carrusel","category-imperialismo","category-internacional","category-resistencia-palestina","tag-imperialismo","tag-internacionalismo","tag-represion-estatal"],"blocksy_meta":[],"_links":{"self":[{"href":"https:\/\/nuevademocracia.com.co\/index.php?rest_route=\/wp\/v2\/posts\/25476","targetHints":{"allow":["GET"]}}],"collection":[{"href":"https:\/\/nuevademocracia.com.co\/index.php?rest_route=\/wp\/v2\/posts"}],"about":[{"href":"https:\/\/nuevademocracia.com.co\/index.php?rest_route=\/wp\/v2\/types\/post"}],"author":[{"embeddable":true,"href":"https:\/\/nuevademocracia.com.co\/index.php?rest_route=\/wp\/v2\/users\/1"}],"replies":[{"embeddable":true,"href":"https:\/\/nuevademocracia.com.co\/index.php?rest_route=%2Fwp%2Fv2%2Fcomments&post=25476"}],"version-history":[{"count":4,"href":"https:\/\/nuevademocracia.com.co\/index.php?rest_route=\/wp\/v2\/posts\/25476\/revisions"}],"predecessor-version":[{"id":25483,"href":"https:\/\/nuevademocracia.com.co\/index.php?rest_route=\/wp\/v2\/posts\/25476\/revisions\/25483"}],"wp:featuredmedia":[{"embeddable":true,"href":"https:\/\/nuevademocracia.com.co\/index.php?rest_route=\/wp\/v2\/media\/25478"}],"wp:attachment":[{"href":"https:\/\/nuevademocracia.com.co\/index.php?rest_route=%2Fwp%2Fv2%2Fmedia&parent=25476"}],"wp:term":[{"taxonomy":"category","embeddable":true,"href":"https:\/\/nuevademocracia.com.co\/index.php?rest_route=%2Fwp%2Fv2%2Fcategories&post=25476"},{"taxonomy":"post_tag","embeddable":true,"href":"https:\/\/nuevademocracia.com.co\/index.php?rest_route=%2Fwp%2Fv2%2Ftags&post=25476"}],"curies":[{"name":"wp","href":"https:\/\/api.w.org\/{rel}","templated":true}]}}