{"id":25484,"date":"2023-06-05T15:18:58","date_gmt":"2023-06-05T20:18:58","guid":{"rendered":"https:\/\/nuevademocracia.com.co\/?p=25484"},"modified":"2023-06-07T13:40:07","modified_gmt":"2023-06-07T18:40:07","slug":"el-estado-no-va-a-proteger-la-vida-de-las-mujeres","status":"publish","type":"post","link":"https:\/\/nuevademocracia.com.co\/?p=25484","title":{"rendered":"El Estado no va a proteger la vida de las mujeres"},"content":{"rendered":"\n<p class=\"has-black-color has-text-color\">Los informes del Observatorio de Feminicidios Colombia plantean que el a\u00f1o pasado hubo m\u00e1s de 600 mujeres asesinadas. Para el 31 de marzo de este a\u00f1o la&nbsp;&nbsp; cifra era de 133. No se conocen datos sobre la actividad econ\u00f3mica de la mitad de estas mujeres. Las principales actividades econ\u00f3micas realizadas por la otra mitad eran el trabajo informal, el trabajo formal y el trabajo dom\u00e9stico no remunerado. Apenas el 2% eran due\u00f1as de un negocio y el 5% eran expendedoras de&nbsp;&nbsp;&nbsp; drogas. Por otro lado, en el informe <em>Panorama de las violencias contra las mujeres en Cali, <\/em>muestra que para las diferentes categor\u00edas de violencias que manejan (psicol\u00f3gica, econ\u00f3mica, f\u00edsica, sexual, vicaria, intrafamiliar y patrimonial), las principales afectadas son de los estratos 1, 2 y 3. Como vemos la violencia golpea contra la mujer y de manera m\u00e1s concentrada, contra la mujer del pueblo.<\/p>\n\n\n\n<figure class=\"wp-block-image aligncenter size-full\"><img loading=\"lazy\" decoding=\"async\" width=\"675\" height=\"379\" src=\"https:\/\/nuevademocracia.com.co\/wp-content\/uploads\/2023\/06\/image-6.png\" alt=\"\" class=\"wp-image-25491\" srcset=\"https:\/\/nuevademocracia.com.co\/wp-content\/uploads\/2023\/06\/image-6.png 675w, https:\/\/nuevademocracia.com.co\/wp-content\/uploads\/2023\/06\/image-6-300x168.png 300w\" sizes=\"auto, (max-width: 675px) 100vw, 675px\" \/><figcaption class=\"wp-element-caption\"><mark style=\"background-color:rgba(0, 0, 0, 0)\" class=\"has-inline-color has-black-color\">Merly Andrea Rengifo Cuadros, asesinada en c\u00e1rcel de Boyac\u00e1. Foto: El Tiempo<\/mark><\/figcaption><\/figure>\n\n\n\n<p class=\"has-black-color has-text-color\">El pasado 14 de mayo fue un d\u00eda que volvi\u00f3 a llamar la atenci\u00f3n del pa\u00eds en cuanto a este&nbsp; tema, dado que cuatro mujeres fueron asesinadas. La primera fue Merly Andrea Rengifo Cuadros, degollada en la c\u00e1rcel de C\u00f3mbita en Boyac\u00e1 por Efra\u00edn Sarmiento, un recluso que ya estaba cursando condena por el asesinato de dos de sus exparejas:&nbsp; Jaqueline Mu\u00f1oz Ojeda y Cristiana Mendoza Maya. La segunda mujer asesinada fue Lizeth Natalia Rinc\u00f3n de 24 a\u00f1os, a las afueras de la c\u00e1rcel La Modelo en Bogot\u00e1 a manos de un sicario. Ella ten\u00eda cinco meses de embarazo. Gloria del Carmen Rodr\u00edguez es el nombre de la tercera mujer, quien, en medio de una celebraci\u00f3n familiar por el d\u00eda de la madre, fue apu\u00f1alada hasta morir por Julio Fonseca, su esposo, que se dio a la fuga. Y el \u00faltimo caso de ese d\u00eda fue el de Erika Aponte Lugo, asesinada a tiros en el centro comercial Unicentro de Bogot\u00e1 por su expareja Cristhian Rinc\u00f3n.<\/p>\n\n\n\n<figure class=\"wp-block-image aligncenter size-full\"><img loading=\"lazy\" decoding=\"async\" width=\"658\" height=\"419\" src=\"https:\/\/nuevademocracia.com.co\/wp-content\/uploads\/2023\/06\/image-7.png\" alt=\"\" class=\"wp-image-25492\" srcset=\"https:\/\/nuevademocracia.com.co\/wp-content\/uploads\/2023\/06\/image-7.png 658w, https:\/\/nuevademocracia.com.co\/wp-content\/uploads\/2023\/06\/image-7-300x191.png 300w\" sizes=\"auto, (max-width: 658px) 100vw, 658px\" \/><figcaption class=\"wp-element-caption\"><mark style=\"background-color:rgba(0, 0, 0, 0)\" class=\"has-inline-color has-black-color\">Erika Aponte. Fuente Infobae<br><\/mark>\u00a0<\/figcaption><\/figure>\n\n\n\n<p class=\"has-black-color has-text-color\">El caso de Erika Aponte, fue probablemente el m\u00e1s conocido. En palabras de la alcaldesa de Bogot\u00e1: <em>\u201cErika hizo lo correcto a pesar de que lo hizo tarde, acudi\u00f3 al llamado, busc\u00f3 a la instituci\u00f3n (\u2026) las instituciones actuaron en menos de 24 horas y le ofrecieron la asistencia psicosocial, jur\u00eddica y el m\u00e1ximo nivel de protecci\u00f3n que pod\u00edamos ofrecerle (\u2026) que era el traslado a la Casa Refugio (\u2026) Erika decidi\u00f3 no aceptar esa opci\u00f3n, no tenemos por ello ninguna raz\u00f3n para juzgarla\u201d.<\/em><\/p>\n\n\n\n<figure class=\"wp-block-image aligncenter size-full\"><img loading=\"lazy\" decoding=\"async\" width=\"414\" height=\"310\" src=\"https:\/\/nuevademocracia.com.co\/wp-content\/uploads\/2023\/06\/diseno_sin_titulo_20.jpg\" alt=\"\" class=\"wp-image-25501\" srcset=\"https:\/\/nuevademocracia.com.co\/wp-content\/uploads\/2023\/06\/diseno_sin_titulo_20.jpg 414w, https:\/\/nuevademocracia.com.co\/wp-content\/uploads\/2023\/06\/diseno_sin_titulo_20-300x225.jpg 300w\" sizes=\"auto, (max-width: 414px) 100vw, 414px\" \/><figcaption class=\"wp-element-caption\"><mark style=\"background-color:rgba(0, 0, 0, 0)\" class=\"has-inline-color has-black-color\">Gloria del Carmen Rodr\u00edguez, asesinada por su pareja en Santa Marta. Foto. El Heraldo<\/mark><\/figcaption><\/figure>\n\n\n\n<p class=\"has-black-color has-text-color\">Seg\u00fan Claudia L\u00f3pez, quien dio declaraciones por diferentes medios de comunicaci\u00f3n, a Erika se le brindaron todas las medidas protocolarias que el Estado est\u00e1 en capacidad de brindar cuando la denunciante no acepta el \u201cm\u00e1ximo nivel de protecci\u00f3n\u201d es decir, cuando no acepta irse a la casa refugio. Las otras medidas aplicadas para su protecci\u00f3n fueron: <em>\u201cSolicitar al se\u00f1or Christi\u00e1n Camilo Rinc\u00f3n D\u00edaz a que cesara los actos de violencia e intimidaci\u00f3n contra Erika; que cesara la intimidaci\u00f3n contra su hijo; que no pod\u00eda acercarse a Erika ni a su hijo en la vivienda donde se reportaron en Soacha y, por \u00faltimo, que no se acercara al trabajo de la v\u00edctima\u201d<\/em> (Comisar\u00eda de la familia) El resultado de la aplicaci\u00f3n de estas medidas, como ya sabemos, fue su asesinato.<\/p>\n\n\n\n<p class=\"has-black-color has-text-color\">A pesar de esos resultados los funcionarios involucrados siguen insistiendo en que se actu\u00f3 de manera correcta, oportuna y diligente. Es tan absurdo lo que dicen que incluso un periodista de la Blu radio, el cual es un medio adscrito a la prensa monop\u00f3lica nacional cuestion\u00f3: <em>\u201cpara qu\u00e9 sirven (\u2026) todas esas l\u00edneas que se han inventado para atender casos de maltrato a las mujeres, l\u00ednea rosada, l\u00ednea p\u00farpura, l\u00ednea violeta (&#8230;) nos hemos llenado de una burocracia supuestamente para proteger a las mujeres\u2026 va una mujer como Erika y dice: me va a matar este salvaje \u00a1que la mat\u00f3! Y lo \u00fanico que le dicen es: \u00a1\u00bfvete para una casa refugio?!\u201d.<\/em><\/p>\n\n\n\n<p class=\"has-black-color has-text-color\">Los funcionarios, incluyendo a la autoproclamada feminista y ciertamente representante del feminismo burgu\u00e9s, Claudia L\u00f3pez, a pesar de que lo nieguen, no han hecho m\u00e1s que lavarse las manos, culpar a Erika y difundir esa posici\u00f3n por los medios generando con esto un ambiente que impulsa que la opini\u00f3n p\u00fablica culpe a las mujeres. Otro periodista de la Blu radio dijo de manera m\u00e1s clara lo que todos ellos est\u00e1n insinuando: <em>\u201c(la medida de la casa refugio) no funcion\u00f3 por una cosa elemental (\u2026) porque ella no la acept\u00f3 (\u2026) si ella hubiera aceptado la medida de protecci\u00f3n de la casa refugio, no la hubieran matado\u201d.<\/em><\/p>\n\n\n\n<p class=\"has-black-color has-text-color\">Esos centros operan como una suerte de c\u00e1rcel para la mujer. No pueden usar sus celulares y a veces tampoco pueden avisarle a sus familiares que van a estar ah\u00ed adem\u00e1s que no hay una respuesta al problema econ\u00f3mico. El aislamiento social, la precarizaci\u00f3n de sus condiciones de vida que sobrevienen con someterse a las Casas Refugio y la perversa l\u00f3gica de que es la mujer quien debe ver afectada su libertad mientras que el victimario la conserva y act\u00faa a sus anchas, muestran como el \u201cm\u00e1ximo nivel de protecci\u00f3n\u201d posible que el Estado puede ofrecer es en realidad una medida antimujer que afecta principalmente a las m\u00e1s pobres.<\/p>\n\n\n\n<p class=\"has-black-color has-text-color\">Erika no tuvo ninguna responsabilidad o culpabilidad en su muerte y el problema no fue la falta de aplicaci\u00f3n de los protocolos, el problema es que directamente los protocolos no sirven. Los casos de las mujeres asesinadas cerca o adentro de las c\u00e1rceles, que tambi\u00e9n ocurrieron ese d\u00eda, muestran m\u00e1s patente lo in\u00fatil que es confiar en que este Estado pueda brindar alguna protecci\u00f3n a las mujeres del pueblo pues ellas fueron asesinadas en las narices de la polic\u00eda (supuestos \u00f3rganos de protecci\u00f3n y seguridad).<\/p>\n\n\n\n<p class=\"has-black-color has-text-color\">El Estado gran burgu\u00e9s latifundista al servicio del imperialismo (principalmente yanqui) y su aparato represivo por entero, no existen para garantizar la seguridad del pueblo. Todo lo contrario. Ellos existen para mantener y profundizar su r\u00e9gimen en contra de la gente y sus derechos m\u00e1s b\u00e1sicos. Que una mujer que se diga feminista como Claudia L\u00f3pez o que se proclame defensora de los derechos humanos, como Francia M\u00e1rquez (a la cual hoy l\u00edderes de los consejos comunitarios la est\u00e1n acusando de dejarlos solos pese a saber sus necesidades y sus luchas) ocupen puestos de poder en las viejas estructuras no cambia el car\u00e1cter de Estado.<\/p>\n\n\n\n<p class=\"has-black-color has-text-color\">De hecho, la base de estos repugnantes hechos que hemos relatado aqu\u00ed y que son una constante (en promedio en Colombia est\u00e1n asesinando 40 mujeres por mes) es la existencia del actual sistema de explotaci\u00f3n y opresi\u00f3n al cual nos vemos sometidos. Estos hechos revelan la podredumbre de la vieja sociedad patriarcal, semifeudal y semicolonial y son expresiones del pensamiento reaccionario y decadente de la gran burgues\u00eda terrateniente y del imperialismo, que disemina su veneno por medio de los aparatos ideol\u00f3gicos que ha construido durante siglos para este fin.&nbsp; Imponen a figuras como Dani Alves, Sebasti\u00e1n Villa, Neymar Jr. o Cristiano Ronaldo, quienes est\u00e1n acusados de violaci\u00f3n o violencia contra las mujeres, como \u00eddolos de toda una generaci\u00f3n de j\u00f3venes. Es una tragedia para el pueblo que usurpen los lugares de quienes de verdad tienen la dignidad para erigirse como \u00eddolos de las presentes y pr\u00f3ximas generaciones de la clase trabajadora, la clase que produce con su trabajo (incluyendo el trabajo gratuito al que se ve sometida la mujer) la riqueza sobre la que se asienta toda la vida humana existente. S\u00f3lo los leg\u00edtimos miembros de nuestro pueblo, nuestros verdaderos pensadores y pensadoras y nuestros trabajadores y trabajadoras m\u00e1s honestas tienen el derecho de ocupar ese lugar.<\/p>\n\n\n\n<p class=\"has-black-color has-text-color\">La ideolog\u00eda transmitida por la prensa monop\u00f3lica es la vanguardia del atraso. Los discursos machistas y mis\u00f3ginos son reproducidos cotidianamente en las iglesias y en las escuelas. Estas estructuras transmiten que el valor de la mujer debe ser medido por los estereotipos de belleza y\/o por su papel en la reproducci\u00f3n. Fortalecen el machismo en la sociedad, haciendo apolog\u00eda de la sexualizaci\u00f3n femenina, romantizando la prostituci\u00f3n, la pornograf\u00eda, el gamonalismo y la decadencia de la burgues\u00eda. Se ensalza hist\u00f3ricamente a la mujer como reina del hogar para que acepte silenciosamente la condici\u00f3n de la esclavitud dom\u00e9stica. Con nuestro trabajo gratuito los salarios pagados a los trabajadores pueden mantenerse muy bajos, adem\u00e1s de que se reduce al m\u00e1ximo la participaci\u00f3n de la mujer en la pr\u00e1ctica social y en esa misma l\u00ednea, se aplasta su participaci\u00f3n en la lucha de clases, separando en dos partes al pueblo. Presentan a la mujer apenas como un objeto de consumo, en lugar de mostrarla como lo que realmente es. Las mujeres populares somos parte de la clase trabajadora con plena capacidad cient\u00edfica y productiva.<\/p>\n\n\n\n<p class=\"has-black-color has-text-color\">Es as\u00ed como los hombres en mayor o menor medida crecen creyendo que tienen derecho sobre el cuerpo de la mujer, que pueden usarlo como deseen, que es un producto descartable. Esta es la concepci\u00f3n que yace en el fondo del fen\u00f3meno de los feminicidios y sirve para mantener la base de la explotaci\u00f3n.<\/p>\n\n\n\n<p class=\"has-black-color has-text-color\">El fen\u00f3meno de los feminicidios y la violencia contra la mujer no pueden abordarse desde un enfoque principalmente individual, tiene que analizarse desde un punto de vista estructural. Hay una estructura en la que las clases dominantes explotan y someten al pueblo. En esta estructura el lugar otorgado a la mujer es especialmente despreciable y da\u00f1ino. Pero para las clases dominantes cumplimos un necesario rol para que esta estructura se mantenga. La opresi\u00f3n que pesa sobre los hombros de las mujeres tiene su origen en la propiedad privada de los medios de producci\u00f3n y la sociedad de clases y patriarcal que de ella se deriv\u00f3. Sobre esa base material se forman las ideas machistas y los aparatos ideol\u00f3gicos y pol\u00edticos para imponerlas.<\/p>\n\n\n\n<p class=\"has-black-color has-text-color\">Es necesaria la firme condena a todos los asesinos de las mujeres del pueblo y los actos de violencia que contra nosotras se ejercen y a su vez es necesaria la condena a este Estado gran burgu\u00e9s terrateniente, responsable estructural de todas las vejaciones, sometimientos, opresi\u00f3n explotaci\u00f3n y asesinato hacia las mujeres populares de nuestro pa\u00eds. No podemos esperar que de este sistema surja justicia o protecci\u00f3n para las mujeres del pueblo.<\/p>\n\n\n\n<p class=\"has-black-color has-text-color\">El camino que tienen las mujeres para conquistar la justicia y proteger sus vidas es la lucha y la organizaci\u00f3n independiente. El camino que tienen las mujeres para librarse de la doble explotaci\u00f3n y la doble opresi\u00f3n que sobre ellas pesa, es la revoluci\u00f3n.<\/p>\n\n\n\n<figure class=\"wp-block-image aligncenter size-full\"><img loading=\"lazy\" decoding=\"async\" width=\"1017\" height=\"625\" src=\"https:\/\/nuevademocracia.com.co\/wp-content\/uploads\/2023\/06\/image-5.png\" alt=\"\" class=\"wp-image-25487\" srcset=\"https:\/\/nuevademocracia.com.co\/wp-content\/uploads\/2023\/06\/image-5.png 1017w, https:\/\/nuevademocracia.com.co\/wp-content\/uploads\/2023\/06\/image-5-300x184.png 300w, https:\/\/nuevademocracia.com.co\/wp-content\/uploads\/2023\/06\/image-5-768x472.png 768w\" sizes=\"auto, (max-width: 1017px) 100vw, 1017px\" \/><figcaption class=\"wp-element-caption\"><mark style=\"background-color:rgba(0, 0, 0, 0)\" class=\"has-inline-color has-black-color\">Foto: Vox populi<\/mark><\/figcaption><\/figure>\n","protected":false},"excerpt":{"rendered":"<p>Los informes del Observatorio de Feminicidios Colombia plantean que el a\u00f1o pasado hubo m\u00e1s de 600 mujeres asesinadas. Para el 31 de marzo de este a\u00f1o la&nbsp;&nbsp; cifra era de 133. No se conocen datos sobre la actividad econ\u00f3mica de la mitad de estas mujeres. Las principales actividades econ\u00f3micas realizadas por la otra mitad eran [&hellip;]<\/p>\n","protected":false},"author":1,"featured_media":25492,"comment_status":"open","ping_status":"open","sticky":false,"template":"","format":"standard","meta":{"footnotes":""},"categories":[16,4,115],"tags":[129,97,61],"class_list":["post-25484","post","type-post","status-publish","format-standard","has-post-thumbnail","hentry","category-carrusel","category-colombia","category-mujer","tag-feminicidios","tag-lucha-de-la-mujer","tag-opresion-a-la-mujer"],"blocksy_meta":[],"_links":{"self":[{"href":"https:\/\/nuevademocracia.com.co\/index.php?rest_route=\/wp\/v2\/posts\/25484","targetHints":{"allow":["GET"]}}],"collection":[{"href":"https:\/\/nuevademocracia.com.co\/index.php?rest_route=\/wp\/v2\/posts"}],"about":[{"href":"https:\/\/nuevademocracia.com.co\/index.php?rest_route=\/wp\/v2\/types\/post"}],"author":[{"embeddable":true,"href":"https:\/\/nuevademocracia.com.co\/index.php?rest_route=\/wp\/v2\/users\/1"}],"replies":[{"embeddable":true,"href":"https:\/\/nuevademocracia.com.co\/index.php?rest_route=%2Fwp%2Fv2%2Fcomments&post=25484"}],"version-history":[{"count":4,"href":"https:\/\/nuevademocracia.com.co\/index.php?rest_route=\/wp\/v2\/posts\/25484\/revisions"}],"predecessor-version":[{"id":25502,"href":"https:\/\/nuevademocracia.com.co\/index.php?rest_route=\/wp\/v2\/posts\/25484\/revisions\/25502"}],"wp:featuredmedia":[{"embeddable":true,"href":"https:\/\/nuevademocracia.com.co\/index.php?rest_route=\/wp\/v2\/media\/25492"}],"wp:attachment":[{"href":"https:\/\/nuevademocracia.com.co\/index.php?rest_route=%2Fwp%2Fv2%2Fmedia&parent=25484"}],"wp:term":[{"taxonomy":"category","embeddable":true,"href":"https:\/\/nuevademocracia.com.co\/index.php?rest_route=%2Fwp%2Fv2%2Fcategories&post=25484"},{"taxonomy":"post_tag","embeddable":true,"href":"https:\/\/nuevademocracia.com.co\/index.php?rest_route=%2Fwp%2Fv2%2Ftags&post=25484"}],"curies":[{"name":"wp","href":"https:\/\/api.w.org\/{rel}","templated":true}]}}