{"id":25497,"date":"2023-06-07T13:28:45","date_gmt":"2023-06-07T18:28:45","guid":{"rendered":"https:\/\/nuevademocracia.com.co\/?p=25497"},"modified":"2023-06-07T13:28:45","modified_gmt":"2023-06-07T18:28:45","slug":"a-205-anos-del-natalicio-de-karl-marx-su-legado-sigue-vivo","status":"publish","type":"post","link":"https:\/\/nuevademocracia.com.co\/?p=25497","title":{"rendered":"A 205 a\u00f1os del natalicio de Karl Marx: \u00a1Su legado sigue vivo!"},"content":{"rendered":"\n<figure class=\"wp-block-image aligncenter size-full\"><img loading=\"lazy\" decoding=\"async\" width=\"324\" height=\"371\" src=\"https:\/\/nuevademocracia.com.co\/wp-content\/uploads\/2023\/06\/image-9.png\" alt=\"\" class=\"wp-image-25498\" srcset=\"https:\/\/nuevademocracia.com.co\/wp-content\/uploads\/2023\/06\/image-9.png 324w, https:\/\/nuevademocracia.com.co\/wp-content\/uploads\/2023\/06\/image-9-262x300.png 262w\" sizes=\"auto, (max-width: 324px) 100vw, 324px\" \/><\/figure>\n\n\n\n<p class=\"has-black-color has-text-color\">El 5 de mayo de 1818, nace en Treveris, Alemania, en el seno de una familia jud\u00eda de clase media Karl Heinrich Marx, un importante revolucionario que dedic\u00f3 toda su vida a la lucha y al estudio cient\u00edfico de la realidad, dotando as\u00ed al proletariado de un arma te\u00f3rica y pr\u00e1ctica para su emancipaci\u00f3n: El Marxismo. Hoy, a 205 a\u00f1os de su natalicio queremos resaltar su papel para la lucha y organizaci\u00f3n de los pueblos del mundo y mencionar sus aportes m\u00e1s destacados.&nbsp;<\/p>\n\n\n\n<p class=\"has-black-color has-text-color\">Marx ha sido una de las figuras m\u00e1s tergiversados por las corrientes revisionistas, que buscan amoldar sus principios a la vieja sociedad existente y por la academia burguesa, tild\u00e1ndolo de humanista, pacifista o te\u00f3rico de escritorio. Pero lo cierto es que fue un hombre por completo dedicado a la causa revolucionaria, destac\u00e1ndose como un gran te\u00f3rico revolucionario y organizador de masas. Marx estudi\u00f3 derecho en la Universidad de Bonn y al finalizar su carrera en 1842 comienza a exponer sus ideas en diarios radicales de la \u00e9poca, por lo que debe emigrar a Francia ante la censura Prusiana. En 1847 particip\u00f3 de la Liga de los Justos, donde en pugna contra posiciones Prudhonistas de conciliaci\u00f3n entre clases, propone el nombre de Liga de los Comunistas y redacta junto a Engels el Manifiesto Comunista. Ya para 1849 hab\u00eda sido expulsado de Francia y Alemania como revolucionario peligroso por su actividad pol\u00edtica y a\u00f1os m\u00e1s tarde, en 1864 se destac\u00f3 como el principal dirigente de la I internacional, contra las posiciones reformistas de Bakunin.<\/p>\n\n\n\n<p class=\"has-black-color has-text-color\">Su m\u00e1s grande contribuci\u00f3n fue la fundaci\u00f3n de la ideolog\u00eda cient\u00edfica del proletariado. Marx toma las teor\u00edas m\u00e1s avanzadas hasta entonces: la filosof\u00eda alemana, la econom\u00eda pol\u00edtica inglesa y el socialismo franc\u00e9s, y constituye el marxismo en sus tres partes integrantes: <strong>1) El materialismo dial\u00e9ctico<\/strong>, que en contraposici\u00f3n a la filosof\u00eda idealista llev\u00f3 a una nueva concepci\u00f3n del mundo, mostrando que es posible conocer la realidad social y sus leyes para transformarla, y que es el entorno social y material lo que determina la conciencia del hombre y sus ideas.<strong>2) La econom\u00eda pol\u00edtica marxista<\/strong>, que dio explicaci\u00f3n a la fuente del enriquecimiento de los capitalistas: la plusval\u00eda, y vio en el sistema capitalista la profunda contradicci\u00f3n entre la forma de producci\u00f3n social de los trabajadores y el acaparamiento privado de la riqueza. <strong>3) El socialismo cient\u00edfico<\/strong>, que, en lucha contra los socialistas ut\u00f3picos, demostr\u00f3 que solo es posible una transformaci\u00f3n radical de la sociedad, dando una batalla a muerte contra la burgues\u00eda y derrocando por la violencia el r\u00e9gimen existente. Inmerso en la lucha de clases y las experiencias del proletariado, plantea la necesidad de un Partido Comunista, la vanguardia proletaria que debe dirigir la revoluci\u00f3n y formula las tesis de <em>\u201capropiaci\u00f3n de los medios de producci\u00f3n\u201d<\/em> y <em>\u201cdictadura del proletariado\u201d<\/em>, como la \u00fanica forma de arrebatar y mantener el poder sobre la burgues\u00eda para construir un Estado obrero y campesino. El marxismo entonces, surge como reflejo de la lucha de clases, y como Engels lo afirm\u00f3, como una necesidad hist\u00f3rica. Se forj\u00f3 en medio de la lucha contra otras corrientes en el movimiento obrero y le ha dado a la clase aportes de valor incalculable que contin\u00faan vigentes, se han desarrollado y siguen vivos en los corazones de los oprimidos del mundo entero, que caminan hacia una sociedad sin clases y sin explotaci\u00f3n del hombre por el hombre.<\/p>\n","protected":false},"excerpt":{"rendered":"<p>El 5 de mayo de 1818, nace en Treveris, Alemania, en el seno de una familia jud\u00eda de clase media Karl Heinrich Marx, un importante revolucionario que dedic\u00f3 toda su vida a la lucha y al estudio cient\u00edfico de la realidad, dotando as\u00ed al proletariado de un arma te\u00f3rica y pr\u00e1ctica para su emancipaci\u00f3n: El [&hellip;]<\/p>\n","protected":false},"author":1,"featured_media":25498,"comment_status":"open","ping_status":"open","sticky":false,"template":"","format":"standard","meta":{"footnotes":""},"categories":[16,31],"tags":[62],"class_list":["post-25497","post","type-post","status-publish","format-standard","has-post-thumbnail","hentry","category-carrusel","category-internacional","tag-conmemoracion"],"blocksy_meta":[],"_links":{"self":[{"href":"https:\/\/nuevademocracia.com.co\/index.php?rest_route=\/wp\/v2\/posts\/25497","targetHints":{"allow":["GET"]}}],"collection":[{"href":"https:\/\/nuevademocracia.com.co\/index.php?rest_route=\/wp\/v2\/posts"}],"about":[{"href":"https:\/\/nuevademocracia.com.co\/index.php?rest_route=\/wp\/v2\/types\/post"}],"author":[{"embeddable":true,"href":"https:\/\/nuevademocracia.com.co\/index.php?rest_route=\/wp\/v2\/users\/1"}],"replies":[{"embeddable":true,"href":"https:\/\/nuevademocracia.com.co\/index.php?rest_route=%2Fwp%2Fv2%2Fcomments&post=25497"}],"version-history":[{"count":1,"href":"https:\/\/nuevademocracia.com.co\/index.php?rest_route=\/wp\/v2\/posts\/25497\/revisions"}],"predecessor-version":[{"id":25499,"href":"https:\/\/nuevademocracia.com.co\/index.php?rest_route=\/wp\/v2\/posts\/25497\/revisions\/25499"}],"wp:featuredmedia":[{"embeddable":true,"href":"https:\/\/nuevademocracia.com.co\/index.php?rest_route=\/wp\/v2\/media\/25498"}],"wp:attachment":[{"href":"https:\/\/nuevademocracia.com.co\/index.php?rest_route=%2Fwp%2Fv2%2Fmedia&parent=25497"}],"wp:term":[{"taxonomy":"category","embeddable":true,"href":"https:\/\/nuevademocracia.com.co\/index.php?rest_route=%2Fwp%2Fv2%2Fcategories&post=25497"},{"taxonomy":"post_tag","embeddable":true,"href":"https:\/\/nuevademocracia.com.co\/index.php?rest_route=%2Fwp%2Fv2%2Ftags&post=25497"}],"curies":[{"name":"wp","href":"https:\/\/api.w.org\/{rel}","templated":true}]}}