{"id":25503,"date":"2023-06-09T14:38:13","date_gmt":"2023-06-09T19:38:13","guid":{"rendered":"https:\/\/nuevademocracia.com.co\/?p=25503"},"modified":"2024-08-27T10:53:54","modified_gmt":"2024-08-27T15:53:54","slug":"8-y-9-de-junio-conmemoracion-del-dia-del-estudiante-combativo","status":"publish","type":"post","link":"https:\/\/nuevademocracia.com.co\/?p=25503","title":{"rendered":"8 y 9 de junio: Conmemoraci\u00f3n del D\u00eda del Estudiante Combativo"},"content":{"rendered":"\n<figure class=\"wp-block-image aligncenter size-full\"><img loading=\"lazy\" decoding=\"async\" width=\"663\" height=\"450\" src=\"https:\/\/nuevademocracia.com.co\/wp-content\/uploads\/2023\/06\/image-10.png\" alt=\"\" class=\"wp-image-25504\" srcset=\"https:\/\/nuevademocracia.com.co\/wp-content\/uploads\/2023\/06\/image-10.png 663w, https:\/\/nuevademocracia.com.co\/wp-content\/uploads\/2023\/06\/image-10-300x204.png 300w\" sizes=\"auto, (max-width: 663px) 100vw, 663px\" \/><figcaption class=\"wp-element-caption\"><mark style=\"background-color:rgba(0, 0, 0, 0)\" class=\"has-inline-color has-black-color\">A la izquierda Gonzalo Bravo P\u00e9rez , a la derecha Uriel Guti\u00e9rrez .Foto: Twitter @MemoriaUN<\/mark><\/figcaption><\/figure>\n\n\n\n<p class=\"has-black-color has-text-color\">En Colombia el 8 y 9 de junio se conmemora el d\u00eda del estudiante debido al asesinato de estudiantes universitarios por parte del Estado. Cada a\u00f1o en varios centros educativos, principalmente universidades, se realizan actividades y manifestaciones para conmemorar esta fecha. Con el desarrollo de la lucha y la consciencia estudiantil se ha agregado el adjetivo \u2018combativo\u2019 como caracter\u00edsticas a exaltar del estudiantado, pues a lo largo de la historia de nuestro pa\u00eds este sector ha estado presente en la defensa de los derechos de la educaci\u00f3n y los derechos del pueblo.<\/p>\n\n\n\n<p class=\"has-black-color has-text-color\">Es en el gobierno de Miguel Abad\u00eda M\u00e9ndez que se presenta el primer acontecimiento. En 1929 en medio de una gran crisis pol\u00edtica y econ\u00f3mica, y posteriormente de la ejecuci\u00f3n de la Masacre de las Bananeras por parte de las fuerzas armadas estatales contra obreros y campesinos en el Magdalena, el gobierno toma la decisi\u00f3n de investir a Carlos Cortes Vargas, responsable de la masacre, como Director General de la Polic\u00eda. Este hecho lleva a protestas masivas en la ciudad de Bogot\u00e1, sumado al descontento contra los funcionarios que hac\u00edan parte de \u2018la rosca\u2019, un grupo de pol\u00edticos que controlaban puestos burocr\u00e1ticos. El 6 de junio se convoca a movilizaciones que se dirigen al Capitolio Nacional exigiendo la ca\u00edda de \u2018la rosca\u2019 y en rechazo a la Masacre de las Bananeras. El 7 de junio continuaron las protestas y a las 10:30 de la noche en medio de las confrontaciones, polic\u00edas arremeten contra estudiantes con armas de fuego, all\u00ed cae asesinado Gonzalo Bravo P\u00e9rez, estudiante de derecho de la Universidad Nacional. El 8 de junio velan en medio de una movilizaci\u00f3n masiva del pueblo bogotano al estudiante asesinado. Las acciones de represi\u00f3n estatal generaron rechazo masivo de la poblaci\u00f3n logrando que cuatro ministros renunciaran a su cargo y que cayera \u2018la rosca\u2019.<\/p>\n\n\n\n<p class=\"has-black-color has-text-color\">El segundo hecho se da en 1954 en el gobierno de Gustavo Rojas Pinilla. Todos los a\u00f1os desde el asesinato de Gonzalo, los 8 de junio estudiantes universitarios preparaban una peregrinaci\u00f3n hacia la tumba para conmemorar el d\u00eda del estudiante. Ese a\u00f1o el Ministro de Gobierno pretend\u00eda prohibir dicha manifestaci\u00f3n, por lo cual los estudiantes se encontraron con la polic\u00eda bloqueando el mausoleo que se ubicaba en la ciudad de Bogot\u00e1. Por \u00f3rdenes presidenciales es desbloqueado y se permite la congregaci\u00f3n, actividades y homenaje preparados. Pero, posteriormente en la Universidad Nacional sede Bogot\u00e1, varios estudiantes se re\u00fanen en el campus universitario, all\u00ed la polic\u00eda ingresa queriendo obligar a los estudiantes a dispersarse y en medio de dicha situaci\u00f3n se genera confrontaciones. La respuesta de los polic\u00edas fue disparar y es all\u00ed es cuando cae asesinado el estudiante de medicina y filosof\u00eda Uriel Guti\u00e9rrez. Posteriormente el gobierno propuso un encuentro donde ministros se reunieron con los estudiantes y decanos para discutir los acontecimientos, all\u00ed ingresaron aproximadamente 200 estudiantes con el cuerpo de Uriel, protestando y denunciando la represi\u00f3n del Estado y el actuar del gobierno que promet\u00eda \u201cpaz\u201d.<\/p>\n\n\n\n<p class=\"has-black-color has-text-color\">El 9 de junio a pesar de varios intentos de conciliaci\u00f3n y pacificaci\u00f3n del gobierno, m\u00e1s de 1000 estudiantes en la capital salieron a las calles hacia la Plaza de Bol\u00edvar exigiendo la investigaci\u00f3n del asesinato de su compa\u00f1ero. En medio de esta movilizaci\u00f3n la Polic\u00eda Militar intervino y dispar\u00f3 provocando la muerte de 9 estudiantes m\u00e1s. A ra\u00edz de este hecho represivo el gobierno decide designar un nuevo rector en la Universidad Nacional, detener a varios estudiantes, criminalizar la protesta y militarizar Cali y Medell\u00edn para no permitir m\u00e1s protestas, buscando apaciguar la rebeld\u00eda.<\/p>\n\n\n\n<figure class=\"wp-block-image aligncenter size-full\"><img loading=\"lazy\" decoding=\"async\" width=\"660\" height=\"440\" src=\"https:\/\/nuevademocracia.com.co\/wp-content\/uploads\/2023\/06\/image-11.png\" alt=\"\" class=\"wp-image-25505\" srcset=\"https:\/\/nuevademocracia.com.co\/wp-content\/uploads\/2023\/06\/image-11.png 660w, https:\/\/nuevademocracia.com.co\/wp-content\/uploads\/2023\/06\/image-11-300x200.png 300w\" sizes=\"auto, (max-width: 660px) 100vw, 660px\" \/><figcaption class=\"wp-element-caption\"><mark style=\"background-color:rgba(0, 0, 0, 0)\" class=\"has-inline-color has-black-color\">Polic\u00eda Militar apuntando a los manifestantes el 9 de Junio de 1954,.Fuente: El Espectador<\/mark><\/figcaption><\/figure>\n\n\n\n<p class=\"has-black-color has-text-color\">Estos hechos demuestran c\u00f3mo el Estado colombiano al servicio de grandes burgueses y terratenientes, no ha dudado en asesinar a sangre fr\u00eda a hijos del pueblo que est\u00e1n dispuestos a protestar por mejores condiciones de vida, a denunciar el car\u00e1cter injusto de la sociedad, a defender su derecho a la educaci\u00f3n, y a solidarizarse con las justas luchas populares. La represi\u00f3n estatal hacia el movimiento estudiantil ha sido una constante que se prolonga hasta nuestros d\u00edas, recordemos los asesinatos de Nicol\u00e1s Neira (2005), Oscar Salas (2006), Miguel \u00c1ngel Barbosa (2016), Dylan Cruz (2019), y muchos m\u00e1s j\u00f3venes estudiantes que vinculados a la protesta social han derramado su sangre a causa de las balas cobardes del Estado.<\/p>\n\n\n\n<p class=\"has-black-color has-text-color\">En la historia de Colombia el movimiento estudiantil ha jugado un papel importante contra pol\u00edticas gubernamentales que afectan tanto la educaci\u00f3n como al pueblo en general, llevando en varias ocasiones a que estudiantes entreguen su vida en contra de la opresi\u00f3n y explotaci\u00f3n. En medio de estas manifestaciones coyunturales el estudiantado ha logrado en distintos momentos la consolidaci\u00f3n de organizaciones regionales y nacionales que han puesto en discusi\u00f3n el car\u00e1cter de la universidad y el papel de los estudiantes en la transformaci\u00f3n revolucionaria de la sociedad.<\/p>\n\n\n\n<p class=\"has-black-color has-text-color\">De all\u00ed ha surgido llamados a los estudiantes como el de Camilo Torres (1965) en su texto <em>Mensaje a los Estudiantes <\/em>donde hace un llamado a un compromiso a la causa revolucionaria:<\/p>\n\n\n\n<p class=\"has-black-color has-text-color\"><em>\u201cEs necesario que la convicci\u00f3n revolucionaria del estudiante lo lleve a un compromiso real, hasta las \u00faltimas consecuencias. La pobreza y la persecuci\u00f3n no se deben buscar. Pero, en el actual sistema, son las consecuencias l\u00f3gicas de una lucha sin cuartel contra las estructuras vigentes. En el actual sistema, son los signos que autentifican una vida revolucionaria. La misma convicci\u00f3n debe llevar al estudiante a participar de las penurias econ\u00f3micas y de la persecuci\u00f3n social de que participan los obreros y campesinos. Entonces, el compromiso con la revoluci\u00f3n pasa de la teor\u00eda a la pr\u00e1ctica. Si es total, es irreversible; el profesional no podr\u00e1 volverse atr\u00e1s sin una flagrante traici\u00f3n a su conciencia, a su pueblo y a su vocaci\u00f3n hist\u00f3rica.\u201d<\/em><\/p>\n","protected":false},"excerpt":{"rendered":"<p>En Colombia el 8 y 9 de junio se conmemora el d\u00eda del estudiante debido al asesinato de estudiantes universitarios por parte del Estado. Cada a\u00f1o en varios centros educativos, principalmente universidades, se realizan actividades y manifestaciones para conmemorar esta fecha. Con el desarrollo de la lucha y la consciencia estudiantil se ha agregado el [&hellip;]<\/p>\n","protected":false},"author":1,"featured_media":25504,"comment_status":"open","ping_status":"open","sticky":false,"template":"","format":"standard","meta":{"footnotes":""},"categories":[16,145],"tags":[62,18,41],"class_list":["post-25503","post","type-post","status-publish","format-standard","has-post-thumbnail","hentry","category-carrusel","category-historia-col","tag-conmemoracion","tag-protestas","tag-represion-estatal"],"blocksy_meta":[],"_links":{"self":[{"href":"https:\/\/nuevademocracia.com.co\/index.php?rest_route=\/wp\/v2\/posts\/25503","targetHints":{"allow":["GET"]}}],"collection":[{"href":"https:\/\/nuevademocracia.com.co\/index.php?rest_route=\/wp\/v2\/posts"}],"about":[{"href":"https:\/\/nuevademocracia.com.co\/index.php?rest_route=\/wp\/v2\/types\/post"}],"author":[{"embeddable":true,"href":"https:\/\/nuevademocracia.com.co\/index.php?rest_route=\/wp\/v2\/users\/1"}],"replies":[{"embeddable":true,"href":"https:\/\/nuevademocracia.com.co\/index.php?rest_route=%2Fwp%2Fv2%2Fcomments&post=25503"}],"version-history":[{"count":1,"href":"https:\/\/nuevademocracia.com.co\/index.php?rest_route=\/wp\/v2\/posts\/25503\/revisions"}],"predecessor-version":[{"id":25506,"href":"https:\/\/nuevademocracia.com.co\/index.php?rest_route=\/wp\/v2\/posts\/25503\/revisions\/25506"}],"wp:featuredmedia":[{"embeddable":true,"href":"https:\/\/nuevademocracia.com.co\/index.php?rest_route=\/wp\/v2\/media\/25504"}],"wp:attachment":[{"href":"https:\/\/nuevademocracia.com.co\/index.php?rest_route=%2Fwp%2Fv2%2Fmedia&parent=25503"}],"wp:term":[{"taxonomy":"category","embeddable":true,"href":"https:\/\/nuevademocracia.com.co\/index.php?rest_route=%2Fwp%2Fv2%2Fcategories&post=25503"},{"taxonomy":"post_tag","embeddable":true,"href":"https:\/\/nuevademocracia.com.co\/index.php?rest_route=%2Fwp%2Fv2%2Ftags&post=25503"}],"curies":[{"name":"wp","href":"https:\/\/api.w.org\/{rel}","templated":true}]}}