{"id":25507,"date":"2023-06-09T14:54:01","date_gmt":"2023-06-09T19:54:01","guid":{"rendered":"https:\/\/nuevademocracia.com.co\/?p=25507"},"modified":"2023-06-09T14:54:01","modified_gmt":"2023-06-09T19:54:01","slug":"a-50-anos-del-asesinato-del-gran-ibrahim-kaypakkaya","status":"publish","type":"post","link":"https:\/\/nuevademocracia.com.co\/?p=25507","title":{"rendered":"A 50 a\u00f1os del asesinato del gran Ibrahim Kaypakkaya"},"content":{"rendered":"\n<figure class=\"wp-block-image aligncenter size-full\"><img loading=\"lazy\" decoding=\"async\" width=\"429\" height=\"600\" src=\"https:\/\/nuevademocracia.com.co\/wp-content\/uploads\/2023\/06\/Ibrahimkaypakkaya.jpg\" alt=\"\" class=\"wp-image-25508\" srcset=\"https:\/\/nuevademocracia.com.co\/wp-content\/uploads\/2023\/06\/Ibrahimkaypakkaya.jpg 429w, https:\/\/nuevademocracia.com.co\/wp-content\/uploads\/2023\/06\/Ibrahimkaypakkaya-215x300.jpg 215w\" sizes=\"auto, (max-width: 429px) 100vw, 429px\" \/><figcaption class=\"wp-element-caption\"><mark style=\"background-color:rgba(0, 0, 0, 0)\" class=\"has-inline-color has-black-color\">Ibrahim Kaypakkaya, gran jefe comunista.<\/mark><\/figcaption><\/figure>\n\n\n\n<p class=\"has-black-color has-text-color\"><em>Art\u00edculo enviado por un colaborador.<\/em><\/p>\n\n\n\n<p class=\"has-black-color has-text-color\">Hace 50 a\u00f1os, el 18 de mayo de 1973, el gran jefe comunista turco Ibrahim Kaypakkaya fundador del Partido Comunista de Turqu\u00eda\/Marxista-Leninista o TKP\/ML por sus siglas en turco, fue asesinado tras casi 4 meses de ser torturado por el viejo Estado fascista turco.<\/p>\n\n\n\n<p class=\"has-black-color has-text-color\">Naci\u00f3 en 1949 en Corum, Turqu\u00eda, hijo de campesinos, ingres\u00f3 a estudiar F\u00edsica en la Universidad de Ciencias de Estambul, all\u00ed se acerc\u00f3 al marxismo, en noviembre de 1968. Ibrahim fue expulsado de la universidad por elaborar un folleto en contra de la llegada de la Sexta Flota de la armada yanqui a la regi\u00f3n. Trabaj\u00f3 en un peri\u00f3dico llamado <em>Obrero Campesino<\/em> en las revistas <em>Ilustraci\u00f3n <\/em>e <em>Izquierda Turca<\/em>.<\/p>\n\n\n\n<p class=\"has-black-color has-text-color\">Kaypakkya fue miembro del TIIKP, Partido Revolucionario Obrero y Campesino de Turqu\u00eda, all\u00ed realizo un importante trabajo de propaganda, form\u00f3 parte de su direcci\u00f3n y desarroll\u00f3 su pensamiento en dura lucha contra de las ideas pacifistas y reformistas que propagaba el Partido de Trabajadores de Turqu\u00eda (TIP por sus siglas en turco).<\/p>\n\n\n\n<p class=\"has-black-color has-text-color\">En el seno del TIIKP, Kaypakkaya y otros de sus camaradas dieron lucha de dos l\u00edneas en contra de las posiciones chovinistas frente a la cuesti\u00f3n kurda y en contra de la posici\u00f3n de este partido frente al viraje contra-revolucionario en la Uni\u00f3n Sovi\u00e9tica. Kaypakkaya defendi\u00f3 fervorosamente la Gran Revoluci\u00f3n Cultural Proletaria y tom\u00f3 posici\u00f3n por el Partido Comunista de China (PCCh) frente a las posiciones revisionistas de Kruschev que atentaron contra la URSS y contra el marxismo leninismo. En esta lucha, fueron precisamente el presidente Mao Tse \u2013 Tung y el PCCh los que representaron las posiciones justas.<\/p>\n\n\n\n<p class=\"has-black-color has-text-color\">Producto de esta lucha contra el revisionismo en el TIIKP, inspirado por la Gran Revoluci\u00f3n Cultural Proletaria-GRCP y tomando posici\u00f3n por el marxismo en \u201cEl Gran Debate\u201d Kaypakkaya bajo los aportes te\u00f3ricos e ideol\u00f3gicos del pensamiento Mao Tse Tung (como se denominaba al Mao\u00edsmo en esa \u00e9poca), funda el 24 de abril de 1972 el TKP\/ML y el Ej\u00e9rcito de Liberaci\u00f3n Marxista-Leninista de Obreros y Campesinos de Turqu\u00eda (TIKKO) que inicia la guerra popular (la cual perdura hasta hoy).<\/p>\n\n\n\n<p class=\"has-black-color has-text-color\">Ibrahim Kaypakkaya, como fiel soldado rojo de la Gran Revoluci\u00f3n Cultural Proletaria, aplicando la ideolog\u00eda cient\u00edfica y todopoderosa del proletariado a las particularidades de Turqu\u00eda, estableci\u00f3 al campesinado como la fuerza principal de la revoluci\u00f3n en su pa\u00eds, es decir Revoluci\u00f3n de Nueva Democracia, as\u00ed como la importancia fundamental de la cuesti\u00f3n nacional kurda para el proceso revolucionario defendiendo la autodeterminaci\u00f3n de los pueblos, adem\u00e1s de desenmascarar la verdadera naturaleza fascista del kemalismo <em>(<\/em><em>Movimiento independentista surgido en Turqu\u00eda, liderado por Mustaf\u00e1 Kemal, representante de la burgues\u00eda comercial turca, que al final de la Primera Guerra Mundial, instaur\u00f3 un r\u00e9gimen de dictadura burguesa en el pa\u00eds y aspiraba a una rep\u00fablica democr\u00e1tica burguesa independiente, tras rechazar la ocupaci\u00f3n griega<\/em><em>) <\/em>como ideolog\u00eda de la gran burgues\u00eda turca, considerada por muchos revolucionarios como progresista y comprendi\u00f3 la necesidaddel partido comunista. \u00c9l fue un anti revisionista convicto y defensor de la l\u00ednea roja y de la izquierda en el movimiento turco.<\/p>\n\n\n\n<p class=\"has-black-color has-text-color\">Por esto Kaypakkaya se alza como faro para los comunistas y revolucionarios turcos. En ese momento tambi\u00e9n se convirti\u00f3 en el revolucionario m\u00e1s peligroso para el viejo Estado fascista del pa\u00eds. Entonces la tarea de asesinar al jefe del TKP\/ML, se les convierte en una cuesti\u00f3n urgente.<\/p>\n\n\n\n<p class=\"has-black-color has-text-color\">&nbsp;En este contexto, en 1973 Kaypakkaya a los 24 a\u00f1os de edad Kaypakkya es herido en medio de un combate, por las fuerzas armadas fascistas. Varios de sus camaradas son asesinados. \u00c9l, tras lograr huir permanece algunos d\u00edas en las monta\u00f1as a merced del hambre y el frio, para posteriormente buscar ayuda. \u00c9l es entregado a las fuerzas reaccionarias por un traidor del pueblo. A pesar de los meses de tortura y encarcelamiento que sufri\u00f3, Kaypakkaya fue asesinado sin revelar nada acerca de la estructura interna del TKP\/ML o los nombres de ninguno de sus camaradas. Por el contrario, entre los revolucionarios y pueblos del mundo perdura esta frase dicha por \u00e9l: <em>\u201cDamos nuestra vida, pero no damos nuestros secretos\u201d <\/em>como ejemplo de cu\u00e1l debe ser el actuar de las clases populares y los combatientes del pueblo cuando el desarrollo de la lucha de clases nos presenta las m\u00e1s duras batallas. Su cad\u00e1ver fue mutilado y se prohibi\u00f3 reproducir su nombre en Turqu\u00eda, mostrando el temor de las clases dominantes turcas por el pensamiento y pr\u00e1ctica de Ibrahim Kaypakkaya, gran jefe de la revoluci\u00f3n turca.<em><\/em><\/p>\n\n\n\n<p class=\"has-black-color has-text-color\">\u00c9l fue un firme defensor del mao\u00edsmo y encarn\u00f3 uno de los primeros intentos por enarbolar y aplicar del Pensamiento de Mao Tse Tung a la realidad espec\u00edfica de Turqu\u00eda, es un grandioso ejemplo de vigor, entrega, entereza, resistencia y&nbsp;firme convencimiento ideol\u00f3gico para los comunistas y revolucionarios del mundo. Es recordado con profundo amor de clase por todos aquellos que est\u00e1n contribuyendo a las tareas revolucionarias en Turqu\u00eda y el mundo entero.<\/p>\n\n\n\n<p class=\"has-black-color has-text-color\">As\u00ed lo recuerda hoy el TKP\/ML en un comunicado por el 50 aniversario su ca\u00edda en combate: <em>\u201cEn el 50 aniversario del asesinato del Camarada \u0130brahim, su l\u00ednea se mantiene con toda su fuerza y su car\u00e1cter cient\u00edfico, y nuestros camaradas inmortales siguen sus pasos y llevan su l\u00ednea al pueblo con su sangre y vidas. La voluntad camina con determinaci\u00f3n por la ruta que \u00e9l dibuj\u00f3 hace exactamente 50 a\u00f1os, a pesar de las derrotas y las adversidades, sin duda tambi\u00e9n la voluntad del Partido, que defiende y organiza esta l\u00ednea\u201d<\/em><\/p>\n\n\n\n<figure class=\"wp-block-image aligncenter size-full\"><img loading=\"lazy\" decoding=\"async\" width=\"1024\" height=\"683\" src=\"https:\/\/nuevademocracia.com.co\/wp-content\/uploads\/2023\/06\/DSC_0026.limpio-min-1024x683-1.jpg\" alt=\"\" class=\"wp-image-25509\" srcset=\"https:\/\/nuevademocracia.com.co\/wp-content\/uploads\/2023\/06\/DSC_0026.limpio-min-1024x683-1.jpg 1024w, https:\/\/nuevademocracia.com.co\/wp-content\/uploads\/2023\/06\/DSC_0026.limpio-min-1024x683-1-300x200.jpg 300w, https:\/\/nuevademocracia.com.co\/wp-content\/uploads\/2023\/06\/DSC_0026.limpio-min-1024x683-1-768x512.jpg 768w\" sizes=\"auto, (max-width: 1024px) 100vw, 1024px\" \/><figcaption class=\"wp-element-caption\"><mark style=\"background-color:rgba(0, 0, 0, 0)\" class=\"has-inline-color has-black-color\">Pinta realizada en la Universidad de Antioquia, Medell\u00edn. Foto: Revista Internacional Comunista.<\/mark><\/figcaption><\/figure>\n\n\n\n<p class=\"has-black-color has-text-color\">Como parte de retomar el ejemplo de la vida y obra de Ibrahim Kaypakkya y de conmemorar los 50 a\u00f1os de su asesinato, los d\u00edas 27 y 28 de mayo de 2023, se realiz\u00f3 en Austria, un simposio internacional al cual asistieron delegaciones internacionales procedentes de Turqu\u00eda, Brasil, Per\u00fa, Suecia, Noruega, Espa\u00f1a, Finlandia, Colombia, Alemania, Austria, Filipinas y Francia.<\/p>\n\n\n\n<p class=\"has-black-color has-text-color\">El primer d\u00eda se realiz\u00f3 una marcha en Viena, donde sacaron una tela grande con el rostro de Kaypakkaya junto con banderas de Partizan y de la Liga Comunista Internacional \u2013 LCI, tambi\u00e9n se agitaron consignas como, \u201c<em>Viva TKP\/ML, T\u0130KKO, TMLGB\u201d, \u201c\u00a1Marx, Engels, Lenin, Stalin, Mao, Viva, Viva, Viva!\u201d<\/em>, entre otras. Una vez llegaron al lugar del simposio cantaron La Internacional, hicieron un minuto de silencio por aquellos revolucionarios y comunistas que dieron su vida por la revoluci\u00f3n, se ley\u00f3 el comunicado del TKP\/ML y se dio inicio a las presentaciones de las distintas delegaciones internacionales mostrando la importancia internacional de Kaypakkaya.<\/p>\n\n\n\n<figure class=\"wp-block-image aligncenter size-full\"><img loading=\"lazy\" decoding=\"async\" width=\"1024\" height=\"768\" src=\"https:\/\/nuevademocracia.com.co\/wp-content\/uploads\/2023\/06\/image-12.png\" alt=\"\" class=\"wp-image-25512\" srcset=\"https:\/\/nuevademocracia.com.co\/wp-content\/uploads\/2023\/06\/image-12.png 1024w, https:\/\/nuevademocracia.com.co\/wp-content\/uploads\/2023\/06\/image-12-300x225.png 300w, https:\/\/nuevademocracia.com.co\/wp-content\/uploads\/2023\/06\/image-12-768x576.png 768w\" sizes=\"auto, (max-width: 1024px) 100vw, 1024px\" \/><figcaption class=\"wp-element-caption\"><mark style=\"background-color:rgba(0, 0, 0, 0)\" class=\"has-inline-color has-black-color\">Movilizaci\u00f3n en conmemoraci\u00f3n a Kaypakkaya realizada en Viena, Austria. Foto: El Heraldo Rojo.<\/mark><\/figcaption><\/figure>\n\n\n\n<p class=\"has-black-color has-text-color\">El segundo d\u00eda se ley\u00f3 un comunicado de la LCI y se realiz\u00f3 la segunda parte del simposio que llevada como t\u00edtulo \u201c<em>GRPC (Gran Revoluci\u00f3n Cultural Proletaria, los l\u00edderes comunistas que cre\u00f3 y la lucha contra el revisionismo moderno<\/em>\u201d, tambi\u00e9n hubo presentaciones de las distintas delegaciones internacionales.<\/p>\n\n\n\n<p class=\"has-black-color has-text-color\">A lo largo de todo el simposio (que se caracteriz\u00f3 por un fuerte esp\u00edritu internacionalista y que estuvo impregnado de emoci\u00f3n y gran entusiasmo ) se resalt\u00f3 el papel y la influencia de \u201cEl Gran Debate\u201d, llevado a cabo por el Partido Comunista de China y el Presidente Mao, a favor de este y de Stalin y en contra de la influencia que el socialrevisionismo de la URSS tuvo en otros partidos comunistas en el mundo. Se resalt\u00f3 la lucha contra el revisionismo que desarrollaron en sus partidos, correctamente el Presidente Gonzalo en el Per\u00fa, Kaypakkaya en Turqu\u00eda, Charu Mazumdar en la India y Jos\u00e9 Mar\u00eda Sis\u00f3n en Filipinas. <\/p>\n\n\n\n<p class=\"has-black-color has-text-color\">En todo el evento se agitaron vivas a la guerra popular que est\u00e1 en curso en el Per\u00fa, en la India, en Turqu\u00eda y en Filipinas.<\/p>\n\n\n\n<figure class=\"wp-block-image aligncenter size-full\"><img loading=\"lazy\" decoding=\"async\" width=\"725\" height=\"1024\" src=\"https:\/\/nuevademocracia.com.co\/wp-content\/uploads\/2023\/06\/symposium_A2_espanol-725x1024-1.jpg\" alt=\"\" class=\"wp-image-25510\" srcset=\"https:\/\/nuevademocracia.com.co\/wp-content\/uploads\/2023\/06\/symposium_A2_espanol-725x1024-1.jpg 725w, https:\/\/nuevademocracia.com.co\/wp-content\/uploads\/2023\/06\/symposium_A2_espanol-725x1024-1-212x300.jpg 212w\" sizes=\"auto, (max-width: 725px) 100vw, 725px\" \/><figcaption class=\"wp-element-caption\"><mark style=\"background-color:rgba(0, 0, 0, 0)\" class=\"has-inline-color has-black-color\">Invitaci\u00f3n al simposio en conmemoraci\u00f3n a Kaypakkaya. Foto: El Heraldo Rojo.<\/mark><\/figcaption><\/figure>\n","protected":false},"excerpt":{"rendered":"<p>Art\u00edculo enviado por un colaborador. Hace 50 a\u00f1os, el 18 de mayo de 1973, el gran jefe comunista turco Ibrahim Kaypakkaya fundador del Partido Comunista de Turqu\u00eda\/Marxista-Leninista o TKP\/ML por sus siglas en turco, fue asesinado tras casi 4 meses de ser torturado por el viejo Estado fascista turco. Naci\u00f3 en 1949 en Corum, Turqu\u00eda, [&hellip;]<\/p>\n","protected":false},"author":1,"featured_media":25508,"comment_status":"open","ping_status":"open","sticky":false,"template":"","format":"standard","meta":{"footnotes":""},"categories":[16,31],"tags":[62],"class_list":["post-25507","post","type-post","status-publish","format-standard","has-post-thumbnail","hentry","category-carrusel","category-internacional","tag-conmemoracion"],"blocksy_meta":[],"_links":{"self":[{"href":"https:\/\/nuevademocracia.com.co\/index.php?rest_route=\/wp\/v2\/posts\/25507","targetHints":{"allow":["GET"]}}],"collection":[{"href":"https:\/\/nuevademocracia.com.co\/index.php?rest_route=\/wp\/v2\/posts"}],"about":[{"href":"https:\/\/nuevademocracia.com.co\/index.php?rest_route=\/wp\/v2\/types\/post"}],"author":[{"embeddable":true,"href":"https:\/\/nuevademocracia.com.co\/index.php?rest_route=\/wp\/v2\/users\/1"}],"replies":[{"embeddable":true,"href":"https:\/\/nuevademocracia.com.co\/index.php?rest_route=%2Fwp%2Fv2%2Fcomments&post=25507"}],"version-history":[{"count":2,"href":"https:\/\/nuevademocracia.com.co\/index.php?rest_route=\/wp\/v2\/posts\/25507\/revisions"}],"predecessor-version":[{"id":25513,"href":"https:\/\/nuevademocracia.com.co\/index.php?rest_route=\/wp\/v2\/posts\/25507\/revisions\/25513"}],"wp:featuredmedia":[{"embeddable":true,"href":"https:\/\/nuevademocracia.com.co\/index.php?rest_route=\/wp\/v2\/media\/25508"}],"wp:attachment":[{"href":"https:\/\/nuevademocracia.com.co\/index.php?rest_route=%2Fwp%2Fv2%2Fmedia&parent=25507"}],"wp:term":[{"taxonomy":"category","embeddable":true,"href":"https:\/\/nuevademocracia.com.co\/index.php?rest_route=%2Fwp%2Fv2%2Fcategories&post=25507"},{"taxonomy":"post_tag","embeddable":true,"href":"https:\/\/nuevademocracia.com.co\/index.php?rest_route=%2Fwp%2Fv2%2Ftags&post=25507"}],"curies":[{"name":"wp","href":"https:\/\/api.w.org\/{rel}","templated":true}]}}