{"id":25532,"date":"2023-07-24T15:08:58","date_gmt":"2023-07-24T20:08:58","guid":{"rendered":"https:\/\/nuevademocracia.com.co\/?p=25532"},"modified":"2024-07-10T13:31:00","modified_gmt":"2024-07-10T18:31:00","slug":"persecucion-y-represion-contra-indigenas-por-tomas-de-tierras","status":"publish","type":"post","link":"https:\/\/nuevademocracia.com.co\/?p=25532","title":{"rendered":"Persecuci\u00f3n y represi\u00f3n contra ind\u00edgenas por tomas de tierras"},"content":{"rendered":"\n<figure class=\"wp-block-image aligncenter size-full\"><img loading=\"lazy\" decoding=\"async\" width=\"650\" height=\"366\" src=\"https:\/\/nuevademocracia.com.co\/wp-content\/uploads\/2023\/07\/QSNCJ6SGJ5DV3BBQAWZOALLRPE.jpg\" alt=\"\" class=\"wp-image-25533\" srcset=\"https:\/\/nuevademocracia.com.co\/wp-content\/uploads\/2023\/07\/QSNCJ6SGJ5DV3BBQAWZOALLRPE.jpg 650w, https:\/\/nuevademocracia.com.co\/wp-content\/uploads\/2023\/07\/QSNCJ6SGJ5DV3BBQAWZOALLRPE-300x169.jpg 300w\" sizes=\"auto, (max-width: 650px) 100vw, 650px\" \/><figcaption class=\"wp-element-caption\"><mark style=\"background-color:rgba(0, 0, 0, 0)\" class=\"has-inline-color has-black-color\">Foto. W Radio<\/mark><\/figcaption><\/figure>\n\n\n\n<p class=\"has-black-color has-text-color\">El pasado 7 de julio fue detenido el comunero ind\u00edgena Anderson Mario Escue Ul del territorio de Huellas, por su activa participaci\u00f3n en procesos de toma de tierras en el marco de lo que los comuneros han denominado \u201cLiberaci\u00f3n de la Madre Tierra\u201d. Su detenci\u00f3n por parte de las fuerzas policiales se suma a la detenci\u00f3n de Oscar Eduardo Escu\u00e9 el 24 de diciembre del a\u00f1o pasado. Los comuneros son acusados de delitos tales como: invasi\u00f3n de tierras, desplazamiento forzado, da\u00f1o en bien ajeno, hurto y amenazas.<\/p>\n\n\n\n<p class=\"has-black-color has-text-color\">Estas acusaciones se desprenden de la toma de la hacienda Canaima, en el norte del Cauca, <em>cuyo cultivo principal era el cultivo de ca\u00f1a de az\u00facar. Este cultivo beneficia a la gran industria ca\u00f1era de nuestro pa\u00eds, donde se encuentra la organizaci\u00f3n Ardila Lulle, un gran grupo econ\u00f3mico, propietario de m\u00e1s de 80 empresas. La organizaci\u00f3n Ardila Lulle es due\u00f1a directa de miles de hect\u00e1reas de tierra en el Norte del Cauca, las cuales est\u00e1n cultivadas con ca\u00f1a de az\u00facar. Adem\u00e1s, haciendas aleda\u00f1as de propiedad de terratenientes tambi\u00e9n le venden su producci\u00f3n. Con esta ca\u00f1a se procesa az\u00facar y etanol. La organizaci\u00f3n Ardila Lulle recibe financiaci\u00f3n estatal por su producci\u00f3n.&nbsp; Las tierras sembradas con ca\u00f1a de az\u00facar para el negocio azucarero y de bioetanol son las m\u00e1s \u00f3ptimas para la agricultura en la regi\u00f3n.<\/em><\/p>\n\n\n\n<p class=\"has-black-color has-text-color\"><em>Por su parte, los ind\u00edgenas de la zona est\u00e1n arrinconados en las monta\u00f1as, con una creciente necesidad de m\u00e1s y mejores tierras para repartirla entre comuneros pobres para poder trabajar y generar bienestar a sus familias y comunidades. Para este reclamo durante d\u00e9cadas se han amparado en recursos legales. Por un ladohan alegado que las tierras ancestralmente les pertenec\u00edan y que les fueron despojadas por los colonizadores espa\u00f1oles por ello ahora es justo hacer valer su propiedad.<\/em><\/p>\n\n\n\n<p class=\"has-black-color has-text-color\"><em>Por otro lado, de manera m\u00e1s reciente, las reclaman como parte de los compromisos adquiridos por el Estado cuando prometi\u00f3 entregar m\u00e1s de 15 mil hect\u00e1reas de tierra productiva a los ind\u00edgenas como reparaci\u00f3n por la masacre del Nilo, hecho ocurrido en 1991. Aqu\u00ed se hace obligatorio detenernos un poco.<\/em><\/p>\n\n\n\n<p class=\"has-black-color has-text-color\"><em>En esa masacre, el d\u00eda 16 de diciembre, aproximadamente 20 comuneros fueron asesinados. Terratenientes de la zona, entre ellos el propietario de la hacienda Canaima en ese entonces, cuyo nombre es Jos\u00e9 Antonio Bernal Seijas y que hoy goza de libertad condicional, fueron los que orquestaron el plan (participaron adem\u00e1s terratenientes de las haciendas La Emperatriz, El Nilo, Canaima, La Margarita, La Selva y La Josefina), el cual fue ejecutado en conjunto por el <\/em><em>ej\u00e9rcito<\/em><em> reaccionario y por las fuerzas paramilitares que actuaban bajo el mando de los terratenientes del pa\u00eds. El actual due\u00f1o de Canaima es el hermano de Jos\u00e9 Antonio, quien incluso ha acudido a <\/em><em>Jos\u00e9 F\u00e9lix Lafaurie, presidente de la Federaci\u00f3n Nacional de Ganaderos (la cual re\u00fane al gremio de terratenientes ganaderos y ha tenido nexos claros con el paramilitarismo) que intervenga para que se respete la propiedad privada en el Cauca.<\/em><\/p>\n\n\n\n<p class=\"has-black-color has-text-color\"><em>Como las v\u00edas que se encuentran dentro de los l\u00edmites del Estado han demostrado su fracaso durante d\u00e9cadas, los ind\u00edgenas han decido tomar las haciendas al servicio de los ingenios azucareros y los terratenientes. Es en este contexto en que \u00d3scar<\/em><em> Escu\u00e9 y Mario Escu\u00e9 han sido detenidos. Los terratenientes, la justicia burguesa y la prensa <\/em><em>monop\u00f3lica<\/em><em> afirma que son delincuentes. En <\/em><em>realidad,<\/em><em> el delito que han cometido es el de enarbolar la consigna de: tierra para quien la trabaja, haciendo frente con esto a los terratenientes de la zona y a la gran burgues\u00eda en el pa\u00eds . <\/em><em>Hay que <\/em><em>decir tambi\u00e9n, <\/em><em>que,<\/em><em> aunque este ha sido uno de los a\u00f1os en que el gobierno ha hecho m\u00e1s populismo con sus promesas de tierra al campes<\/em><em>i<\/em><em>na<\/em><em>do, los golpes a la lucha por la <\/em><em>tierra no paran y e<\/em><em>stas detenciones se suman a los desalojos viol<\/em><em>entos por parte de las fuerzas represivas del estado contra los campesinos del pa\u00eds ocurridos el a\u00f1o pasado.<\/em><\/p>\n","protected":false},"excerpt":{"rendered":"<p>El pasado 7 de julio fue detenido el comunero ind\u00edgena Anderson Mario Escue Ul del territorio de Huellas, por su activa participaci\u00f3n en procesos de toma de tierras en el marco de lo que los comuneros han denominado \u201cLiberaci\u00f3n de la Madre Tierra\u201d. Su detenci\u00f3n por parte de las fuerzas policiales se suma a la [&hellip;]<\/p>\n","protected":false},"author":1,"featured_media":25533,"comment_status":"open","ping_status":"open","sticky":false,"template":"","format":"standard","meta":{"footnotes":""},"categories":[16,4,144],"tags":[42,41],"class_list":["post-25532","post","type-post","status-publish","format-standard","has-post-thumbnail","hentry","category-carrusel","category-colombia","category-lucha-por-la-tierra","tag-lucha-por-la-tierra","tag-represion-estatal"],"blocksy_meta":[],"_links":{"self":[{"href":"https:\/\/nuevademocracia.com.co\/index.php?rest_route=\/wp\/v2\/posts\/25532","targetHints":{"allow":["GET"]}}],"collection":[{"href":"https:\/\/nuevademocracia.com.co\/index.php?rest_route=\/wp\/v2\/posts"}],"about":[{"href":"https:\/\/nuevademocracia.com.co\/index.php?rest_route=\/wp\/v2\/types\/post"}],"author":[{"embeddable":true,"href":"https:\/\/nuevademocracia.com.co\/index.php?rest_route=\/wp\/v2\/users\/1"}],"replies":[{"embeddable":true,"href":"https:\/\/nuevademocracia.com.co\/index.php?rest_route=%2Fwp%2Fv2%2Fcomments&post=25532"}],"version-history":[{"count":3,"href":"https:\/\/nuevademocracia.com.co\/index.php?rest_route=\/wp\/v2\/posts\/25532\/revisions"}],"predecessor-version":[{"id":25564,"href":"https:\/\/nuevademocracia.com.co\/index.php?rest_route=\/wp\/v2\/posts\/25532\/revisions\/25564"}],"wp:featuredmedia":[{"embeddable":true,"href":"https:\/\/nuevademocracia.com.co\/index.php?rest_route=\/wp\/v2\/media\/25533"}],"wp:attachment":[{"href":"https:\/\/nuevademocracia.com.co\/index.php?rest_route=%2Fwp%2Fv2%2Fmedia&parent=25532"}],"wp:term":[{"taxonomy":"category","embeddable":true,"href":"https:\/\/nuevademocracia.com.co\/index.php?rest_route=%2Fwp%2Fv2%2Fcategories&post=25532"},{"taxonomy":"post_tag","embeddable":true,"href":"https:\/\/nuevademocracia.com.co\/index.php?rest_route=%2Fwp%2Fv2%2Ftags&post=25532"}],"curies":[{"name":"wp","href":"https:\/\/api.w.org\/{rel}","templated":true}]}}