{"id":25540,"date":"2023-08-03T15:45:15","date_gmt":"2023-08-03T20:45:15","guid":{"rendered":"https:\/\/nuevademocracia.com.co\/?p=25540"},"modified":"2024-07-10T13:31:53","modified_gmt":"2024-07-10T18:31:53","slug":"bloqueos-de-campesinos-e-indigenas-a-lo-largo-del-pais","status":"publish","type":"post","link":"https:\/\/nuevademocracia.com.co\/?p=25540","title":{"rendered":"Bloqueos de campesinos e ind\u00edgenas a lo largo del pa\u00eds"},"content":{"rendered":"\n<figure class=\"wp-block-image aligncenter size-full\"><img loading=\"lazy\" decoding=\"async\" width=\"728\" height=\"477\" src=\"https:\/\/nuevademocracia.com.co\/wp-content\/uploads\/2023\/08\/image.png\" alt=\"\" class=\"wp-image-25541\" srcset=\"https:\/\/nuevademocracia.com.co\/wp-content\/uploads\/2023\/08\/image.png 728w, https:\/\/nuevademocracia.com.co\/wp-content\/uploads\/2023\/08\/image-300x197.png 300w\" sizes=\"auto, (max-width: 728px) 100vw, 728px\" \/><figcaption class=\"wp-element-caption\"><mark style=\"background-color:rgba(0, 0, 0, 0)\" class=\"has-inline-color has-black-color\">Foto: Infobae<\/mark><\/figcaption><\/figure>\n\n\n\n<p class=\"has-black-color has-text-color\">Desde el lunes 31 de julio el movimiento ind\u00edgena \u2018Los Nietos del Quint\u00edn Lame\u2019 con m\u00e1s dos mil comuneros han bloqueado la v\u00eda panamericana, una importante v\u00eda del pa\u00eds,&nbsp;a la altura de&nbsp;Piendam\u00f3, sobre el tramo que comunica a Cali con Popay\u00e1n,&nbsp;la han bloqueado con \u00e1rboles, piedras y han hecho una monta\u00f1a de arena con m\u00e1quinas de construcci\u00f3n, para impedir el paso de los buses. Esto con el fin de exigirle al gobierno el \u201creconocimiento del movimiento \u2018Los sin tierra, nietos del Quint\u00edn Lame\u2019 as\u00ed como todos los pueblos presentes con las respectivas garant\u00edas de tierras y vivienda digna\u201d, tambi\u00e9n est\u00e1 el control en el precio de combustibles, as\u00ed como \u00bb todo lo que eso representa en el consumidor de la canasta familiar\u201d y de otro lado, estas comunidades piden que se cumpla el Acuerdo de Paz, en ese sentido, solicitaron que se garantice la participaci\u00f3n activa en estos procesos de las poblaciones afectadas por los conflictos. De las principales exigencias es la de las tierras, pues la Reforma Agraria que ha impulsado el gobierno Petro no solo es insuficiente si no que est\u00e1 al servicio de los latifundistas y no solucionara el problema de la tierra en nuestro pa\u00eds.<\/p>\n\n\n\n<p class=\"has-black-color has-text-color\">El Ministro del Interior Juan Fernando Velasco en representaci\u00f3n del gobierno prometi\u00f3 entablar un dialogo con los ind\u00edgenas y dijo que \u201cEste gobierno no necesita bloqueo de v\u00edas para hablar con las comunidades y aspiro a que en el marco de lo que ser\u00e1 un di\u00e1logo con esta gente, levantemos inmediatamente el bloqueo porque&nbsp;es gigante el da\u00f1o que le hacemos a la gente del sur&nbsp;del pa\u00eds\u201d, sin embargo fue el bloqueo de esta importante v\u00eda lo que hizo que el Ministro se mostrara dispuesto a dialogar.<\/p>\n\n\n\n<p class=\"has-black-color has-text-color\">Los ind\u00edgenas han dicho que \u201cNos hemos preparado para establecernos un mes, dos meses. Estamos dispuestos a resistir\u201d, hasta que el gobierno les brinde una soluci\u00f3n.<\/p>\n\n\n\n<p class=\"has-black-color has-text-color\">El 1 de agosto trasportadores y campesinos se unieron a los bloqueos en la v\u00eda Panamericana, espec\u00edficamente en el puente Rumichaca, que comunica a Nari\u00f1o con Ecuador. Los manifestantes denuncian que se han registrado m\u00e1s de 33 reuniones entre sectores productivos y el Gobierno, sin que haya soluciones concretas y que \u201cLos precios de la leche est\u00e1n totalmente por el piso, los precios de la papa son paup\u00e9rrimos, es totalmente dif\u00edcil la situaci\u00f3n para nosotros ac\u00e1 en Nari\u00f1o\u201d. El bloqueo fue levantado luego de que el gobierno se comprometiera con reunirse con ellos el pr\u00f3ximo 8 de agosto.<\/p>\n\n\n\n<p class=\"has-black-color has-text-color\">Tambi\u00e9n se registraron bloqueos en la ruta del\u00a0Ruta del sol, en el tramo que conecta a Bucaramanga con Barrancabermeja y hacia la costa Atl\u00e1ntica. Los\u00a0Manifestantes exigen el arreglo de 8 kil\u00f3metros de v\u00edas entre el corregimiento Puente Sogamoso (Puerto Wilches) y Barrancabermeja.<\/p>\n\n\n\n<figure class=\"wp-block-image aligncenter size-full\"><img loading=\"lazy\" decoding=\"async\" width=\"520\" height=\"373\" src=\"https:\/\/nuevademocracia.com.co\/wp-content\/uploads\/2023\/08\/image-1.png\" alt=\"\" class=\"wp-image-25542\" srcset=\"https:\/\/nuevademocracia.com.co\/wp-content\/uploads\/2023\/08\/image-1.png 520w, https:\/\/nuevademocracia.com.co\/wp-content\/uploads\/2023\/08\/image-1-300x215.png 300w\" sizes=\"auto, (max-width: 520px) 100vw, 520px\" \/><figcaption class=\"wp-element-caption\"><mark style=\"background-color:rgba(0, 0, 0, 0)\" class=\"has-inline-color has-black-color\">Foto: Infobae<\/mark> <\/figcaption><\/figure>\n\n\n\n<p class=\"has-black-color has-text-color\">Y se registraron bloqueos en la Guajira, las comunidades ind\u00edgenas mantienen bloqueadas la Troncal del Caribe&nbsp;a la altura del corregimiento Mayapo, impidiendo el libre tr\u00e1nsito hacia Manaure, Uribia y Maicao&nbsp;por esta carretera y entre Barrancas y Fonseca. Las razones de las protestas se centran en problem\u00e1ticas del sector educativo. \u201cHemos venido laborando desde el mes de febrero y la Secretar\u00eda de Educaci\u00f3n no nos tiene en una vinculaci\u00f3n contratada o un nombramiento para nuestra labor. Aparte, los ni\u00f1os en las comunidades del centro etnoeducativo Ricardo G\u00f3mez Mengual no est\u00e1n recibiendo la alimentaci\u00f3n al 100%\u201d, precis\u00f3 la docente Rosalba Cotes, tambi\u00e9n exigen la contrataci\u00f3n de 60 docentes.<\/p>\n\n\n\n<p class=\"has-black-color has-text-color\">Estos bloqueos a lo largo del pa\u00eds son muestra de que la lucha del pueblo sigue sin importar quien gobierne pues ning\u00fan politiquero u oportunista solucionara realmente los problemas que aquejan al pueblo sino por el contrario ser\u00e1 la lucha y organizaci\u00f3n popular la que dar\u00e1 tierra a los campesinos e ind\u00edgenas, la que arreglara las carreteras y v\u00edas, la que brindara una mejor educaci\u00f3n con mejores condiciones laborales, la que transformara la sociedad y construir\u00e1 una nueva al servicio del pueblo.<\/p>\n\n\n\n<figure class=\"wp-block-image aligncenter size-large\"><img loading=\"lazy\" decoding=\"async\" width=\"1024\" height=\"555\" src=\"https:\/\/nuevademocracia.com.co\/wp-content\/uploads\/2023\/08\/image-2-1024x555.png\" alt=\"\" class=\"wp-image-25543\" srcset=\"https:\/\/nuevademocracia.com.co\/wp-content\/uploads\/2023\/08\/image-2-1024x555.png 1024w, https:\/\/nuevademocracia.com.co\/wp-content\/uploads\/2023\/08\/image-2-300x163.png 300w, https:\/\/nuevademocracia.com.co\/wp-content\/uploads\/2023\/08\/image-2-768x416.png 768w, https:\/\/nuevademocracia.com.co\/wp-content\/uploads\/2023\/08\/image-2.png 1125w\" sizes=\"auto, (max-width: 1024px) 100vw, 1024px\" \/><figcaption class=\"wp-element-caption\">Foto: Infobae<\/figcaption><\/figure>\n","protected":false},"excerpt":{"rendered":"<p>Desde el lunes 31 de julio el movimiento ind\u00edgena \u2018Los Nietos del Quint\u00edn Lame\u2019 con m\u00e1s dos mil comuneros han bloqueado la v\u00eda panamericana, una importante v\u00eda del pa\u00eds,&nbsp;a la altura de&nbsp;Piendam\u00f3, sobre el tramo que comunica a Cali con Popay\u00e1n,&nbsp;la han bloqueado con \u00e1rboles, piedras y han hecho una monta\u00f1a de arena con m\u00e1quinas [&hellip;]<\/p>\n","protected":false},"author":1,"featured_media":25541,"comment_status":"open","ping_status":"open","sticky":false,"template":"","format":"standard","meta":{"footnotes":""},"categories":[16,4,144],"tags":[21,42,18],"class_list":["post-25540","post","type-post","status-publish","format-standard","has-post-thumbnail","hentry","category-carrusel","category-colombia","category-lucha-por-la-tierra","tag-campesinos","tag-lucha-por-la-tierra","tag-protestas"],"blocksy_meta":[],"_links":{"self":[{"href":"https:\/\/nuevademocracia.com.co\/index.php?rest_route=\/wp\/v2\/posts\/25540","targetHints":{"allow":["GET"]}}],"collection":[{"href":"https:\/\/nuevademocracia.com.co\/index.php?rest_route=\/wp\/v2\/posts"}],"about":[{"href":"https:\/\/nuevademocracia.com.co\/index.php?rest_route=\/wp\/v2\/types\/post"}],"author":[{"embeddable":true,"href":"https:\/\/nuevademocracia.com.co\/index.php?rest_route=\/wp\/v2\/users\/1"}],"replies":[{"embeddable":true,"href":"https:\/\/nuevademocracia.com.co\/index.php?rest_route=%2Fwp%2Fv2%2Fcomments&post=25540"}],"version-history":[{"count":1,"href":"https:\/\/nuevademocracia.com.co\/index.php?rest_route=\/wp\/v2\/posts\/25540\/revisions"}],"predecessor-version":[{"id":25544,"href":"https:\/\/nuevademocracia.com.co\/index.php?rest_route=\/wp\/v2\/posts\/25540\/revisions\/25544"}],"wp:featuredmedia":[{"embeddable":true,"href":"https:\/\/nuevademocracia.com.co\/index.php?rest_route=\/wp\/v2\/media\/25541"}],"wp:attachment":[{"href":"https:\/\/nuevademocracia.com.co\/index.php?rest_route=%2Fwp%2Fv2%2Fmedia&parent=25540"}],"wp:term":[{"taxonomy":"category","embeddable":true,"href":"https:\/\/nuevademocracia.com.co\/index.php?rest_route=%2Fwp%2Fv2%2Fcategories&post=25540"},{"taxonomy":"post_tag","embeddable":true,"href":"https:\/\/nuevademocracia.com.co\/index.php?rest_route=%2Fwp%2Fv2%2Ftags&post=25540"}],"curies":[{"name":"wp","href":"https:\/\/api.w.org\/{rel}","templated":true}]}}