{"id":25545,"date":"2023-08-03T15:54:49","date_gmt":"2023-08-03T20:54:49","guid":{"rendered":"https:\/\/nuevademocracia.com.co\/?p=25545"},"modified":"2023-08-03T15:55:06","modified_gmt":"2023-08-03T20:55:06","slug":"crimenes-silenciosos-del-imperialismo-espanol-i-ser-colombiano-en-espana","status":"publish","type":"post","link":"https:\/\/nuevademocracia.com.co\/?p=25545","title":{"rendered":"Cr\u00edmenes silenciosos del imperialismo espa\u00f1ol (I): ser colombiano en\u00a0Espa\u00f1a"},"content":{"rendered":"\n<p class=\"has-black-color has-text-color\">Compartimos este <a href=\"https:\/\/serviralpuebloperiodico.wordpress.com\/2023\/07\/07\/crimenes-silenciosos-del-imperialismo-espanol-i-ser-colombiano-en-espana\/\">articulo<\/a> encontrado en el peri\u00f3dico de Espa\u00f1a Servir al Pueblo<\/p>\n\n\n\n<figure class=\"wp-block-image aligncenter size-full\"><img loading=\"lazy\" decoding=\"async\" width=\"650\" height=\"401\" src=\"https:\/\/nuevademocracia.com.co\/wp-content\/uploads\/2023\/08\/image-3.png\" alt=\"\" class=\"wp-image-25546\" srcset=\"https:\/\/nuevademocracia.com.co\/wp-content\/uploads\/2023\/08\/image-3.png 650w, https:\/\/nuevademocracia.com.co\/wp-content\/uploads\/2023\/08\/image-3-300x185.png 300w\" sizes=\"auto, (max-width: 650px) 100vw, 650px\" \/><\/figure>\n\n\n\n<p class=\"has-black-color has-text-color\">Recientemente, el Banco de Espa\u00f1a public\u00f3 un informe sobre la econom\u00eda en Am\u00e9rica Latina: inversiones y potenciales riesgos, estabilidad sociopol\u00edtica en la regi\u00f3n, c\u00f3mo avanza la presencia de la banca espa\u00f1ola en los pa\u00edses latinoamericanos, etc. El informe se llama <em>Enfoque de Econom\u00eda Latinoamericana<\/em> y es publicado cada semestre desde 2004 (pueden consultarse <a href=\"https:\/\/www.bde.es\/wbe\/es\/publicaciones\/analisis-economico-investigacion\/informe-de-economia-latinoamericana\/?page=4&amp;sort=DESC\">aqu\u00ed<\/a>). Es, por tanto, p\u00fablico y notorio el inter\u00e9s del imperialismo espa\u00f1ol en la zona.<\/p>\n\n\n\n<p class=\"has-black-color has-text-color\">De los \u00faltimos informes -los de 2022 y el \u00faltimo, del primer semestre de 2023- destaca c\u00f3mo el imperialismo espa\u00f1ol se viene fijando en algunos pa\u00edses concretos: \u201c<em>El Banco de Espa\u00f1a identific\u00f3 en 2022 cinco econom\u00edas latinoamericanas entre las econom\u00edas con relevancia material para el sistema bancario espa\u00f1ol1: M\u00e9xico, Brasil, Chile, Per\u00fa y Colombia<\/em>\u201d. Esto concuerda con algunos art\u00edculos que hemos publicado con anterioridad sobre el inter\u00e9s y beneficios de la oligarqu\u00eda financiera espa\u00f1ola en <a href=\"https:\/\/serviralpuebloperiodico.wordpress.com\/2023\/06\/07\/el-imperialismo-espanol-busca-ser-mas-fuerte-en-mexico-bbva-incrementara-sus-inversiones\/\">M\u00e9xico<\/a> o en <a href=\"https:\/\/serviralpuebloperiodico.wordpress.com\/2023\/05\/04\/extraordinario-desarrollo-del-imperialismo-espanol-ii-banco-santander-reparte-1-000-millones-de-euros-en-dividendos-y-aumenta-sus-beneficios-en-brasil-y-mexico\/\">Brasil<\/a>.<\/p>\n\n\n\n<p class=\"has-black-color has-text-color\">Sin embargo, no hemos hablado a\u00fan de c\u00f3mo opera el imperialismo espa\u00f1ol en Colombia. En lo fundamental, no es distinto de otros pa\u00edses latinoamericanos: el imperialismo yanqui, como la superpotencia hegem\u00f3nica \u00fanica que es, es la que principalmente saquea y oprime a Colombia, con la complicidad del viejo Estado colombiano, los terratenientes y la burgues\u00eda burocr\u00e1tica que sirve a los imperialistas. El imperialismo espa\u00f1ol, aunque varios pasos por detr\u00e1s, tambi\u00e9n saquea y oprime al pueblo colombiano, tal y como hizo el colonialismo del viejo imperio siglos a\u00f1os. Y en colusi\u00f3n y pugna con la superpotencia yanqui, siempre acecha, espera su oportunidad para avanzar posiciones.<\/p>\n\n\n\n<p class=\"has-black-color has-text-color\">El autor de este art\u00edculo considera que uno de los aspectos m\u00e1s desconocidos del imperialismo espa\u00f1ol -o al menos, un aspecto que es menos p\u00fablico- es c\u00f3mo afecta el imperialismo a las masas de las naciones oprimidas que se ven obligadas a migrar a la metr\u00f3polis. El genocidio de Melilla es un crimen atroz y b\u00e1rbaro, pero hay muchos cr\u00edmenes invisibles, \u201cpeque\u00f1os\u201d, invisibles en los medios de comunicaci\u00f3n. De esta forma, la revista digital <a href=\"https:\/\/ci-ic.org\/es\/2022\/12\/15\/la-masacre-de-melilla\/\">Internacional Comunista<\/a> ya dec\u00eda: \u201c<em>lo particular de lo sucedido el 24J <\/em>[nota: cuando se produjo el genocidio]<em>, est\u00e1 en la situaci\u00f3n por el conocimiento del material audio visual que gr\u00e1fica como se ha cumplido este genocidio<\/em>\u201d. Por este motivo, se\u00f1alaremos c\u00f3mo el imperialismo se ceba m\u00e1s con algunas de las nacionalidades que viajan a nuestro pa\u00eds buscando una vida mejor, y solo encuentran racismo y una explotaci\u00f3n salvaje<\/p>\n\n\n\n<p class=\"has-black-color has-text-color\">Muchos de estos cr\u00edmenes invisibles se cometen contra las masas colombianas. No vamos a desarrollar en profundidad la cuesti\u00f3n, pero s\u00ed exponer algunas notas.<\/p>\n\n\n\n<h2 class=\"wp-block-heading has-black-color has-text-color\">Buena parte de los colombianos se encuentran \u201csin papeles\u201d (en situaci\u00f3n irregular) y son duramente explotados<\/h2>\n\n\n\n<p class=\"has-black-color has-text-color\">Seg\u00fan cifras oficiales del INE (Instituto Nacional de Estad\u00edstica) el n\u00famero de personas con nacionalidad colombiana y con residencia regulada, con \u201cpapeles\u201d, es de 136.000. Realmente, m\u00e1s de medio mill\u00f3n de colombianos residen en todo el territorio del Estado espa\u00f1ol, cifra que obtenemos al sumar las personas con papeles, con doble nacionalidad y los sin papeles. Tras estos n\u00fameros, sabemos que la colombiana (560.000 aprox.) es la segunda comunidad de inmigrantes m\u00e1s grande despu\u00e9s de la comunidad marroqu\u00ed (cerca de un mill\u00f3n, 980.000 aprox.)<\/p>\n\n\n\n<p class=\"has-black-color has-text-color\">La burgues\u00eda utiliza a los \u201csinpapeles\u201d no solo para realizar algunos de los trabajos m\u00e1s duros f\u00edsicamente, sino para explotarles a\u00fan m\u00e1s: sacar el m\u00e1ximo beneficio recortando en las cuestiones m\u00e1s b\u00e1sicas que con una persona en residencia legal no podr\u00eda. Esto lo consigue gracias al chantaje o la extorsi\u00f3n.<\/p>\n\n\n\n<p class=\"has-black-color has-text-color\">Queremos ilustrar con algunos casos reales.<\/p>\n\n\n\n<p class=\"has-black-color has-text-color\">En Barcelona, <a href=\"https:\/\/www.dw.com\/es\/espa\u00f1a-cae-una-red-de-explotaci\u00f3n-laboral-a-colombianos\/a-57689752\">leemos<\/a> un caso de hace 2 a\u00f1os: \u201c<em>La Polic\u00eda espa\u00f1ola detuvo en Barcelona a siete personas que formaban parte de una red dedicada a la trata de personas. As\u00ed lo informan fuentes policiales oficiales este jueves (27.5.2021) Las v\u00edctimas eran captadas en Colombia y explotadas laboralmente en el sector del servicio dom\u00e9stico. La red operaba en la capital catalana y usaba empresas ficticias para blanquear sus beneficios, que depositaban en Panam\u00e1 y Suiza<\/em>\u201d<\/p>\n\n\n\n<p class=\"has-black-color has-text-color\">En este 2023, cay\u00f3 una <a href=\"https:\/\/www.qhubobogota.com\/asi-paso\/colombianos-explotacion-espana\/\">red de explotaci\u00f3n en \u00c1vila<\/a>: \u201c<em>La Guardia Civil espa\u00f1ola liber\u00f3 en una finca de la provincia de \u00c1vila (norte) a seis trabajadores colombianos que estaban sufriendo explotaci\u00f3n laboral, a los que se suma otro de nacionalidad espa\u00f1ola en situaci\u00f3n similar. Seguidamente, los agentes investigan a un individuo que supuestamente se aprovechaba de las v\u00edctimas, al encontrarse todas ellas en situaci\u00f3n de necesidad y vulnerabilidad, inform\u00f3 este mi\u00e9rcoles la Guardia Civil. Las v\u00edctimas ten\u00eda un equipamiento \u201cmuy deficiente\u201d. Adem\u00e1s los trabajadores colombianos no ten\u00edan contrato de trabajo, no estaban afiliadas a la Seguridad Social. Lo que les permite, entre otras cosas, tener m\u00e9dico, ni permiso de trabajo y\/o residencia\u201d<\/em><\/p>\n\n\n\n<p class=\"has-black-color has-text-color\">Hace apenas un mes, le\u00edamos este <a href=\"https:\/\/www.informacion.es\/elche\/2023\/06\/09\/accidente-laboral-fabrica-carrus-destapa-88495595.html\">recorte de prensa<\/a> en la ciudad de Elche (Alicante): \u201c<em>El hombre, de 48 a\u00f1os y nacionalidad colombiana, dec\u00eda que, junto a la persona accidentada, estaban tratando de descargar un saco de unos 1.000 kg de grano de una furgoneta cuando el saco volc\u00f3 durante la maniobra, haciendo volcar tambi\u00e9n la traspaleta que estaban utilizando, la cual cay\u00f3 encima de la pierna del accidentado<\/em>(\u2026) <em>el accidentado no estaba dado de alta en la misma y que adem\u00e1s se encontraba de manera irregular en Espa\u00f1a<\/em>\u201d<\/p>\n\n\n\n<p class=\"has-black-color has-text-color\">La propia RTVE (Radio-Televisi\u00f3n Espa\u00f1ola), la cadena nacional, emiti\u00f3 <a href=\"https:\/\/www.rtve.es\/noticias\/20211019\/extranjeros-indocumentados-principales-victimas-explotacion-laboral\/2195740.shtml\">un breve documental<\/a> donde entrevistaba a una colombiana donde hablaba de c\u00f3mo afectaba la Ley de Extranjer\u00eda a los migrantes:<\/p>\n\n\n\n<p class=\"has-black-color has-text-color\">\u201c<em>Constanza, colombiana de 36 a\u00f1os, es una de las muchas v\u00edctimas que lo ha sufrido. Lleg\u00f3 a Espa\u00f1a hace 4 a\u00f1os sin ning\u00fan tipo de documentaci\u00f3n. Comenz\u00f3 a limpiar en una casa particular con la promesa de que los empleadores le ayudar\u00edan a regularizar su estancia a trav\u00e9s de un contrato de trabajo. Cuando llevara 3 a\u00f1os residiendo en Espa\u00f1a, el tiempo que la Ley de extranjer\u00eda exige para conseguir el arraigo social, le ayudar\u00edan a conseguir sus papeles. \u201cAll\u00ed me di cuenta que me estaban explotando\u201c Pasados los 3 a\u00f1os, los propietarios de la casa no quisieron formalizar su situaci\u00f3n.<\/em><\/p>\n\n\n\n<p class=\"has-black-color has-text-color\"><em>En cambio, s\u00ed le exig\u00edan ir a limpiar a casa en pleno confinamiento. Llegaron a hacerle un justificante de trabajo para que pudiera moverse por la ciudad. \u00abAll\u00ed es cuando me di cuenta de que no les importaba que cogiera el covid, ni que me pasara nada\u2026 ellos solo quer\u00edan que limpiara. All\u00ed me di cuenta que me estaban explotando\u00bb, relata Constanza. Constanza acab\u00f3 denunciando a sus empleadores. La inspecci\u00f3n del trabajo les impuso una multa de 10.000 euros y ella consigui\u00f3 regularizar su situaci\u00f3n. Ahora, Constanza espera que su experiencia sirva de ejemplo<\/em>\u201d<\/p>\n\n\n\n<p class=\"has-black-color has-text-color\">El relato acaba con un mensaje de esperanza en el sistema y el Estado de bienestar, el mensaje de \u201cdenuncia y conf\u00eda en el sistema, as\u00ed se arreglar\u00e1\u201d. Es l\u00f3gico que, al tratarse de la cadena nacional del Estado espa\u00f1ol, emita este mensaje desmovilizador. Pero el fondo que subyace evidencia la situaci\u00f3n de explotaci\u00f3n que vive diariamente miles de masas.<\/p>\n\n\n\n<p class=\"has-black-color has-text-color\">La explotaci\u00f3n laboral y el racismo va de la mano en la inmensa mayor\u00eda de las ocasiones. En 2019, reportaron una <a href=\"https:\/\/www.publico.es\/politica\/red-explotacion-laboral-coloco-60-migrantes-papeles-internas-cuidar-personas-mayores-galicia.html\">red de trabajos forzados en Galiza de unas 60 trabajadoras latinoamericanas<\/a>, principalmente de Colombia, Honduras y Nicaragua. El trabajo consist\u00eda en labores dom\u00e9sticas de cuidado de ancianos. Leemos el testimonio en el recorte de prensa:<\/p>\n\n\n\n<p class=\"has-black-color has-text-color\">\u201c<em>En la causa hay localizadas, hasta el momento, cerca de 60 v\u00edctimas de explotaci\u00f3n laboral, aunque s\u00f3lo han declarado unas 40. Algunas de ellas estuvieron trabajando en p\u00e9simas condiciones durante tres a\u00f1os, otras s\u00f3lo unos meses, pero todas cobrando en sobres y mintiendo a las familias sobre su situaci\u00f3n en Espa\u00f1a, por orden de la due\u00f1a de la empresa, Montserrat L. G (\u2026) Si pretend\u00edan librar un d\u00eda, Montserrat L.G. les descontaba 100 euros. Para ella era f\u00e1cil conseguir que estas mujeres migrantes accedieran a realizar ese trabajo, pues la mayor\u00eda no dispon\u00eda de domicilio ni de recursos para pagar un alquiler<\/em> (\u2026) <em>La gerente y due\u00f1a de Asistencia Castroverde S.L. sol\u00eda contratar a las migrantes por tel\u00e9fono. Incluso por WhatsApp les daba instrucciones: \u00abNo digas que acabas de llegar\u00bb, consta en un mensaje aportado al sumario.\u00abSi en la casa te piden la documentaci\u00f3n les dices que me la has dado a m\u00ed\u00bb, aparece en otro<\/em> (\u2026)<em> Se refer\u00eda a las trabajadoras como \u00abnegras\u00bb. En el sumario consta que Montserrat L. G. se refer\u00eda a las trabajadoras irregulares como \u00abnegras\u00bb. En varias conversaciones con su madre, la investigada usa esa expresi\u00f3n<\/em>\u201d. [Nota: Si hay alg\u00fan lector de Servir al Pueblo que no reside en el Estado espa\u00f1ol ni est\u00e1 acostumbrado a frases o dichos espa\u00f1oles, la palabra \u201cnegra\u201d en ese contexto no es descriptiva ni inocente. Se utiliza como insulto directo y ofensivo]<\/p>\n\n\n\n<p class=\"has-black-color has-text-color\">Pensamos que es suficiente con estos ejemplos.<\/p>\n\n\n\n<h2 class=\"wp-block-heading has-black-color has-text-color\">Prostituci\u00f3n: el perfil m\u00e1s com\u00fan de esclava sexual es una mujer colombiana de entre 23 y 27 a\u00f1os<\/h2>\n\n\n\n<p class=\"has-black-color has-text-color\">La prostituci\u00f3n es un crimen contra la mujer proletaria, una pr\u00e1ctica salvaje y patriarcal. Es com\u00fan entre los pa\u00edses imperialistas que la mayor parte de las mujeres prostituidas provengan de naciones oprimidas.<\/p>\n\n\n\n<p class=\"has-black-color has-text-color\">El Estado espa\u00f1ol <a href=\"https:\/\/www.interior.gob.es\/opencms\/export\/sites\/default\/.galleries\/galeria-de-prensa\/documentos-y-multimedia\/balances-e-informes\/2022\/BALANCE-ESTADISTICO-2018-2022.pdf\">admiti\u00f3 en un informe<\/a> titulado \u201c<em>Trata y explotaci\u00f3n de seres humanos en Espa\u00f1a. Balance estad\u00edstico 2018-2022<\/em>\u201d que las mujeres colombianas entre 23 y 27 a\u00f1os era el perfil m\u00e1s com\u00fan de esclavas sexuales liberadas. Podemos <a href=\"https:\/\/www.europapress.es\/epsocial\/igualdad\/noticia-mujer-colombiana-23-27-anos-perfil-mayoritario-victimas-trata-sexual-liberadas-2022-espana-20230508131534.html\">leer m\u00e1s en detalle<\/a>:<\/p>\n\n\n\n<p class=\"has-black-color has-text-color\">\u201c<em>Han liberado a un total de 1.180 v\u00edctimas de trata sexual o laboral en el pa\u00eds en 2022, de las cuales, casi la mitad (564) son v\u00edctimas de explotaci\u00f3n sexual. El perfil de estas \u00faltimas, seg\u00fan ha informado el Ministerio del Interior, es de una mujer colombiana de entre 23 y 27 a\u00f1os<\/em> (\u2026)<em> durante el a\u00f1o pasado se liberaron 129 v\u00edctimas de las redes de trata de seres humanos para su explotaci\u00f3n sexual, cuatro de ellas menores de edad, a las que hay que sumar otras 435 personas (entre las que hay diez menores) que han sido liberadas sin la concurrencia de redes de trata de personas. En ambos casos, el perfil mayoritario es de una mujer colombiana de entre 23 y 27 a\u00f1os<\/em>\u201d<\/p>\n\n\n\n<p class=\"has-black-color has-text-color\">Tristemente hay muchos casos donde vemos esto. El m\u00e1s com\u00fan es obligar a las mujeres a prostituidas para saldar el pago de una supuesta deuda que contraen para emigrar a Espa\u00f1a. El caso de <a href=\"https:\/\/www.semana.com\/mundo\/articulo\/video-capturan-en-espana-a-19-colombianos-vinculados-a-red-de-explotacion-sexual\/202131\/\">Sevilla<\/a> es un buen ejemplo:<\/p>\n\n\n\n<p class=\"has-black-color has-text-color\">\u201c<em>De acuerdo con la informaci\u00f3n de las autoridades, la red criminal operaba en apartamentos de Sevilla capital, Utrera y Alcal\u00e1 de Guada\u00edra donde, presuntamente, ofrec\u00edan a clientes servicios sexuales de mujeres captadas en su pa\u00eds de origen y trasladadas hasta Espa\u00f1a como turistas para ejercer la prostituci\u00f3n <\/em>(\u2026) <em>La investigaci\u00f3n comenz\u00f3 en mayo de este a\u00f1o, cuando los agentes tuvieron conocimiento de una organizaci\u00f3n dedicada a captar a mujeres en su pa\u00eds de origen, recogerlas en destino y llevarlas a sitios seguros donde eran prostituidas, para que pagaran a la organizaci\u00f3n la deuda contra\u00edda por el viaje, que ascend\u00eda a unos 8.000 euros aproximadamente cada una. Adem\u00e1s, dicho consumo de droga era incentivado a las propias v\u00edctimas para que aumentaran el tiempo de exposici\u00f3n a los servicios sexuales y mantener a las mujeres m\u00e1s activas <\/em>(\u2026)<em> En paralelo, las v\u00edctimas, seg\u00fan encontraron las autoridades, viv\u00edan bajo unas condiciones p\u00e9simas de salubridad, llegando a habitar hasta 12 personas en una misma habitaci\u00f3n, toda vez que la organizaci\u00f3n se aseguraba de cobrar a las v\u00edctimas el alojamiento y la manutenci\u00f3n de las mismas.<\/em><\/p>\n\n\n\n<p class=\"has-black-color has-text-color\">Tambi\u00e9n en <a href=\"https:\/\/noticias.caracoltv.com\/mundo\/rescatan-en-espana-a-21-colombianas-que-eran-sometidas-a-explotacion-sexual-cb20\">Alicante<\/a>:<\/p>\n\n\n\n<p class=\"has-black-color has-text-color\">\u201c<em>La Polic\u00eda espa\u00f1ola liber\u00f3 a 21 mujeres de nacionalidad colombiana y detuvo a nueves personas, tras desarticular una banda dedicada a la trata de seres humanos con fines de explotaci\u00f3n sexual, que captaba a sus v\u00edctimas en el pa\u00eds latinoamericano prometiendo trabajo, pero las obligaba a prostituirse a su llegada a Espa\u00f1a<\/em> (\u2026) <em>La mujer manifest\u00f3 que fue captada en su pa\u00eds de origen bajo la falsa promesa de que iba a trabajar en Espa\u00f1a como ayudante de cocina y, debido a su precaria situaci\u00f3n econ\u00f3mica, acept\u00f3 la oferta, pero a su llegada fue obligada a ejercer la prostituci\u00f3n para saldar la deuda que hab\u00eda adquirido por el viaje, la cual se hab\u00eda incrementado con base en supuestos intereses y otros gastos. Tambi\u00e9n relat\u00f3 a los agentes las condiciones en que deb\u00eda ejercer la prostituci\u00f3n, \u00aben r\u00e9gimen de semiesclavitud\u00bb, seg\u00fan las fuentes, ya que deb\u00eda estar disponible para los clientes en turnos de 24 horas durante los 7 d\u00edas de la semana y no ten\u00eda libertad para salir a la calle<\/em>\u201d<\/p>\n\n\n\n<p class=\"has-black-color has-text-color\">Otro relato de <a href=\"https:\/\/www.elperiodico.com\/es\/sociedad\/20220218\/esclavas-sexuales-barcelona-arrancarme-piel-13257506\">Barcelona<\/a>:<\/p>\n\n\n\n<p class=\"has-black-color has-text-color\">\u201c<em>Cada noche, antes de acostarse, Lara se frotaba la piel con furia bajo la ducha llorando mares. De d\u00eda viv\u00eda encerrada en un piso de Barcelona obligada a prostituirse durante m\u00e1s de 15 horas seguidas. \u00abMe quer\u00eda arrancar la piel, como si hubiera llevado un manto encima sudado y apestoso todo el d\u00eda\u00bb, explica esta peruana que lleg\u00f3 a Espa\u00f1a enga\u00f1ada y endeudada. Como ella, en Espa\u00f1a m\u00e1s de de 45.000 mujeres y ni\u00f1as son esclavas sexuales. Las que logran salir del calvario se encuentran con unas administraciones incapaces y terminan en la pobreza m\u00e1s extrema. \u00abSe te pasa todo por la cabeza, te planteas volver, te planteas herirte, hacerte mucho da\u00f1o, matarte\u2026\u00bb, se sincera Veruska, otra superviviente. Hoy, las dos mujeres participan en un proyecto de la Asociaci\u00f3n Bienestar y Desarrollo (ABD) que intenta lograr una salida laboral para ellas. \u00abLlegamos muy tarde, ni se detecta suficientemente, ni se acompa\u00f1a a las mujeres\u00bb, denuncia Mireia Munter, coordinadora de proyectos internacionales de la entidad.<\/em><\/p>\n\n\n\n<p class=\"has-black-color has-text-color\"><em>Veruska y Lara no se llaman ni Veruska ni Lara. Usan estos pseud\u00f3nimos para contar sus historias en El Peri\u00f3dico, por miedo a que sus explotadores les vuelvan a encontrar o sus familiares m\u00e1s allegados puedan reconocerlas en unas vivencias que ning\u00fan ser humano soportar\u00eda. \u00abLo definir\u00eda como terror\u00bb, dice Veruska. \u00abNo te reconoces a ti misma, dejas de saber qui\u00e9n eres\u2026 y piensas que todo es por tu culpa\u00bb, asume Lara. Culpa por querer migrar a Europa para buscar una vida donde puedas llegar a final mes y no temas que te apunten con un rev\u00f3lver. Veruska naci\u00f3 en Colombia. All\u00ed residen a\u00fan su hijo adolescente y sus padres. Trabajaba de camarera y era acosada a diario por su pareja, que lleg\u00f3 a secuestrarla, encerrarla y romper los cristales de casa de sus padres en varias ocasiones y que era intocable por la polic\u00eda. \u00abYo siempre so\u00f1\u00e9 en irme a Espa\u00f1a o Estados Unidos, pero el detonante fue cuando viv\u00ed este maltrato: supe que si me quedaba en Colombia me buscar\u00eda y me matar\u00eda\u00bb, dice. Lara trabajaba como dependienta en Per\u00fa y decidi\u00f3 migrar cuando era incapaz de pagar la medicaci\u00f3n para las enfermedades cr\u00f3nicas de su padre. \u00abNecesitaba dinero y me dijeron que en Espa\u00f1a se ganaba mucho m\u00e1s\u00bb, recuerda\u201d<\/em><\/p>\n\n\n\n<h2 class=\"wp-block-heading has-black-color has-text-color\">Desterrar el imperialismo al basurero de la historia<\/h2>\n\n\n\n<p class=\"has-black-color has-text-color\">Solo hemos relatado los casos m\u00e1s sangrantes y que van en contra de la propias leyes del Estado imperialista espa\u00f1ol. Pero fuera de ellos, hay decenas de miles de historias, historias \u201cnormales\u201d y cotidianas de explotaci\u00f3n bajo el r\u00e9gimen de trabajo asalariado. La construcci\u00f3n, la agricultura o los cuidados y el servicio dom\u00e9stico, son algunos de los sectores donde trabajan la mayor\u00eda de masas colombianas. Sus condiciones laborales y de vida no van a mejorar sustancialmente con ninguna reforma o medida que haga el Estado, pues ir\u00eda en contra de sus propios intereses. En Colombia, la situaci\u00f3n no es nada halag\u00fce\u00f1a:<\/p>\n\n\n\n<p class=\"has-black-color has-text-color\">\u201c<em>Como los m\u00e1s pobres gastan casi todos sus ingresos en estos productos b\u00e1sicos (en alimentaci\u00f3n por ejemplo gastan el 24%), el costo de vida subi\u00f3 para las grandes mayor\u00edas m\u00e1s de un 13%. El panorama es grave, y se corrobora al contrastar estos aumentos con el salario m\u00ednimo, que a pesar de la propaganda del anterior gobierno de turno, del reaccionario Iv\u00e1n Duque, que anunci\u00f3 el a\u00f1o pasado un \u201caumento hist\u00f3rico\u201d, \u00e9ste viene disminuyendo su capacidad adquisitiva real: seg\u00fan cifras del DANE, de julio de 2019 a julio de 2022 (3 a\u00f1os) la inflaci\u00f3n de alimentos fue de 43%, mientras que el salario m\u00ednimo en este mismo periodo subi\u00f3 25%. Es decir, los trabajadores cada vez tienen que dejar mayor parte de su salario para alimentaci\u00f3n, negando directamente las posibilidades de acceso a otros derechos como recreaci\u00f3n y cultura, y poniendo en riesgo la propia posibilidad de subsistencia al tener en cuenta costos b\u00e1sicos como arriendo, servicios o transporte. A esto se suma el agravante de que un 30% de los trabajadores ganan menos del salario m\u00ednimo, completando el panorama de pobreza y miseria de la naci\u00f3n, con 39,3% de pobreza monetaria (seg\u00fan cifras oficiales del Estado). \u201cLos pobres cada vez m\u00e1s pobres\u201d no es un simple refr\u00e1n, es un hecho que golpea al pueblo trabajador, es una realidad que se siente en todos los rincones del pa\u00eds y que hace que el hambre toque a la puerta de m\u00e1s hogares<\/em>\u201d (<a href=\"https:\/\/nuevademocracia.com.co\/?p=24975\">Inflaci\u00f3n y hambre en Colombia<\/a>, del peri\u00f3dico \u201cNueva Democracia\u201d)<\/p>\n\n\n\n<p class=\"has-black-color has-text-color\">Los proletarios espa\u00f1oles deben unirse a las masas colombianas (y l\u00f3gicamente con todas las comunidades migrantes, pero debido al contenido de este art\u00edculo, hacemos \u00e9nfasis en la comunidad colombiana). Los revolucionarios debemos bregar contra todo tipo de chovinismo y racismo que el revisionismo y el Estado quiere inculcar entre el proletariado para separarnos. Masa es masa, y pueblo es pueblo. El proletariado es clase \u00fanica e internacional, m\u00e1s all\u00e1 de fronteras de todo tipo, y como clase \u00fanica debe luchar codo a codo bajo el mensaje de lucha del Manifiesto del Partido Comunista: <em>\u00a1Proletarios de todos los pa\u00edses, un\u00edos!<\/em><\/p>\n\n\n\n<p class=\"has-black-color has-text-color\"><em>Art\u00edculo enviado por un colaborador<\/em><\/p>\n","protected":false},"excerpt":{"rendered":"<p>Compartimos este articulo encontrado en el peri\u00f3dico de Espa\u00f1a Servir al Pueblo Recientemente, el Banco de Espa\u00f1a public\u00f3 un informe sobre la econom\u00eda en Am\u00e9rica Latina: inversiones y potenciales riesgos, estabilidad sociopol\u00edtica en la regi\u00f3n, c\u00f3mo avanza la presencia de la banca espa\u00f1ola en los pa\u00edses latinoamericanos, etc. El informe se llama Enfoque de Econom\u00eda [&hellip;]<\/p>\n","protected":false},"author":1,"featured_media":25546,"comment_status":"open","ping_status":"open","sticky":false,"template":"","format":"standard","meta":{"footnotes":""},"categories":[16,116,31],"tags":[],"class_list":["post-25545","post","type-post","status-publish","format-standard","has-post-thumbnail","hentry","category-carrusel","category-imperialismo","category-internacional"],"blocksy_meta":[],"_links":{"self":[{"href":"https:\/\/nuevademocracia.com.co\/index.php?rest_route=\/wp\/v2\/posts\/25545","targetHints":{"allow":["GET"]}}],"collection":[{"href":"https:\/\/nuevademocracia.com.co\/index.php?rest_route=\/wp\/v2\/posts"}],"about":[{"href":"https:\/\/nuevademocracia.com.co\/index.php?rest_route=\/wp\/v2\/types\/post"}],"author":[{"embeddable":true,"href":"https:\/\/nuevademocracia.com.co\/index.php?rest_route=\/wp\/v2\/users\/1"}],"replies":[{"embeddable":true,"href":"https:\/\/nuevademocracia.com.co\/index.php?rest_route=%2Fwp%2Fv2%2Fcomments&post=25545"}],"version-history":[{"count":1,"href":"https:\/\/nuevademocracia.com.co\/index.php?rest_route=\/wp\/v2\/posts\/25545\/revisions"}],"predecessor-version":[{"id":25547,"href":"https:\/\/nuevademocracia.com.co\/index.php?rest_route=\/wp\/v2\/posts\/25545\/revisions\/25547"}],"wp:featuredmedia":[{"embeddable":true,"href":"https:\/\/nuevademocracia.com.co\/index.php?rest_route=\/wp\/v2\/media\/25546"}],"wp:attachment":[{"href":"https:\/\/nuevademocracia.com.co\/index.php?rest_route=%2Fwp%2Fv2%2Fmedia&parent=25545"}],"wp:term":[{"taxonomy":"category","embeddable":true,"href":"https:\/\/nuevademocracia.com.co\/index.php?rest_route=%2Fwp%2Fv2%2Fcategories&post=25545"},{"taxonomy":"post_tag","embeddable":true,"href":"https:\/\/nuevademocracia.com.co\/index.php?rest_route=%2Fwp%2Fv2%2Ftags&post=25545"}],"curies":[{"name":"wp","href":"https:\/\/api.w.org\/{rel}","templated":true}]}}