{"id":25548,"date":"2023-08-06T13:42:26","date_gmt":"2023-08-06T18:42:26","guid":{"rendered":"https:\/\/nuevademocracia.com.co\/?p=25548"},"modified":"2023-08-08T14:20:29","modified_gmt":"2023-08-08T19:20:29","slug":"lucha-de-las-masas-en-francia-apoye-a-los-revolucionarios-y-rebeldes-encarcelados-en-francia-es-justo-rebelarse","status":"publish","type":"post","link":"https:\/\/nuevademocracia.com.co\/?p=25548","title":{"rendered":"Gran rebeli\u00f3n de las masas en Francia"},"content":{"rendered":"\n<p class=\"has-black-color has-text-color\">El martes 27 de junio, la polic\u00eda deten\u00eda y asesinaba a un joven, Nahel M., en un control de tr\u00e1fico en el suburbio proletario Nanterre. La polic\u00eda francesa que dispar\u00f3 y asesin\u00f3 al joven. Los medios y la propia polic\u00eda han difundido la idea de que actuaron en defensa propia pues supuestamente Nahel intent\u00f3 atropellarlos. Los medios de comunicaci\u00f3n adem\u00e1s han intentado mostrarlo como un criminal. Sin embargo, se demostr\u00f3 r\u00e1pidamente que estas versiones eran falsas y que el hecho se trat\u00f3 de un asesinato a sangre fr\u00eda.<\/p>\n\n\n\n<p class=\"has-black-color has-text-color\">El suceso desencaden\u00f3 una gran rebeli\u00f3n de las masas en Francia, especialmente la juventud de zonas m\u00e1s pobres, quienes no aceptan la represi\u00f3n y criminalizaci\u00f3n constante por parte del Estado franc\u00e9s y de nuevo han incendiado las calles con su odio de clase. La rebeli\u00f3n es dirigida principalmente contra el Estado franc\u00e9s y sus fuerzas represivas. Coches de polic\u00eda, comisar\u00edas de polic\u00eda, ayuntamientos y otros edificios p\u00fablicos han sido atacados e incendiados, en los 6 d\u00edas que duro este gran levantamiento fueron atacados al menos 250 estaciones de polic\u00eda, fueron heridos m\u00e1s de 800 polic\u00edas, fueron da\u00f1ados m\u00e1s 1.000 edificios, fueron quemados m\u00e1s de 5.500 carros y fueron afectadas m\u00e1s de 200 ciudades.<\/p>\n\n\n\n<p class=\"has-black-color has-text-color\">As\u00ed mismo con temor de la gran fuerza de las masas el Estado franc\u00e9s reprimi\u00f3 fuertemente las protestas, que denomin\u00f3 como \u201chordas salvajes\u201d, despleg\u00f3 grandes unidades de polic\u00eda, mand\u00f3 tanquetas y lanzo gases lacrim\u00f3genos, impuso toques de queda y declaro estado de emergencia, detuvo a m\u00e1s de 3.300 personas (el promedio de edad de los detenidos era de 17 a\u00f1os) y uso la unidad especial RAID, frecuentemente usada para combatir el terrorismo y el crimen organizado. Pero ni con todo este despliegue de fuerza el Estado Franc\u00e9s fue capaz de detener la rebeli\u00f3n de la juventud obrera.<\/p>\n\n\n\n<p class=\"has-black-color has-text-color\">Este levantamiento que ha sido el mas grande desde 2005 en Francia, se traslad\u00f3 a las colonias francesas del Caribe, donde se report\u00f3 que los choques da\u00f1aron edificios y coches. En Cayena, Guyana, los manifestantes dispararon a la polic\u00eda y se llevaron a cabo manifestaciones en Guadalupe y Martinica, en Reuni\u00f3n los disturbios continuaron durante d\u00edas<\/p>\n\n\n\n<p class=\"has-black-color has-text-color\">Al menos dos personas han sido asesinadas durante el levantamiento. Un oficial de 54 a\u00f1os del gobierno fue asesinado por una bala perdida en Cayena, Guayana francesa, y un joven de 27 a\u00f1os fue <a href=\"https:\/\/www.reuters.com\/world\/europe\/man-dies-marseille-after-being-shot-time-riots-prosecutor-2023-07-04\/\">disparado<\/a> por la polic\u00eda antidisturbios en Marsella, con una bala de goma.<\/p>\n\n\n\n<p class=\"has-black-color has-text-color\">&nbsp;El Ministro de Justicia de Francia, Eric Dupond-Moretti, <a href=\"https:\/\/www.msn.com\/en-in\/news\/world\/more-than-700-people-sentenced-to-prison-over-france-riots-justice-minister-lauds-firm-response\/ar-AA1e3ogm\">anunci\u00f3<\/a> que m\u00e1s de 700 personas han sido sentenciadas a prisi\u00f3n, en conexi\u00f3n con el levantamiento de las masas de finales de junio. Dupond-Moretti apunt\u00f3 que esto fue esencial para tener una respuesta que fuese firme y sistem\u00e1tica para restablecer el orden nacional.<\/p>\n\n\n\n<p class=\"has-black-color has-text-color\">La gran rebeli\u00f3n de las masas en Francia tambi\u00e9n desato una campa\u00f1a internacional mostrando el internacionalismo proletario con aquellos que se atreven a luchar. Esta campa\u00f1a han participado varias organizaciones revolucionarias de varios pa\u00edses que han realizado diversas acciones de apoyo. En los muros de Francia, Finlandia, Alemania, Noruega, Dinamarca, Ecuador, Espa\u00f1a, Austria y M\u00e9xico fueron escritas las mismas consignas de la campa\u00f1a en una clara muestra de internacionalismo proletario. la consigna que ha guiado dichas acciones es \u201c\u00a1Apoye a los revolucionarios y rebeldes encarcelados en Francia! \u00a1Es justo rebelarse!\u201d.<\/p>\n\n\n\n<p class=\"has-black-color has-text-color\">Revolucionarios en Colombia tambi\u00e9n se unieron a esta campa\u00f1a, primero leyeron y discutieron sobre algunos art\u00edculos y datos sobre el levantamiento en Francia y sobre el asesinato a j\u00f3venes populares y l\u00edderes sociales a manos del viejo Estado Colombiano y luego pegaron carteles por toda la Universidad de Antioquia en Medell\u00edn, los carteles ten\u00edan la consigna de \u201c\u00a1Apoye a los revolucionarios y rebeldes encarcelados en Francia! \u00a1Es justo rebelarse!\u201d y denuncias de los j\u00f3venes populares asesinados por la polic\u00eda.<\/p>\n\n\n\n<figure class=\"wp-block-image size-large\"><img loading=\"lazy\" decoding=\"async\" width=\"1024\" height=\"683\" src=\"https:\/\/nuevademocracia.com.co\/wp-content\/uploads\/2023\/08\/DSC_0002.limpio-1024x683.jpg\" alt=\"\" class=\"wp-image-25549\" srcset=\"https:\/\/nuevademocracia.com.co\/wp-content\/uploads\/2023\/08\/DSC_0002.limpio-1024x683.jpg 1024w, https:\/\/nuevademocracia.com.co\/wp-content\/uploads\/2023\/08\/DSC_0002.limpio-300x200.jpg 300w, https:\/\/nuevademocracia.com.co\/wp-content\/uploads\/2023\/08\/DSC_0002.limpio-768x512.jpg 768w, https:\/\/nuevademocracia.com.co\/wp-content\/uploads\/2023\/08\/DSC_0002.limpio-1536x1024.jpg 1536w, https:\/\/nuevademocracia.com.co\/wp-content\/uploads\/2023\/08\/DSC_0002.limpio-2048x1365.jpg 2048w\" sizes=\"auto, (max-width: 1024px) 100vw, 1024px\" \/><\/figure>\n\n\n\n<figure class=\"wp-block-image size-large\"><img loading=\"lazy\" decoding=\"async\" width=\"1024\" height=\"683\" src=\"https:\/\/nuevademocracia.com.co\/wp-content\/uploads\/2023\/08\/DSC_0003.limpio-1024x683.jpg\" alt=\"\" class=\"wp-image-25550\" srcset=\"https:\/\/nuevademocracia.com.co\/wp-content\/uploads\/2023\/08\/DSC_0003.limpio-1024x683.jpg 1024w, https:\/\/nuevademocracia.com.co\/wp-content\/uploads\/2023\/08\/DSC_0003.limpio-300x200.jpg 300w, https:\/\/nuevademocracia.com.co\/wp-content\/uploads\/2023\/08\/DSC_0003.limpio-768x512.jpg 768w, https:\/\/nuevademocracia.com.co\/wp-content\/uploads\/2023\/08\/DSC_0003.limpio-1536x1024.jpg 1536w, https:\/\/nuevademocracia.com.co\/wp-content\/uploads\/2023\/08\/DSC_0003.limpio-2048x1365.jpg 2048w\" sizes=\"auto, (max-width: 1024px) 100vw, 1024px\" \/><\/figure>\n\n\n\n<figure class=\"wp-block-image size-large\"><img loading=\"lazy\" decoding=\"async\" width=\"1024\" height=\"683\" src=\"https:\/\/nuevademocracia.com.co\/wp-content\/uploads\/2023\/08\/DSC_0004.limpio-1024x683.jpg\" alt=\"\" class=\"wp-image-25551\" srcset=\"https:\/\/nuevademocracia.com.co\/wp-content\/uploads\/2023\/08\/DSC_0004.limpio-1024x683.jpg 1024w, https:\/\/nuevademocracia.com.co\/wp-content\/uploads\/2023\/08\/DSC_0004.limpio-300x200.jpg 300w, https:\/\/nuevademocracia.com.co\/wp-content\/uploads\/2023\/08\/DSC_0004.limpio-768x512.jpg 768w, https:\/\/nuevademocracia.com.co\/wp-content\/uploads\/2023\/08\/DSC_0004.limpio-1536x1024.jpg 1536w, https:\/\/nuevademocracia.com.co\/wp-content\/uploads\/2023\/08\/DSC_0004.limpio-2048x1365.jpg 2048w\" sizes=\"auto, (max-width: 1024px) 100vw, 1024px\" \/><\/figure>\n\n\n\n<figure class=\"wp-block-image size-large\"><img loading=\"lazy\" decoding=\"async\" width=\"1024\" height=\"683\" src=\"https:\/\/nuevademocracia.com.co\/wp-content\/uploads\/2023\/08\/DSC_0006.limpio-1024x683.jpg\" alt=\"\" class=\"wp-image-25552\" srcset=\"https:\/\/nuevademocracia.com.co\/wp-content\/uploads\/2023\/08\/DSC_0006.limpio-1024x683.jpg 1024w, https:\/\/nuevademocracia.com.co\/wp-content\/uploads\/2023\/08\/DSC_0006.limpio-300x200.jpg 300w, https:\/\/nuevademocracia.com.co\/wp-content\/uploads\/2023\/08\/DSC_0006.limpio-768x512.jpg 768w, https:\/\/nuevademocracia.com.co\/wp-content\/uploads\/2023\/08\/DSC_0006.limpio-1536x1024.jpg 1536w, https:\/\/nuevademocracia.com.co\/wp-content\/uploads\/2023\/08\/DSC_0006.limpio-2048x1365.jpg 2048w\" sizes=\"auto, (max-width: 1024px) 100vw, 1024px\" \/><\/figure>\n\n\n\n<figure class=\"wp-block-image size-large\"><img loading=\"lazy\" decoding=\"async\" width=\"1024\" height=\"683\" src=\"https:\/\/nuevademocracia.com.co\/wp-content\/uploads\/2023\/08\/DSC_0008.limpio-1024x683.jpg\" alt=\"\" class=\"wp-image-25553\" srcset=\"https:\/\/nuevademocracia.com.co\/wp-content\/uploads\/2023\/08\/DSC_0008.limpio-1024x683.jpg 1024w, https:\/\/nuevademocracia.com.co\/wp-content\/uploads\/2023\/08\/DSC_0008.limpio-300x200.jpg 300w, https:\/\/nuevademocracia.com.co\/wp-content\/uploads\/2023\/08\/DSC_0008.limpio-768x512.jpg 768w, https:\/\/nuevademocracia.com.co\/wp-content\/uploads\/2023\/08\/DSC_0008.limpio-1536x1024.jpg 1536w, https:\/\/nuevademocracia.com.co\/wp-content\/uploads\/2023\/08\/DSC_0008.limpio-2048x1365.jpg 2048w\" sizes=\"auto, (max-width: 1024px) 100vw, 1024px\" \/><\/figure>\n\n\n\n<figure class=\"wp-block-image size-large\"><img loading=\"lazy\" decoding=\"async\" width=\"1024\" height=\"683\" src=\"https:\/\/nuevademocracia.com.co\/wp-content\/uploads\/2023\/08\/DSC_0009.limpio-1024x683.jpg\" alt=\"\" class=\"wp-image-25554\" srcset=\"https:\/\/nuevademocracia.com.co\/wp-content\/uploads\/2023\/08\/DSC_0009.limpio-1024x683.jpg 1024w, https:\/\/nuevademocracia.com.co\/wp-content\/uploads\/2023\/08\/DSC_0009.limpio-300x200.jpg 300w, https:\/\/nuevademocracia.com.co\/wp-content\/uploads\/2023\/08\/DSC_0009.limpio-768x512.jpg 768w, https:\/\/nuevademocracia.com.co\/wp-content\/uploads\/2023\/08\/DSC_0009.limpio-1536x1024.jpg 1536w, https:\/\/nuevademocracia.com.co\/wp-content\/uploads\/2023\/08\/DSC_0009.limpio-2048x1365.jpg 2048w\" sizes=\"auto, (max-width: 1024px) 100vw, 1024px\" \/><\/figure>\n\n\n\n<figure class=\"wp-block-image size-large\"><img loading=\"lazy\" decoding=\"async\" width=\"1024\" height=\"683\" src=\"https:\/\/nuevademocracia.com.co\/wp-content\/uploads\/2023\/08\/DSC_0010.limpio-1024x683.jpg\" alt=\"\" class=\"wp-image-25555\" srcset=\"https:\/\/nuevademocracia.com.co\/wp-content\/uploads\/2023\/08\/DSC_0010.limpio-1024x683.jpg 1024w, https:\/\/nuevademocracia.com.co\/wp-content\/uploads\/2023\/08\/DSC_0010.limpio-300x200.jpg 300w, https:\/\/nuevademocracia.com.co\/wp-content\/uploads\/2023\/08\/DSC_0010.limpio-768x512.jpg 768w, https:\/\/nuevademocracia.com.co\/wp-content\/uploads\/2023\/08\/DSC_0010.limpio-1536x1024.jpg 1536w, https:\/\/nuevademocracia.com.co\/wp-content\/uploads\/2023\/08\/DSC_0010.limpio-2048x1365.jpg 2048w\" sizes=\"auto, (max-width: 1024px) 100vw, 1024px\" \/><\/figure>\n\n\n\n<figure class=\"wp-block-image size-large\"><img loading=\"lazy\" decoding=\"async\" width=\"1024\" height=\"683\" src=\"https:\/\/nuevademocracia.com.co\/wp-content\/uploads\/2023\/08\/DSC_0012.limpio-1024x683.jpg\" alt=\"\" class=\"wp-image-25556\" srcset=\"https:\/\/nuevademocracia.com.co\/wp-content\/uploads\/2023\/08\/DSC_0012.limpio-1024x683.jpg 1024w, https:\/\/nuevademocracia.com.co\/wp-content\/uploads\/2023\/08\/DSC_0012.limpio-300x200.jpg 300w, https:\/\/nuevademocracia.com.co\/wp-content\/uploads\/2023\/08\/DSC_0012.limpio-768x512.jpg 768w, https:\/\/nuevademocracia.com.co\/wp-content\/uploads\/2023\/08\/DSC_0012.limpio-1536x1024.jpg 1536w, https:\/\/nuevademocracia.com.co\/wp-content\/uploads\/2023\/08\/DSC_0012.limpio-2048x1365.jpg 2048w\" sizes=\"auto, (max-width: 1024px) 100vw, 1024px\" \/><\/figure>\n\n\n\n<figure class=\"wp-block-image size-large\"><img loading=\"lazy\" decoding=\"async\" width=\"1024\" height=\"683\" src=\"https:\/\/nuevademocracia.com.co\/wp-content\/uploads\/2023\/08\/DSC_0014.limpio-1024x683.jpg\" alt=\"\" class=\"wp-image-25557\" srcset=\"https:\/\/nuevademocracia.com.co\/wp-content\/uploads\/2023\/08\/DSC_0014.limpio-1024x683.jpg 1024w, https:\/\/nuevademocracia.com.co\/wp-content\/uploads\/2023\/08\/DSC_0014.limpio-300x200.jpg 300w, https:\/\/nuevademocracia.com.co\/wp-content\/uploads\/2023\/08\/DSC_0014.limpio-768x512.jpg 768w, https:\/\/nuevademocracia.com.co\/wp-content\/uploads\/2023\/08\/DSC_0014.limpio-1536x1024.jpg 1536w, https:\/\/nuevademocracia.com.co\/wp-content\/uploads\/2023\/08\/DSC_0014.limpio-2048x1365.jpg 2048w\" sizes=\"auto, (max-width: 1024px) 100vw, 1024px\" \/><\/figure>\n\n\n\n<figure class=\"wp-block-image size-large\"><img loading=\"lazy\" decoding=\"async\" width=\"1024\" height=\"683\" src=\"https:\/\/nuevademocracia.com.co\/wp-content\/uploads\/2023\/08\/DSC_0037.limpio-1024x683.jpg\" alt=\"\" class=\"wp-image-25558\" srcset=\"https:\/\/nuevademocracia.com.co\/wp-content\/uploads\/2023\/08\/DSC_0037.limpio-1024x683.jpg 1024w, https:\/\/nuevademocracia.com.co\/wp-content\/uploads\/2023\/08\/DSC_0037.limpio-300x200.jpg 300w, https:\/\/nuevademocracia.com.co\/wp-content\/uploads\/2023\/08\/DSC_0037.limpio-768x512.jpg 768w, https:\/\/nuevademocracia.com.co\/wp-content\/uploads\/2023\/08\/DSC_0037.limpio-1536x1024.jpg 1536w, https:\/\/nuevademocracia.com.co\/wp-content\/uploads\/2023\/08\/DSC_0037.limpio-2048x1365.jpg 2048w\" sizes=\"auto, (max-width: 1024px) 100vw, 1024px\" \/><\/figure>\n\n\n\n<figure class=\"wp-block-image size-large\"><img loading=\"lazy\" decoding=\"async\" width=\"1024\" height=\"683\" src=\"https:\/\/nuevademocracia.com.co\/wp-content\/uploads\/2023\/08\/DSC_0041.limpio-1024x683.jpg\" alt=\"\" class=\"wp-image-25559\" srcset=\"https:\/\/nuevademocracia.com.co\/wp-content\/uploads\/2023\/08\/DSC_0041.limpio-1024x683.jpg 1024w, https:\/\/nuevademocracia.com.co\/wp-content\/uploads\/2023\/08\/DSC_0041.limpio-300x200.jpg 300w, https:\/\/nuevademocracia.com.co\/wp-content\/uploads\/2023\/08\/DSC_0041.limpio-768x512.jpg 768w, https:\/\/nuevademocracia.com.co\/wp-content\/uploads\/2023\/08\/DSC_0041.limpio-1536x1024.jpg 1536w, https:\/\/nuevademocracia.com.co\/wp-content\/uploads\/2023\/08\/DSC_0041.limpio-2048x1365.jpg 2048w\" sizes=\"auto, (max-width: 1024px) 100vw, 1024px\" \/><\/figure>\n\n\n\n<p><\/p>\n","protected":false},"excerpt":{"rendered":"<p>El martes 27 de junio, la polic\u00eda deten\u00eda y asesinaba a un joven, Nahel M., en un control de tr\u00e1fico en el suburbio proletario Nanterre. La polic\u00eda francesa que dispar\u00f3 y asesin\u00f3 al joven. Los medios y la propia polic\u00eda han difundido la idea de que actuaron en defensa propia pues supuestamente Nahel intent\u00f3 atropellarlos. [&hellip;]<\/p>\n","protected":false},"author":1,"featured_media":25555,"comment_status":"open","ping_status":"open","sticky":false,"template":"","format":"standard","meta":{"footnotes":""},"categories":[16,4,31],"tags":[44,28,18,41],"class_list":["post-25548","post","type-post","status-publish","format-standard","has-post-thumbnail","hentry","category-carrusel","category-colombia","category-internacional","tag-criminalizacion-a-la-protesta","tag-juventud","tag-protestas","tag-represion-estatal"],"blocksy_meta":[],"_links":{"self":[{"href":"https:\/\/nuevademocracia.com.co\/index.php?rest_route=\/wp\/v2\/posts\/25548","targetHints":{"allow":["GET"]}}],"collection":[{"href":"https:\/\/nuevademocracia.com.co\/index.php?rest_route=\/wp\/v2\/posts"}],"about":[{"href":"https:\/\/nuevademocracia.com.co\/index.php?rest_route=\/wp\/v2\/types\/post"}],"author":[{"embeddable":true,"href":"https:\/\/nuevademocracia.com.co\/index.php?rest_route=\/wp\/v2\/users\/1"}],"replies":[{"embeddable":true,"href":"https:\/\/nuevademocracia.com.co\/index.php?rest_route=%2Fwp%2Fv2%2Fcomments&post=25548"}],"version-history":[{"count":3,"href":"https:\/\/nuevademocracia.com.co\/index.php?rest_route=\/wp\/v2\/posts\/25548\/revisions"}],"predecessor-version":[{"id":25563,"href":"https:\/\/nuevademocracia.com.co\/index.php?rest_route=\/wp\/v2\/posts\/25548\/revisions\/25563"}],"wp:featuredmedia":[{"embeddable":true,"href":"https:\/\/nuevademocracia.com.co\/index.php?rest_route=\/wp\/v2\/media\/25555"}],"wp:attachment":[{"href":"https:\/\/nuevademocracia.com.co\/index.php?rest_route=%2Fwp%2Fv2%2Fmedia&parent=25548"}],"wp:term":[{"taxonomy":"category","embeddable":true,"href":"https:\/\/nuevademocracia.com.co\/index.php?rest_route=%2Fwp%2Fv2%2Fcategories&post=25548"},{"taxonomy":"post_tag","embeddable":true,"href":"https:\/\/nuevademocracia.com.co\/index.php?rest_route=%2Fwp%2Fv2%2Ftags&post=25548"}],"curies":[{"name":"wp","href":"https:\/\/api.w.org\/{rel}","templated":true}]}}