{"id":25572,"date":"2023-08-08T14:35:19","date_gmt":"2023-08-08T19:35:19","guid":{"rendered":"https:\/\/nuevademocracia.com.co\/?p=25572"},"modified":"2024-07-10T13:31:36","modified_gmt":"2024-07-10T18:31:36","slug":"parques-eolicos-desplazan-comunidades-indigenas","status":"publish","type":"post","link":"https:\/\/nuevademocracia.com.co\/?p=25572","title":{"rendered":"Parques e\u00f3licos desplazan comunidades ind\u00edgenas en La Guajira"},"content":{"rendered":"\n<figure class=\"wp-block-image aligncenter size-large\"><img loading=\"lazy\" decoding=\"async\" width=\"1024\" height=\"768\" src=\"https:\/\/nuevademocracia.com.co\/wp-content\/uploads\/2023\/08\/image-10-1024x768.png\" alt=\"\" class=\"wp-image-25574\" srcset=\"https:\/\/nuevademocracia.com.co\/wp-content\/uploads\/2023\/08\/image-10-1024x768.png 1024w, https:\/\/nuevademocracia.com.co\/wp-content\/uploads\/2023\/08\/image-10-300x225.png 300w, https:\/\/nuevademocracia.com.co\/wp-content\/uploads\/2023\/08\/image-10-768x576.png 768w, https:\/\/nuevademocracia.com.co\/wp-content\/uploads\/2023\/08\/image-10-1536x1152.png 1536w, https:\/\/nuevademocracia.com.co\/wp-content\/uploads\/2023\/08\/image-10.png 1600w\" sizes=\"auto, (max-width: 1024px) 100vw, 1024px\" \/><figcaption class=\"wp-element-caption\"><mark style=\"background-color:rgba(0, 0, 0, 0)\" class=\"has-inline-color has-black-color\">Foto: Alerta Caribe <\/mark><\/figcaption><\/figure>\n\n\n\n<p class=\"has-black-color has-text-color\">La Guajira es un departamento en Colombia que seg\u00fan el DANE (Departamento Administrativo Nacional de Estad\u00edstica)&nbsp;<em>\u201ces uno de los departamentos m\u00e1s importantes para el pa\u00eds, puesto que durante el 2021 fue tanto el motor del crecimiento econ\u00f3mico, como la radiograf\u00eda de la recuperaci\u00f3n de la productividad en Colombia<\/em><em>\u201d<\/em> a pesar de esto \u00e9sta regi\u00f3n es donde mayor pobreza y corrupci\u00f3n hay en el pa\u00eds, all\u00ed no hay agua potable, no hay energ\u00eda el\u00e9ctrica y en lo que va del 2023 m\u00e1s de 18 ni\u00f1os han muerto por desnutrici\u00f3n.<\/p>\n\n\n\n<p class=\"has-black-color has-text-color\">A inicios del a\u00f1o 2022, grandes empresas como Isag\u00e9n y Enel, entre otras empresas extranjeras han venido construyendo parques e\u00f3licos en la Guajira. All\u00ed se encuentra varias comunidades ind\u00edgenas Wayuu, que en conjunto suman alrededor de 380.000 ind\u00edgenas. Estas comunidades se organizan en forma de lo que denominan clanes.<\/p>\n\n\n\n<p class=\"has-black-color has-text-color\">Las empresas mencionadas pretenden construir molinos de viento y carreteras de acceso en los territorios de las comunidades, ofreciendo por ello financiar algunos proyectos como compra de chivos, arreglo de cementerios o mejoramiento en el acceso al agua. Es el flaco precio que pretender pagar para usurpar las tierras en que hist\u00f3ricamente los Wayuu han habitado y por las cuales han tenido que luchar tambi\u00e9n hist\u00f3ricamente, contra otras empresas extractivistas imperialistas, en este caso, extractoras de carb\u00f3n.<\/p>\n\n\n\n<p class=\"has-black-color has-text-color\">Los ofrecimientos de esta nueva oleada de extracci\u00f3n imperialista en la guajira se hacen insuficientes a los ojos de las comunidades y es ra\u00edz de un nuevo conflicto en que utilizando la vieja t\u00e1ctica de ofrecer mayores prebendas a unos que a otros para dividir internamente a la poblaci\u00f3n, los clanes mismos se han atacado entre s\u00ed. Las empresas tambi\u00e9n han hecho su parte atacando y asesinando a opositores de sus proyectos.<\/p>\n\n\n\n<p class=\"has-black-color has-text-color\">Ante esta situaci\u00f3n los ind\u00edgenas se han enfrentado nuevamente al problema del desplazamiento, fruto de lo que se prev\u00e9 como un nuevo despojo de sus tierras a favor de los intereses del imperialismo. En total 600 comunidades han sido afectadas.<\/p>\n\n\n\n<p class=\"has-black-color has-text-color\">En concreto, las comunidades ind\u00edgenas han exigido que se les d\u00e9 por adelantado el dinero que ellos ofrecen y que le den empleo a los Wayuu, pero las multinacionales no han aceptado estas exigencias, raz\u00f3n por la cual se han realizado m\u00e1s 40 de bloqueos en carreteras e instalaciones. Estos bloqueos han generado que la empresa Enel suspendiera las obras de manera indefinida.<\/p>\n\n\n\n<p class=\"has-black-color has-text-color\">El gobierno de Petro ha anunciado que busca hacer de la Guajira \u201cla capital mundial de la energ\u00eda verde\u201d a costa de la sangre de las comunidades ind\u00edgenas y profundizando la miseria del pueblo en este departamento. Petro le dice al pueblo que la transici\u00f3n energ\u00e9tica va a salvar a la humanidad mientras le clava el cuchillo por la espalda al pueblo, quit\u00e1ndole la tierra y concentr\u00e1ndola en manos de empresas energ\u00e9ticas de tipo \u201cnuevas\u201d y \u201crenovables\u201d que para el pueblo en realidad representa m\u00e1s de lo mismo, mantener y profundizar el atraso (estos parques e\u00f3licos ni siquiera pretenden dar energ\u00eda a la el\u00e9ctrica a las comunidades ind\u00edgenas). La \u00fanica herramienta de las comunidades ind\u00edgenas en la Guajira es unirse, organizarse y luchar contra las empresas energ\u00e9ticas impulsadas por el viejo Estado a la cabeza de Gustavo Petro y tomar las tierras que les pertenecen y necesitan para avanzar en mejorar sus condiciones de vida.<\/p>\n\n\n\n<figure class=\"wp-block-image aligncenter size-large\"><img loading=\"lazy\" decoding=\"async\" width=\"684\" height=\"1024\" src=\"https:\/\/nuevademocracia.com.co\/wp-content\/uploads\/2023\/08\/image-9-684x1024.png\" alt=\"\" class=\"wp-image-25573\" srcset=\"https:\/\/nuevademocracia.com.co\/wp-content\/uploads\/2023\/08\/image-9-684x1024.png 684w, https:\/\/nuevademocracia.com.co\/wp-content\/uploads\/2023\/08\/image-9-200x300.png 200w, https:\/\/nuevademocracia.com.co\/wp-content\/uploads\/2023\/08\/image-9-768x1150.png 768w, https:\/\/nuevademocracia.com.co\/wp-content\/uploads\/2023\/08\/image-9-1026x1536.png 1026w, https:\/\/nuevademocracia.com.co\/wp-content\/uploads\/2023\/08\/image-9.png 1280w\" sizes=\"auto, (max-width: 684px) 100vw, 684px\" \/><figcaption class=\"wp-element-caption\"><mark style=\"background-color:rgba(0, 0, 0, 0)\" class=\"has-inline-color has-black-color\">Fotos: Andr\u00e9s Cardona <\/mark><\/figcaption><\/figure>\n","protected":false},"excerpt":{"rendered":"<p>La Guajira es un departamento en Colombia que seg\u00fan el DANE (Departamento Administrativo Nacional de Estad\u00edstica)&nbsp;\u201ces uno de los departamentos m\u00e1s importantes para el pa\u00eds, puesto que durante el 2021 fue tanto el motor del crecimiento econ\u00f3mico, como la radiograf\u00eda de la recuperaci\u00f3n de la productividad en Colombia\u201d a pesar de esto \u00e9sta regi\u00f3n es [&hellip;]<\/p>\n","protected":false},"author":1,"featured_media":25574,"comment_status":"open","ping_status":"open","sticky":false,"template":"","format":"standard","meta":{"footnotes":""},"categories":[16,4,144],"tags":[21,70,42],"class_list":["post-25572","post","type-post","status-publish","format-standard","has-post-thumbnail","hentry","category-carrusel","category-colombia","category-lucha-por-la-tierra","tag-campesinos","tag-indigenas","tag-lucha-por-la-tierra"],"blocksy_meta":[],"_links":{"self":[{"href":"https:\/\/nuevademocracia.com.co\/index.php?rest_route=\/wp\/v2\/posts\/25572","targetHints":{"allow":["GET"]}}],"collection":[{"href":"https:\/\/nuevademocracia.com.co\/index.php?rest_route=\/wp\/v2\/posts"}],"about":[{"href":"https:\/\/nuevademocracia.com.co\/index.php?rest_route=\/wp\/v2\/types\/post"}],"author":[{"embeddable":true,"href":"https:\/\/nuevademocracia.com.co\/index.php?rest_route=\/wp\/v2\/users\/1"}],"replies":[{"embeddable":true,"href":"https:\/\/nuevademocracia.com.co\/index.php?rest_route=%2Fwp%2Fv2%2Fcomments&post=25572"}],"version-history":[{"count":2,"href":"https:\/\/nuevademocracia.com.co\/index.php?rest_route=\/wp\/v2\/posts\/25572\/revisions"}],"predecessor-version":[{"id":25576,"href":"https:\/\/nuevademocracia.com.co\/index.php?rest_route=\/wp\/v2\/posts\/25572\/revisions\/25576"}],"wp:featuredmedia":[{"embeddable":true,"href":"https:\/\/nuevademocracia.com.co\/index.php?rest_route=\/wp\/v2\/media\/25574"}],"wp:attachment":[{"href":"https:\/\/nuevademocracia.com.co\/index.php?rest_route=%2Fwp%2Fv2%2Fmedia&parent=25572"}],"wp:term":[{"taxonomy":"category","embeddable":true,"href":"https:\/\/nuevademocracia.com.co\/index.php?rest_route=%2Fwp%2Fv2%2Fcategories&post=25572"},{"taxonomy":"post_tag","embeddable":true,"href":"https:\/\/nuevademocracia.com.co\/index.php?rest_route=%2Fwp%2Fv2%2Ftags&post=25572"}],"curies":[{"name":"wp","href":"https:\/\/api.w.org\/{rel}","templated":true}]}}