{"id":25578,"date":"2023-08-22T14:16:20","date_gmt":"2023-08-22T19:16:20","guid":{"rendered":"https:\/\/nuevademocracia.com.co\/?p=25578"},"modified":"2024-07-10T13:31:17","modified_gmt":"2024-07-10T18:31:17","slug":"la-lucha-por-la-tierra-en-los-montes-de-maria","status":"publish","type":"post","link":"https:\/\/nuevademocracia.com.co\/?p=25578","title":{"rendered":"La lucha por la tierra en los Montes de Mar\u00eda"},"content":{"rendered":"\n<figure class=\"wp-block-image aligncenter size-large\"><img loading=\"lazy\" decoding=\"async\" width=\"1024\" height=\"683\" src=\"https:\/\/nuevademocracia.com.co\/wp-content\/uploads\/2023\/08\/home-cucal-1024x683.jpg\" alt=\"\" class=\"wp-image-25579\" srcset=\"https:\/\/nuevademocracia.com.co\/wp-content\/uploads\/2023\/08\/home-cucal-1024x683.jpg 1024w, https:\/\/nuevademocracia.com.co\/wp-content\/uploads\/2023\/08\/home-cucal-300x200.jpg 300w, https:\/\/nuevademocracia.com.co\/wp-content\/uploads\/2023\/08\/home-cucal-768x512.jpg 768w, https:\/\/nuevademocracia.com.co\/wp-content\/uploads\/2023\/08\/home-cucal.jpg 1200w\" sizes=\"auto, (max-width: 1024px) 100vw, 1024px\" \/><figcaption class=\"wp-element-caption\"><mark style=\"background-color:rgba(0, 0, 0, 0)\" class=\"has-inline-color has-black-color\">Foto: Rutas del conflicto<\/mark><\/figcaption><\/figure>\n\n\n\n<p class=\"has-black-color has-text-color\">La inmensa desigualdad en la distribuci\u00f3n de la tierra y el despojo violento de millones de campesinos, hacen parte de los principales problemas por resolver en Colombia. La consigna de \u201crecuperar la tierra para el que la trabaja\u201d es la reivindicaci\u00f3n m\u00e1s profunda y sentida de los campesinos sin tierra o con poca tierra. Ejemplo palpable, Mar\u00eda La Baja, municipio ubicado en la regi\u00f3n de Montes de Mar\u00eda al norte del departamento de Bol\u00edvar, donde 29 campesinos luchan por regresar a sus tierras que actualmente se encuentran sembradas de palma aceitera del grupo empresarial Oleoflores S.A. propiedad del terrateniente <a href=\"https:\/\/www.lasillavacia.com\/quien-es-quien\/carlos-alberto-murgas-guerrero\">Carlos Murgas<\/a>, conocido como \u201cel zar de la palma\u201d en Colombia, miembro honorario de la Federaci\u00f3n Nacional de Cultivadores de Palma de Aceite (Fedepalma), exministro de agricultura durante el gobierno de Pastrana y, actualmente, el gobierno de Petro lo nombr\u00f3 representante del sector empresarial en los di\u00e1logos de paz con las disidencias de las FARC de Iv\u00e1n Mordisco.<\/p>\n\n\n\n<p class=\"has-black-color has-text-color\">La pelea es por una finca de m\u00e1s de 900 hect\u00e1reas llamada El Cucal, la cual fue tomada y conquistada por medio de la lucha campesina en el a\u00f1o 1993. En aquel a\u00f1o, el due\u00f1o era un terrateniente llamado Rafael Vergara, pero los campesinos lograron conquistar esa tierra y que el Instituto Colombiano de Desarrollo Rural (Incoder) se las titulara. All\u00ed habitaron los campesinos hasta 1997, cuando se dio una arremetida paramilitar. Bajo el pretexto anti insurgente y con el vil prop\u00f3sito de aplastar la organizaci\u00f3n campesina y reconcentrar la tierra en pocas manos, promovido por las clases dominantes y el genocida Estado colombiano, los paramilitares desplazaron a la fuerza a todas las familias que habitaban El Cucal, y asesinaron a M\u00e1ximo Ariza, l\u00edder que encabezaba la lucha y a quien a\u00fan los sobrevivientes del destierro recuerdan.<\/p>\n\n\n\n<p class=\"has-black-color has-text-color\">Otro ejemplo, de la lucha por la tierra, son las 42 familias campesinas que reclaman un predio de 50 hect\u00e1reas que hace parte de la finca La Candelaria, actualmente sembrada con palma y tambi\u00e9n propiedad de Carlos Murgas desde 2004. La lucha por esta tierra se remonta a los a\u00f1os 60, cuando el entonces presidente Lleras Restrepo implement\u00f3 la ley de Reforma Agraria y cre\u00f3 el Instituto Colombiano para la Reforma Agraria (Incora). Gran cantidad de estos terrenos fueron adjudicados a campesinos a trav\u00e9s de cr\u00e9ditos, sin embargo, muchos campesinos no pudieron pagar las deudas y a\u00f1os despu\u00e9s perder\u00edan la tierra que les hab\u00eda sido adjudicada. Adem\u00e1s, el Estado puso en marcha el proyecto de Distrito de Riego de Mar\u00eda la Baja, con el que represaron varios arroyos de agua para crear embalses y garantizar la irrigaci\u00f3n para la ganader\u00eda y la agricultura, proyecto que gener\u00f3 gran inter\u00e9s de los ricos en aquellas tierras. As\u00ed entonces, la imposibilidad de pagar los cr\u00e9ditos por parte de los campesinos y la presi\u00f3n sobre las tierras que gener\u00f3 la llegada del Distrito de Riego, gener\u00f3 el despojo de la tierra. La reforma agraria de los a\u00f1os 60 fue un enga\u00f1o para el campesinado y lejos de avanzar en resolver la inmensa desigualdad en el campo, gener\u00f3 mejores condiciones para los terratenientes y el despojo para los campesinos.<\/p>\n\n\n\n<p class=\"has-black-color has-text-color\">Estos son dos ejemplos de la hist\u00f3rica lucha por la tierra en la regi\u00f3n de los Montes de Mar\u00eda, al norte del pa\u00eds, donde los grandes terratenientes han empleado toda su fuerza para despojar a miles de campesinos. Solo en los Montes de Mar\u00eda entre 1985 y 2017, ocurrieron 3.197 asesinatos selectivos contra civiles, 117 masacres y se registran 1.385 personas desaparecidas, numerosos desplazamientos forzados y cientos de casos de despojo de tierras que actualmente el Estado promete resolver en los inservibles tribunales de restituci\u00f3n de tierras.<\/p>\n\n\n\n<figure class=\"wp-block-image aligncenter size-full\"><img loading=\"lazy\" decoding=\"async\" width=\"954\" height=\"532\" src=\"https:\/\/nuevademocracia.com.co\/wp-content\/uploads\/2023\/08\/125498842_2475720512728415_4267916653325157700_n.png\" alt=\"\" class=\"wp-image-25580\" srcset=\"https:\/\/nuevademocracia.com.co\/wp-content\/uploads\/2023\/08\/125498842_2475720512728415_4267916653325157700_n.png 954w, https:\/\/nuevademocracia.com.co\/wp-content\/uploads\/2023\/08\/125498842_2475720512728415_4267916653325157700_n-300x167.png 300w, https:\/\/nuevademocracia.com.co\/wp-content\/uploads\/2023\/08\/125498842_2475720512728415_4267916653325157700_n-768x428.png 768w\" sizes=\"auto, (max-width: 954px) 100vw, 954px\" \/><figcaption class=\"wp-element-caption\"><mark style=\"background-color:rgba(0, 0, 0, 0)\" class=\"has-inline-color has-black-color\">Foto: Rutas del conflicto<\/mark><\/figcaption><\/figure>\n\n\n\n<p class=\"has-black-color has-text-color\">Se siente el anhelo de miles de campesinos por regresar a sus tierras para trabajar y vivir en ellas. Anhelo que se expresa en las tomas de tierras que vienen en aumento en los \u00faltimos a\u00f1os, y en los miles de solicitudes ante la Agencia Nacional de Tierras (ANT) para la compra y adjudicaci\u00f3n de tierras. Los Montes de Mar\u00eda son una regi\u00f3n donde los campesinos han derramado su sangre buscando el sagrado derecho a la tierra. Aunque existe la promesa de una nueva reforma agraria, dado que dichas reformas no han resuelto el problema agrario, el campesinado sigue apost\u00e1ndole a las tomas de tierras como el \u00fanico camino a trav\u00e9s del cual realmente ha experimentado algunos triunfos y conquistas reales y a pesar de la dura represi\u00f3n que ha vivido, hoy en d\u00eda la lucha por la tierra contin\u00faa avanzando en muchas regiones del pa\u00eds.<\/p>\n","protected":false},"excerpt":{"rendered":"<p>La inmensa desigualdad en la distribuci\u00f3n de la tierra y el despojo violento de millones de campesinos, hacen parte de los principales problemas por resolver en Colombia. La consigna de \u201crecuperar la tierra para el que la trabaja\u201d es la reivindicaci\u00f3n m\u00e1s profunda y sentida de los campesinos sin tierra o con poca tierra. Ejemplo [&hellip;]<\/p>\n","protected":false},"author":1,"featured_media":25579,"comment_status":"open","ping_status":"open","sticky":false,"template":"","format":"standard","meta":{"footnotes":""},"categories":[16,4,144],"tags":[21,42],"class_list":["post-25578","post","type-post","status-publish","format-standard","has-post-thumbnail","hentry","category-carrusel","category-colombia","category-lucha-por-la-tierra","tag-campesinos","tag-lucha-por-la-tierra"],"blocksy_meta":[],"_links":{"self":[{"href":"https:\/\/nuevademocracia.com.co\/index.php?rest_route=\/wp\/v2\/posts\/25578","targetHints":{"allow":["GET"]}}],"collection":[{"href":"https:\/\/nuevademocracia.com.co\/index.php?rest_route=\/wp\/v2\/posts"}],"about":[{"href":"https:\/\/nuevademocracia.com.co\/index.php?rest_route=\/wp\/v2\/types\/post"}],"author":[{"embeddable":true,"href":"https:\/\/nuevademocracia.com.co\/index.php?rest_route=\/wp\/v2\/users\/1"}],"replies":[{"embeddable":true,"href":"https:\/\/nuevademocracia.com.co\/index.php?rest_route=%2Fwp%2Fv2%2Fcomments&post=25578"}],"version-history":[{"count":1,"href":"https:\/\/nuevademocracia.com.co\/index.php?rest_route=\/wp\/v2\/posts\/25578\/revisions"}],"predecessor-version":[{"id":25581,"href":"https:\/\/nuevademocracia.com.co\/index.php?rest_route=\/wp\/v2\/posts\/25578\/revisions\/25581"}],"wp:featuredmedia":[{"embeddable":true,"href":"https:\/\/nuevademocracia.com.co\/index.php?rest_route=\/wp\/v2\/media\/25579"}],"wp:attachment":[{"href":"https:\/\/nuevademocracia.com.co\/index.php?rest_route=%2Fwp%2Fv2%2Fmedia&parent=25578"}],"wp:term":[{"taxonomy":"category","embeddable":true,"href":"https:\/\/nuevademocracia.com.co\/index.php?rest_route=%2Fwp%2Fv2%2Fcategories&post=25578"},{"taxonomy":"post_tag","embeddable":true,"href":"https:\/\/nuevademocracia.com.co\/index.php?rest_route=%2Fwp%2Fv2%2Ftags&post=25578"}],"curies":[{"name":"wp","href":"https:\/\/api.w.org\/{rel}","templated":true}]}}