{"id":25603,"date":"2023-09-05T15:20:54","date_gmt":"2023-09-05T20:20:54","guid":{"rendered":"https:\/\/nuevademocracia.com.co\/?p=25603"},"modified":"2023-09-05T15:20:55","modified_gmt":"2023-09-05T20:20:55","slug":"crece-la-corriente-independiente-y-popular-en-el-movimiento-estudiantil","status":"publish","type":"post","link":"https:\/\/nuevademocracia.com.co\/?p=25603","title":{"rendered":"Crece la corriente independiente y popular en el movimiento estudiantil"},"content":{"rendered":"\n<figure class=\"wp-block-image aligncenter size-large\"><img loading=\"lazy\" decoding=\"async\" width=\"1024\" height=\"683\" src=\"https:\/\/nuevademocracia.com.co\/wp-content\/uploads\/2023\/09\/Estudiantil-01-1024x683.jpg\" alt=\"\" class=\"wp-image-25604\" srcset=\"https:\/\/nuevademocracia.com.co\/wp-content\/uploads\/2023\/09\/Estudiantil-01-1024x683.jpg 1024w, https:\/\/nuevademocracia.com.co\/wp-content\/uploads\/2023\/09\/Estudiantil-01-300x200.jpg 300w, https:\/\/nuevademocracia.com.co\/wp-content\/uploads\/2023\/09\/Estudiantil-01-768x512.jpg 768w, https:\/\/nuevademocracia.com.co\/wp-content\/uploads\/2023\/09\/Estudiantil-01-1536x1024.jpg 1536w, https:\/\/nuevademocracia.com.co\/wp-content\/uploads\/2023\/09\/Estudiantil-01-2048x1365.jpg 2048w\" sizes=\"auto, (max-width: 1024px) 100vw, 1024px\" \/><figcaption class=\"wp-element-caption\"><mark style=\"background-color:rgba(0, 0, 0, 0)\" class=\"has-inline-color has-black-color\">Movilizaci\u00f3n estudiantil durante el Paro Nacional Universitario de 2018. Fuente: El Comunero<\/mark><\/figcaption><\/figure>\n\n\n\n<p class=\"has-black-color has-text-color\"><em>En medio de las discusiones sobre la propuesta presentada por parte del gobierno de reforma a la ley 30 de 1992 que rige la educaci\u00f3n superior, estudiantes revolucionarios de distintas regiones del pa\u00eds se han venido coordinando y en el mes de julio celebraron un encuentro nacional realizado en la Universidad de Tolima con el objetivo de fortalecer la unidad y construir un programa m\u00ednimo conjunto. Por su importancia y pertinencia para la situaci\u00f3n actual, desde Nueva Democracia decidimos reproducir \u00edntegramente la declaraci\u00f3n pol\u00edtica de esta nueva articulaci\u00f3n interregional estudiantil publicada en los primeros d\u00edas de agosto:<\/em><\/p>\n\n\n\n<p class=\"has-black-color has-text-color\"><strong>DECLARACI\u00d3N POL\u00cdTICA ARTICULACI\u00d3N INTERREGIONAL<\/strong><\/p>\n\n\n\n<p class=\"has-black-color has-text-color\">En el marco del desarrollo de la reforma a la ley 30 de 1992, sectores estudiantiles de diferentes IES p\u00fablicas de algunas regiones del pa\u00eds (Tolima, Antioquia, Santander, Bogot\u00e1 D.C) confluyen para generar una alternativa pol\u00edtica diferente a la que plantean las organizaciones tradicionales, que recoja las reivindicaciones y debates de la base estudiantil y apunte a la lucha por una educaci\u00f3n digna, libre y con car\u00e1cter de clase; partiendo de insumos hist\u00f3ricos del movimiento estudiantil discutimos y proponemos participar en la coyuntura de la educaci\u00f3n superior con el fin de posicionar los distintos debates y propuestas que nacen desde la base para aportar a la construcci\u00f3n y consolidaci\u00f3n del movimiento estudiantil y sus justas banderas de lucha.<\/p>\n\n\n\n<p class=\"has-black-color has-text-color\">Como articulaci\u00f3n estudiantil que viene de los sectores populares y empobrecidos de este pa\u00eds, leales al pueblo oprimido, nos recogemos en una serie de principios con car\u00e1cter de clase, atacando firmemente al fascismo, al patriarcado y todas sus representaciones, resistiendo los embates del imperialismo que saquea y explota nuestro pa\u00eds. En este sentido, reconocemos la democracia burguesa como un instrumento m\u00e1s para fortalecer el sistema capitalista que busca cooptar las organizaciones populares, por ello, nos oponemos al oportunismo pol\u00edtico de partidos electoreros e individuos que enarbolan falsamente las banderas del pueblo oprimido, y en consecuencia, reivindicamos los espacios asamblearios y las organizaciones de base con independencia de clase.<\/p>\n\n\n\n<p class=\"has-black-color has-text-color\">En concreto luchamos por una formaci\u00f3n integral, cr\u00edtica, cient\u00edfica, de clase y al servicio del pueblo oprimido, en la que la organizaci\u00f3n estudiantil no parta ni dependa de representaciones estudiantiles unitarias y\/o autoproclamadas, por el contrario, buscamos impulsar espacios amplios y verdaderamente democr\u00e1ticos que est\u00e9n en contra de la instrumentalizaci\u00f3n de dichos escenarios y que defienda la dignidad del pueblo oprimido.<\/p>\n\n\n\n<p class=\"has-black-color has-text-color\">Nuestra lucha busca garant\u00edas y condiciones necesarias que disminuyan los distintos factores que inciden como barreras para el acceso y permanencia a la educaci\u00f3n superior, las cuales se agudizan a\u00fan m\u00e1s en los contextos rurales y constituyen lo que deber\u00eda ser un derecho, en un privilegio, as\u00ed mismo entendemos que la autonom\u00eda est\u00e1 condicionada y limitada, pues el gobierno universitario no representa a las mayor\u00edas y por ende no es garante de la democracia universitaria lo cual responde a condicionamientos impuestos por la relaci\u00f3n universidad-empresa-estado que justamente establece l\u00f3gicas neoliberales que s\u00f3lo benefician a unas minor\u00edas, a la gran empresa privada, y la gran industria multinacional. En raz\u00f3n a lo anterior, nuestras l\u00edneas de trabajo est\u00e1n orientadas a la construcci\u00f3n y lucha pol\u00edtica mediante un programa que permita mayor acceso del pueblo oprimido a la educaci\u00f3n superior, con pol\u00edticas de bienestar universitario que garanticen su permanencia, a partir de la seguridad y soberan\u00eda alimentaria, atenci\u00f3n integral a la salud mental, y fomento de la cultura, el arte y el deporte, los cuales son fundamentales para el desarrollo de los procesos formativos. Asimismo, se busca la conquista de una autonom\u00eda universitaria pensada a favor de la comunidad universitaria, y un, gobierno universitario que garantice la participaci\u00f3n amplia de las mayor\u00edas, disminuyendo las brechas de desigualdad que hay tanto en el campo como en la ciudad abogando por la defensa de la multipluralidad de los territorios, y cambiando el enfoque hacia la relaci\u00f3n universidad-sociedad-estado.<\/p>\n\n\n\n<p class=\"has-black-color has-text-color\">Dado que las asambleas generales son los m\u00e1ximos \u00f3rganos de decisi\u00f3n del movimiento estudiantil, llamamos al estudiantado y a las diferentes organizaciones de base e independientes, a hacer uso de estos espacios para discutir sus derechos y reivindicaciones m\u00e1s inmediatas, as\u00ed como construir una reforma a la educaci\u00f3n superior qu\u00e9 sirva a los intereses de las clases populares, haciendo frente a la instrumentalizaci\u00f3n de la que hist\u00f3ricamente el movimiento estudiantil ha sido objeto por parte de organizaciones e individualidades que bajos sus intereses particulares (econ\u00f3micos, burocr\u00e1ticos, electorales y representativos) se alejan de las realidades del pueblo oprimido y hacen de la reivindicaciones estudiantiles y populares un negocio y plataforma pol\u00edtica para defender los intereses de la burgues\u00eda fragmentando la unidad del estudiantado de las clases populares.<\/p>\n\n\n\n<p class=\"has-black-color has-text-color\">Partiendo de los m\u00ednimos y principios expuestos en el presente documento, invitamos a las organizaciones, bases sociales y a quienes est\u00e9n dispuestos a trabajar por la construcci\u00f3n de un movimiento estudiantil verdaderamente amplio que acoja a los intereses de las clases populares, a que avancemos en pro de la unidad y la articulaci\u00f3n del estudiantado, generando propuestas que apunten a la transformaci\u00f3n estructural de la educaci\u00f3n superior, avanzando as\u00ed en la lucha pol\u00edtica de nuestro pa\u00eds.<\/p>\n\n\n\n<p class=\"has-black-color has-text-color\"><strong><em>AL CALOR DE LAS LLAMAS Y EL SONIDO DEL PUNK<br>UN GATO NEGRO MIRA EL HORIZONTE.<br>EN MEMORIA DEL ESTUDIANTE COMBATIVO Y LUCHADOR,<\/em><\/strong><\/p>\n\n\n\n<p class=\"has-black-color has-text-color\"><strong><em>JHONATAN \u201cPOPEYE\u201d VIVE<\/em><\/strong><\/p>\n\n\n\n<p class=\"has-black-color has-text-color\"><strong>Firman:<\/strong><\/p>\n\n\n\n<p class=\"has-black-color has-text-color\">Alternativa Popular (Medell\u00edn)<\/p>\n\n\n\n<p class=\"has-black-color has-text-color\">Alternativa Popular (Santander)<\/p>\n\n\n\n<p class=\"has-black-color has-text-color\">Centro de Estudios de la Educaci\u00f3n Popular CELEP (Santander)<\/p>\n\n\n\n<p class=\"has-black-color has-text-color\">La Cuna UT (Tolima)<\/p>\n\n\n\n<p class=\"has-black-color has-text-color\">Movimiento de Estudiantes al Servicio del Pueblo MESP (Medell\u00edn)<\/p>\n\n\n\n<p class=\"has-black-color has-text-color\">Nueva Cultura (Medell\u00edn)<\/p>\n\n\n\n<p class=\"has-black-color has-text-color\">Nueva Cultura (Bogot\u00e1)<\/p>\n\n\n\n<p class=\"has-black-color has-text-color\">Oficina de Asuntos Estudiantiles OFAE (Medell\u00edn)<\/p>\n\n\n\n<p class=\"has-black-color has-text-color\">Organizaci\u00f3n Estudiantil Polit\u00e9cnico Jaime Isaza Cadavid (Medell\u00edn)<\/p>\n\n\n\n<p class=\"has-black-color has-text-color\">Red Independiente Estudiantil (Tolima)<\/p>\n\n\n\n<p class=\"has-black-color has-text-color\">Rojos y Anarquistas (Ibagu\u00e9)<\/p>\n\n\n\n<figure class=\"wp-block-image aligncenter size-large\"><img loading=\"lazy\" decoding=\"async\" width=\"1024\" height=\"683\" src=\"https:\/\/nuevademocracia.com.co\/wp-content\/uploads\/2023\/09\/Estudiantil-02-1024x683.jpg\" alt=\"\" class=\"wp-image-25605\" srcset=\"https:\/\/nuevademocracia.com.co\/wp-content\/uploads\/2023\/09\/Estudiantil-02-1024x683.jpg 1024w, https:\/\/nuevademocracia.com.co\/wp-content\/uploads\/2023\/09\/Estudiantil-02-300x200.jpg 300w, https:\/\/nuevademocracia.com.co\/wp-content\/uploads\/2023\/09\/Estudiantil-02-768x512.jpg 768w, https:\/\/nuevademocracia.com.co\/wp-content\/uploads\/2023\/09\/Estudiantil-02-1536x1024.jpg 1536w, https:\/\/nuevademocracia.com.co\/wp-content\/uploads\/2023\/09\/Estudiantil-02-2048x1365.jpg 2048w\" sizes=\"auto, (max-width: 1024px) 100vw, 1024px\" \/><figcaption class=\"wp-element-caption\"><mark style=\"background-color:rgba(0, 0, 0, 0)\" class=\"has-inline-color has-black-color\">Movilizaci\u00f3n estudiantil durante el Paro Nacional Universitario de 2018. Fuente: El Comunero<\/mark><\/figcaption><\/figure>\n","protected":false},"excerpt":{"rendered":"<p>En medio de las discusiones sobre la propuesta presentada por parte del gobierno de reforma a la ley 30 de 1992 que rige la educaci\u00f3n superior, estudiantes revolucionarios de distintas regiones del pa\u00eds se han venido coordinando y en el mes de julio celebraron un encuentro nacional realizado en la Universidad de Tolima con el [&hellip;]<\/p>\n","protected":false},"author":1,"featured_media":25604,"comment_status":"open","ping_status":"open","sticky":false,"template":"","format":"standard","meta":{"footnotes":""},"categories":[16,4],"tags":[43],"class_list":["post-25603","post","type-post","status-publish","format-standard","has-post-thumbnail","hentry","category-carrusel","category-colombia","tag-movimiento-estudiantil"],"blocksy_meta":[],"_links":{"self":[{"href":"https:\/\/nuevademocracia.com.co\/index.php?rest_route=\/wp\/v2\/posts\/25603","targetHints":{"allow":["GET"]}}],"collection":[{"href":"https:\/\/nuevademocracia.com.co\/index.php?rest_route=\/wp\/v2\/posts"}],"about":[{"href":"https:\/\/nuevademocracia.com.co\/index.php?rest_route=\/wp\/v2\/types\/post"}],"author":[{"embeddable":true,"href":"https:\/\/nuevademocracia.com.co\/index.php?rest_route=\/wp\/v2\/users\/1"}],"replies":[{"embeddable":true,"href":"https:\/\/nuevademocracia.com.co\/index.php?rest_route=%2Fwp%2Fv2%2Fcomments&post=25603"}],"version-history":[{"count":1,"href":"https:\/\/nuevademocracia.com.co\/index.php?rest_route=\/wp\/v2\/posts\/25603\/revisions"}],"predecessor-version":[{"id":25606,"href":"https:\/\/nuevademocracia.com.co\/index.php?rest_route=\/wp\/v2\/posts\/25603\/revisions\/25606"}],"wp:featuredmedia":[{"embeddable":true,"href":"https:\/\/nuevademocracia.com.co\/index.php?rest_route=\/wp\/v2\/media\/25604"}],"wp:attachment":[{"href":"https:\/\/nuevademocracia.com.co\/index.php?rest_route=%2Fwp%2Fv2%2Fmedia&parent=25603"}],"wp:term":[{"taxonomy":"category","embeddable":true,"href":"https:\/\/nuevademocracia.com.co\/index.php?rest_route=%2Fwp%2Fv2%2Fcategories&post=25603"},{"taxonomy":"post_tag","embeddable":true,"href":"https:\/\/nuevademocracia.com.co\/index.php?rest_route=%2Fwp%2Fv2%2Ftags&post=25603"}],"curies":[{"name":"wp","href":"https:\/\/api.w.org\/{rel}","templated":true}]}}