{"id":25607,"date":"2023-09-05T15:26:55","date_gmt":"2023-09-05T20:26:55","guid":{"rendered":"https:\/\/nuevademocracia.com.co\/?p=25607"},"modified":"2024-08-27T10:49:15","modified_gmt":"2024-08-27T15:49:15","slug":"pedro-vasquez-rendon-un-gran-comunista-colombiano","status":"publish","type":"post","link":"https:\/\/nuevademocracia.com.co\/?p=25607","title":{"rendered":"Pedro V\u00e1squez Rend\u00f3n, un gran comunista colombiano"},"content":{"rendered":"\n<figure class=\"wp-block-image aligncenter size-large is-resized\"><img loading=\"lazy\" decoding=\"async\" width=\"819\" height=\"1024\" src=\"https:\/\/nuevademocracia.com.co\/wp-content\/uploads\/2023\/09\/Foto-P.V.R-819x1024.png\" alt=\"\" class=\"wp-image-25608\" style=\"width:449px;height:auto\" srcset=\"https:\/\/nuevademocracia.com.co\/wp-content\/uploads\/2023\/09\/Foto-P.V.R-819x1024.png 819w, https:\/\/nuevademocracia.com.co\/wp-content\/uploads\/2023\/09\/Foto-P.V.R-240x300.png 240w, https:\/\/nuevademocracia.com.co\/wp-content\/uploads\/2023\/09\/Foto-P.V.R-768x960.png 768w, https:\/\/nuevademocracia.com.co\/wp-content\/uploads\/2023\/09\/Foto-P.V.R.png 1080w\" sizes=\"auto, (max-width: 819px) 100vw, 819px\" \/><figcaption class=\"wp-element-caption\"><mark style=\"background-color:rgba(0, 0, 0, 0)\" class=\"has-inline-color has-black-color\"><em><strong>Foto: Archivo Nueva Demovracia<\/strong><\/em><\/mark><\/figcaption><\/figure>\n\n\n\n<p class=\"has-black-color has-text-color\">El 5 de agosto de 1968 cay\u00f3 en combate uno de los comunistas m\u00e1s importantes que ha tenido nuestro pa\u00eds, un excepcional combatiente, un dirigente de las masas campesinas y un marxista \u2013 leninista de principios. Es por los aportes a la lucha del proletariado y el pueblo de nuestro pa\u00eds que publicamos este art\u00edculo sobre el compa\u00f1ero Pedro V\u00e1squez Rend\u00f3n.<\/p>\n\n\n\n<p class=\"has-black-color has-text-color\">Pedro V\u00e1squez Rend\u00f3n fue un revolucionario colombiano que se integr\u00f3 a la lucha revolucionaria cerca de 1940, ingres\u00f3 a la JUCO (Juventud Comunista Colombiana) y luego al PCC (Partido Comunista Colombiano) cumpliendo r\u00e1pidamente tareas de direcci\u00f3n. Manten\u00eda un estrecho v\u00ednculo con las masas populares y particip\u00f3 a inicios de los 50\u2019s en las guerrillas de autodefensas formadas por el PCC para defenderse de los ataques armados lanzados por la reacci\u00f3n colombiana dirigida por Gustavo Rojas Pinilla ante los tiempos tan \u00e1lgidos de lucha de clases y combatividad de las masas populares, principalmente campesinas, que atravesaba nuestro pa\u00eds. V\u00e1squez particip\u00f3 y dirigi\u00f3 las guerrillas del sur del Tolima, municipio considerado de alta influencia comunista y donde la reacci\u00f3n concentr\u00f3 sus ataques.<\/p>\n\n\n\n<p class=\"has-black-color has-text-color\">A principios de los 60\u2019s entra al Comit\u00e9 Central del PCC y all\u00ed dirige la lucha contra las tendencias y posiciones revisionistas de dicho comit\u00e9, el cual era dirigido por Gilberto Vieira. El PCC estaba alineado con el ya revisionista Partido Comunista de la Uni\u00f3n Sovi\u00e9tica y con el jefe del revisionismo internacional y traidor del proletariado mundial Jrushchov, que renegaba del papel de Stalin y condujo a la restauraci\u00f3n capitalista en la URSS (Uni\u00f3n de Rep\u00fablicas Socialistas Sovi\u00e9ticas), convirti\u00e9ndola en un pa\u00eds social-imperialista.<\/p>\n\n\n\n<p class=\"has-black-color has-text-color\">En una carta escrita en 1963 V\u00e1squez critica las posiciones revisionistas del PCC y defiende la revoluci\u00f3n China:<\/p>\n\n\n\n<p class=\"has-black-color has-text-color\">&nbsp;&nbsp;&nbsp;&nbsp;&nbsp;&nbsp; \u201cMe honra que justamente conmigo, ustedes hayan condenado a Mao Tse Tung y la revoluci\u00f3n china. Pero la &nbsp;&nbsp;&nbsp;&nbsp;&nbsp;&nbsp;&nbsp; pr\u00f3xima vez no podr\u00e1n rectificar ni declararse equivocados. Yo no me enfrento al partido sino a ustedes, a los &nbsp;&nbsp;&nbsp;&nbsp;&nbsp;&nbsp; jefes del revisionismo colombiano, a ustedes que se enfrentan a la clase y al pueblo.\u201d<\/p>\n\n\n\n<p class=\"has-black-color has-text-color\">&nbsp;Por la defensa del camino revolucionario y del en ese entonces denominado pensamiento Mao Tse Tung, y por la lucha contra las posiciones revisionistas y conciliadoras del PCC Pedro V\u00e1zquez fue expulsado. Frente a esto plante\u00f3 en su carta:<\/p>\n\n\n\n<p class=\"has-black-color has-text-color\">&nbsp;&nbsp;&nbsp;&nbsp;&nbsp;&nbsp; \u201cYo les digo que ni con mi expulsi\u00f3n ni con mi muerte solucionar\u00e1n sus problemas, porque estos no nacen de los &nbsp; revolucionarios sino de su propio pecado: Atravesarse como vacas muertas en el camino del pueblo.\u201d<\/p>\n\n\n\n<p class=\"has-black-color has-text-color\">Al d\u00eda de hoy el PCC y la JUCO siguen siendo organizaciones revisionistas alineadas en la coalici\u00f3n del gobierno oportunista de Gustavo Petro.&nbsp;<\/p>\n\n\n\n<p class=\"has-black-color has-text-color\">Como producto de esta lucha de dos l\u00edneas y del desarrollo de las posiciones comunistas, para 1965 se funda el Partido Comunista de Colombia Marxista-Leninista (PCC M-L) dirigido por Pedro V\u00e1squez Rend\u00f3n. El PCC M-L reconoc\u00eda el pensamiento Mao Tse Tung, la importancia de la experiencia de la Revoluci\u00f3n China, estaba en contra del revisionismo Jrushchovista y planteaba la necesidad de realizar una revoluci\u00f3n en Colombia por el camino de la Guerra Popular Prolongada. El PCC M-L fund\u00f3 y dirigi\u00f3 la primera guerrilla Marxista-Leninista de nuestro pa\u00eds, el Ej\u00e9rcito Popular de Liberaci\u00f3n (EPL).<\/p>\n\n\n\n<p class=\"has-black-color has-text-color\">El PCC M-L aport\u00f3 grandes avances pr\u00e1cticos y te\u00f3ricos a la experiencia de la lucha del proletariado en Colombia y la revoluci\u00f3n colombiana. En el X Congreso el partido estableci\u00f3 3 herramientas para organizar a las masas y conquistar el poder:<\/p>\n\n\n\n<ol style=\"list-style-type:1\" class=\"wp-block-list has-black-color has-text-color\">\n<li>Todos los marxistas leninistas en un solo partido del proletariado<\/li>\n\n\n\n<li>Todos los combatientes populares en solo Ej\u00e9rcito Popular de Liberaci\u00f3n<\/li>\n\n\n\n<li>Todos los revolucionarios en un solo frente patri\u00f3tico de liberaci\u00f3n<\/li>\n<\/ol>\n\n\n\n<p class=\"has-black-color has-text-color\">El PCC-ML tuvo influencia principalmente en cuatro departamentos del pa\u00eds: Antioquia, Bol\u00edvar, C\u00f3rdoba y Sucre. En estos \u00faltimos tres departamentos se vivi\u00f3 un auge de lucha por la tierra, lucha de la cual el PCC-ML particip\u00f3 de manera activa.&nbsp;<\/p>\n\n\n\n<p class=\"has-black-color has-text-color\">En las zonas de mayor influencia del PCC-ML actuaban as\u00ed: iniciaban realizando reuniones con los campesinos donde se daban charlas pol\u00edticas y se discut\u00edan problemas referentes a la producci\u00f3n y comercializaci\u00f3n en la zona. A medida que estas reuniones iban avanzando, se creaban aparatos llamados Juntas Patri\u00f3ticas Populares que eran conformadas por dirigentes campesinos de la regi\u00f3n, l\u00edderes respetados y queridos por las masas. Estas juntas se dedicaban a labores tales como fijar precios a los v\u00edveres y animales, oficiar matrimonios y legalizar divorcios y bautizos. A la par de estos procesos, el PCC-ML dirig\u00eda las tomas de tierras en los departamentos.<\/p>\n\n\n\n<p class=\"has-black-color has-text-color\">Pedro V\u00e1squez Rend\u00f3n fue asesinado (1968) por los poderes reaccionarios al servicio de las clases dominantes de nuestro pa\u00eds. Con su muerte y la de otros importantes dirigentes comunistas y los problemas de direcci\u00f3n del PCC M-L, sumado a los golpes que el Estado pudo asestar, la l\u00ednea revolucionaria al interior del PCC-ML qued\u00f3 debilitada, lo cual fue aprovechado por elementos revisionistas para cambiar el car\u00e1cter revolucionario a la organizaci\u00f3n, lo cual culmina en el proceso de paz de 1991. Lo construido por Pedro V\u00e1squez Rend\u00f3n de la mano de otras importantes figuras como Francisco Garnica, Pedro Le\u00f3n Arboleda, Libardo Mora Toro y Ricardo Torres, quedar\u00e1 en la memoria de los revolucionarios de nuestro pa\u00eds porque muestra la necesidad y el potencial revolucionario que tiene nuestro pueblo campesino. Mientras la rueda de la historia nos acerca cada vez m\u00e1s a la inevitable transformaci\u00f3n de la sociedad, ser\u00e1 m\u00e1s necesario conocer y estudiar las obras, aportes y los errores de estos grandes \u201cmao\u00edstas y bien tira \u2019os a la izquierda\u201d.<\/p>\n","protected":false},"excerpt":{"rendered":"<p>El 5 de agosto de 1968 cay\u00f3 en combate uno de los comunistas m\u00e1s importantes que ha tenido nuestro pa\u00eds, un excepcional combatiente, un dirigente de las masas campesinas y un marxista \u2013 leninista de principios. Es por los aportes a la lucha del proletariado y el pueblo de nuestro pa\u00eds que publicamos este art\u00edculo [&hellip;]<\/p>\n","protected":false},"author":1,"featured_media":25608,"comment_status":"open","ping_status":"open","sticky":false,"template":"","format":"standard","meta":{"footnotes":""},"categories":[16,145],"tags":[62],"class_list":["post-25607","post","type-post","status-publish","format-standard","has-post-thumbnail","hentry","category-carrusel","category-historia-col","tag-conmemoracion"],"blocksy_meta":[],"_links":{"self":[{"href":"https:\/\/nuevademocracia.com.co\/index.php?rest_route=\/wp\/v2\/posts\/25607","targetHints":{"allow":["GET"]}}],"collection":[{"href":"https:\/\/nuevademocracia.com.co\/index.php?rest_route=\/wp\/v2\/posts"}],"about":[{"href":"https:\/\/nuevademocracia.com.co\/index.php?rest_route=\/wp\/v2\/types\/post"}],"author":[{"embeddable":true,"href":"https:\/\/nuevademocracia.com.co\/index.php?rest_route=\/wp\/v2\/users\/1"}],"replies":[{"embeddable":true,"href":"https:\/\/nuevademocracia.com.co\/index.php?rest_route=%2Fwp%2Fv2%2Fcomments&post=25607"}],"version-history":[{"count":4,"href":"https:\/\/nuevademocracia.com.co\/index.php?rest_route=\/wp\/v2\/posts\/25607\/revisions"}],"predecessor-version":[{"id":26688,"href":"https:\/\/nuevademocracia.com.co\/index.php?rest_route=\/wp\/v2\/posts\/25607\/revisions\/26688"}],"wp:featuredmedia":[{"embeddable":true,"href":"https:\/\/nuevademocracia.com.co\/index.php?rest_route=\/wp\/v2\/media\/25608"}],"wp:attachment":[{"href":"https:\/\/nuevademocracia.com.co\/index.php?rest_route=%2Fwp%2Fv2%2Fmedia&parent=25607"}],"wp:term":[{"taxonomy":"category","embeddable":true,"href":"https:\/\/nuevademocracia.com.co\/index.php?rest_route=%2Fwp%2Fv2%2Fcategories&post=25607"},{"taxonomy":"post_tag","embeddable":true,"href":"https:\/\/nuevademocracia.com.co\/index.php?rest_route=%2Fwp%2Fv2%2Ftags&post=25607"}],"curies":[{"name":"wp","href":"https:\/\/api.w.org\/{rel}","templated":true}]}}