{"id":25623,"date":"2023-09-14T15:48:03","date_gmt":"2023-09-14T20:48:03","guid":{"rendered":"https:\/\/nuevademocracia.com.co\/?p=25623"},"modified":"2023-09-14T15:48:03","modified_gmt":"2023-09-14T20:48:03","slug":"jornada-de-denuncia-libertad-para-los-presos-por-luchar","status":"publish","type":"post","link":"https:\/\/nuevademocracia.com.co\/?p=25623","title":{"rendered":"Jornada de denuncia: \u201cLibertad para los presos por luchar\u201d"},"content":{"rendered":"\n<p class=\"has-black-color has-text-color\">Jornada de denuncia: \u201cLibertad para los presos por luchar\u201d<\/p>\n\n\n\n<p class=\"has-black-color has-text-color\">En d\u00edas recientes, j\u00f3venes de diferentes organizaciones, realizaron una jornada de denuncia en el Parque Berrio, en el centro de la ciudad de Medell\u00edn. \u00c9ste es un lugar muy concurrido y popular de la ciudad, por donde todos los d\u00edas transitan miles de personas, especialmente de las clases trabajadoras (obreros de construcci\u00f3n, trabajadores del comercio, empleados de call center, etc.) y de los sectores m\u00e1s marginados de la ciudad (vendedores informales, prostitutas, desplazados, habitantes de calle, etc.)<\/p>\n\n\n\n<figure class=\"wp-block-image aligncenter size-large is-resized\"><img loading=\"lazy\" decoding=\"async\" src=\"https:\/\/nuevademocracia.com.co\/wp-content\/uploads\/2023\/09\/Libertad-presos-politicos-001-1024x576.jpg\" alt=\"\" class=\"wp-image-25624\" style=\"width:668px;height:376px\" width=\"668\" height=\"376\" srcset=\"https:\/\/nuevademocracia.com.co\/wp-content\/uploads\/2023\/09\/Libertad-presos-politicos-001-1024x576.jpg 1024w, https:\/\/nuevademocracia.com.co\/wp-content\/uploads\/2023\/09\/Libertad-presos-politicos-001-300x169.jpg 300w, https:\/\/nuevademocracia.com.co\/wp-content\/uploads\/2023\/09\/Libertad-presos-politicos-001-768x432.jpg 768w, https:\/\/nuevademocracia.com.co\/wp-content\/uploads\/2023\/09\/Libertad-presos-politicos-001-1536x864.jpg 1536w, https:\/\/nuevademocracia.com.co\/wp-content\/uploads\/2023\/09\/Libertad-presos-politicos-001.jpg 1920w\" sizes=\"auto, (max-width: 668px) 100vw, 668px\" \/><\/figure>\n\n\n\n<p class=\"has-black-color has-text-color\">En la jornada de denuncia se realizaron discursos contra el gobierno de Petro, quien en campa\u00f1a prometi\u00f3 libertad para los presos del Gran Levantamiento Popular del 2021, traficando as\u00ed con la ilusi\u00f3n de los j\u00f3venes que participaron en aquel estallido popular y que se encuentran detenidos.<\/p>\n\n\n\n<div class=\"wp-block-group is-layout-constrained wp-block-group-is-layout-constrained\">\n<figure class=\"wp-block-image aligncenter size-large is-resized\"><img loading=\"lazy\" decoding=\"async\" src=\"https:\/\/nuevademocracia.com.co\/wp-content\/uploads\/2023\/09\/Libertad-presos-politicos-002-1-1024x576.jpg\" alt=\"\" class=\"wp-image-25627\" style=\"width:680px;height:383px\" width=\"680\" height=\"383\" srcset=\"https:\/\/nuevademocracia.com.co\/wp-content\/uploads\/2023\/09\/Libertad-presos-politicos-002-1-1024x576.jpg 1024w, https:\/\/nuevademocracia.com.co\/wp-content\/uploads\/2023\/09\/Libertad-presos-politicos-002-1-300x169.jpg 300w, https:\/\/nuevademocracia.com.co\/wp-content\/uploads\/2023\/09\/Libertad-presos-politicos-002-1-768x432.jpg 768w, https:\/\/nuevademocracia.com.co\/wp-content\/uploads\/2023\/09\/Libertad-presos-politicos-002-1-1536x864.jpg 1536w, https:\/\/nuevademocracia.com.co\/wp-content\/uploads\/2023\/09\/Libertad-presos-politicos-002-1.jpg 1920w\" sizes=\"auto, (max-width: 680px) 100vw, 680px\" \/><\/figure>\n\n\n\n<p><\/p>\n\n\n\n<figure class=\"wp-block-image aligncenter size-large is-resized\"><img loading=\"lazy\" decoding=\"async\" src=\"https:\/\/nuevademocracia.com.co\/wp-content\/uploads\/2023\/09\/Libertad-presos-politicos-006-1024x576.jpg\" alt=\"\" class=\"wp-image-25628\" style=\"width:716px;height:403px\" width=\"716\" height=\"403\" srcset=\"https:\/\/nuevademocracia.com.co\/wp-content\/uploads\/2023\/09\/Libertad-presos-politicos-006-1024x576.jpg 1024w, https:\/\/nuevademocracia.com.co\/wp-content\/uploads\/2023\/09\/Libertad-presos-politicos-006-300x169.jpg 300w, https:\/\/nuevademocracia.com.co\/wp-content\/uploads\/2023\/09\/Libertad-presos-politicos-006-768x432.jpg 768w, https:\/\/nuevademocracia.com.co\/wp-content\/uploads\/2023\/09\/Libertad-presos-politicos-006-1536x864.jpg 1536w, https:\/\/nuevademocracia.com.co\/wp-content\/uploads\/2023\/09\/Libertad-presos-politicos-006.jpg 1920w\" sizes=\"auto, (max-width: 716px) 100vw, 716px\" \/><\/figure>\n<\/div>\n\n\n\n<p class=\"has-black-color has-text-color\">Tambi\u00e9n se denunci\u00f3 el elevado costo de vida, y especialmente los grandes aumentos en el precio de la gasolina, que cada mes sube $600 pesos en promedio, medida del gobierno Petro para igualar el precio local con los precios internacionales, generando un alto impacto sobre las clases trabajadoras.<\/p>\n\n\n\n<p class=\"has-black-color has-text-color\">En medio de la jornada, los compa\u00f1eros expresaron su solidaridad con los cientos de presos del pueblo franc\u00e9s, j\u00f3venes que tambi\u00e9n se rebelaron contra las medidas del gobierno Macron y en defensa de los derechos del pueblo, y que hoy se encuentran tambi\u00e9n detenidos.<\/p>\n\n\n\n<div class=\"wp-block-group is-layout-constrained wp-block-group-is-layout-constrained\">\n<figure class=\"wp-block-image aligncenter size-large is-resized\"><img loading=\"lazy\" decoding=\"async\" src=\"https:\/\/nuevademocracia.com.co\/wp-content\/uploads\/2023\/09\/Libertad-presos-politicos-007-1024x576.jpg\" alt=\"\" class=\"wp-image-25629\" style=\"width:685px;height:385px\" width=\"685\" height=\"385\" srcset=\"https:\/\/nuevademocracia.com.co\/wp-content\/uploads\/2023\/09\/Libertad-presos-politicos-007-1024x576.jpg 1024w, https:\/\/nuevademocracia.com.co\/wp-content\/uploads\/2023\/09\/Libertad-presos-politicos-007-300x169.jpg 300w, https:\/\/nuevademocracia.com.co\/wp-content\/uploads\/2023\/09\/Libertad-presos-politicos-007-768x432.jpg 768w, https:\/\/nuevademocracia.com.co\/wp-content\/uploads\/2023\/09\/Libertad-presos-politicos-007-1536x864.jpg 1536w, https:\/\/nuevademocracia.com.co\/wp-content\/uploads\/2023\/09\/Libertad-presos-politicos-007.jpg 1920w\" sizes=\"auto, (max-width: 685px) 100vw, 685px\" \/><\/figure>\n\n\n\n<p><\/p>\n\n\n\n<div class=\"wp-block-group is-layout-constrained wp-block-group-is-layout-constrained\">\n<figure class=\"wp-block-image aligncenter size-large is-resized\"><img loading=\"lazy\" decoding=\"async\" src=\"https:\/\/nuevademocracia.com.co\/wp-content\/uploads\/2023\/09\/Libertad-presos-politicos-008-1024x576.jpg\" alt=\"\" class=\"wp-image-25630\" style=\"width:552px;height:311px\" width=\"552\" height=\"311\" srcset=\"https:\/\/nuevademocracia.com.co\/wp-content\/uploads\/2023\/09\/Libertad-presos-politicos-008-1024x576.jpg 1024w, https:\/\/nuevademocracia.com.co\/wp-content\/uploads\/2023\/09\/Libertad-presos-politicos-008-300x169.jpg 300w, https:\/\/nuevademocracia.com.co\/wp-content\/uploads\/2023\/09\/Libertad-presos-politicos-008-768x432.jpg 768w, https:\/\/nuevademocracia.com.co\/wp-content\/uploads\/2023\/09\/Libertad-presos-politicos-008-1536x864.jpg 1536w, https:\/\/nuevademocracia.com.co\/wp-content\/uploads\/2023\/09\/Libertad-presos-politicos-008.jpg 1920w\" sizes=\"auto, (max-width: 552px) 100vw, 552px\" \/><\/figure>\n\n\n\n<p><\/p>\n\n\n\n<figure class=\"wp-block-image aligncenter size-large is-resized\"><img loading=\"lazy\" decoding=\"async\" src=\"https:\/\/nuevademocracia.com.co\/wp-content\/uploads\/2023\/09\/Libertad-presos-politicos-009-1024x576.jpg\" alt=\"\" class=\"wp-image-25631\" style=\"width:584px;height:329px\" width=\"584\" height=\"329\" srcset=\"https:\/\/nuevademocracia.com.co\/wp-content\/uploads\/2023\/09\/Libertad-presos-politicos-009-1024x576.jpg 1024w, https:\/\/nuevademocracia.com.co\/wp-content\/uploads\/2023\/09\/Libertad-presos-politicos-009-300x169.jpg 300w, https:\/\/nuevademocracia.com.co\/wp-content\/uploads\/2023\/09\/Libertad-presos-politicos-009-768x432.jpg 768w, https:\/\/nuevademocracia.com.co\/wp-content\/uploads\/2023\/09\/Libertad-presos-politicos-009-1536x864.jpg 1536w, https:\/\/nuevademocracia.com.co\/wp-content\/uploads\/2023\/09\/Libertad-presos-politicos-009.jpg 1920w\" sizes=\"auto, (max-width: 584px) 100vw, 584px\" \/><\/figure>\n<\/div>\n<\/div>\n\n\n\n<p class=\"has-black-color has-text-color\">As\u00ed mismo se envi\u00f3 un mensaje de apoyo y resistencia a Liga de Campesinos Pobres de Brasil (LCP), la cual sigue avanzando en la lucha por la sagrada tierra para quien la trabaja, movilizando miles de campesinos a tomar las tierras y destruir el latifundio, raz\u00f3n por la cual ha recibido los ataques rabiosos de latifundistas y sus fuerzas armadas locales (pistoleros) y tambi\u00e9n los ataques del Estado brasile\u00f1o, con persecuci\u00f3n, amenazas, asesinatos, encarcelamientos, etc. A continuaci\u00f3n, el mensaje de apoyo, desde Colombia para la LCP:<\/p>\n\n\n\n<figure class=\"wp-block-embed aligncenter is-type-video is-provider-youtube wp-block-embed-youtube wp-embed-aspect-16-9 wp-has-aspect-ratio\"><div class=\"wp-block-embed__wrapper\">\n<iframe loading=\"lazy\" title=\"Mensaje a la Liga de Campesinos Pobres en Brasil\" width=\"1290\" height=\"726\" src=\"https:\/\/www.youtube.com\/embed\/00dzSaKlOsE?feature=oembed\" frameborder=\"0\" allow=\"accelerometer; autoplay; clipboard-write; encrypted-media; gyroscope; picture-in-picture; web-share\" referrerpolicy=\"strict-origin-when-cross-origin\" allowfullscreen><\/iframe>\n<\/div><\/figure>\n\n\n\n<p class=\"has-black-color has-text-color\">Al final de la jornada, los j\u00f3venes realizaron un peque\u00f1o balance, donde todos resaltaban la gran receptividad de las masas ante las denuncias realizadas, as\u00ed mismo se destac\u00f3 el inter\u00e9s que despert\u00f3 el mensaje en apoyo a la LCP, pues unos compa\u00f1eros contaron que, en medio de la actividad, una persona que transitaba por el parque se sinti\u00f3 bastante identificada, se acerc\u00f3 a preguntar al respecto, cont\u00f3 que hab\u00eda perdido sus tierras y pregunt\u00f3: \u201c\u00bfc\u00f3mo hago para unirme a la LCP?\u201d.<\/p>\n\n\n\n<figure class=\"wp-block-image size-large\"><img loading=\"lazy\" decoding=\"async\" width=\"1024\" height=\"576\" src=\"https:\/\/nuevademocracia.com.co\/wp-content\/uploads\/2023\/09\/mensaje-LCP-1024x576.jpg\" alt=\"\" class=\"wp-image-25632\" srcset=\"https:\/\/nuevademocracia.com.co\/wp-content\/uploads\/2023\/09\/mensaje-LCP-1024x576.jpg 1024w, https:\/\/nuevademocracia.com.co\/wp-content\/uploads\/2023\/09\/mensaje-LCP-300x169.jpg 300w, https:\/\/nuevademocracia.com.co\/wp-content\/uploads\/2023\/09\/mensaje-LCP-768x432.jpg 768w, https:\/\/nuevademocracia.com.co\/wp-content\/uploads\/2023\/09\/mensaje-LCP-1536x864.jpg 1536w, https:\/\/nuevademocracia.com.co\/wp-content\/uploads\/2023\/09\/mensaje-LCP.jpg 1920w\" sizes=\"auto, (max-width: 1024px) 100vw, 1024px\" \/><\/figure>\n\n\n\n<p class=\"has-black-color has-text-color\">Adem\u00e1s de los discursos realizados, tambi\u00e9n se repartieron volantes entablando debates con la gente y se pegaron afiches de denuncia. Todo lo anterior se puede apreciar en el siguiente video:<\/p>\n\n\n\n<figure class=\"wp-block-embed aligncenter is-type-video is-provider-youtube wp-block-embed-youtube wp-embed-aspect-16-9 wp-has-aspect-ratio\"><div class=\"wp-block-embed__wrapper\">\n<iframe loading=\"lazy\" title=\"Jornada de denuncia: \u201cLibertad para los presos por luchar\u201d\" width=\"1290\" height=\"726\" src=\"https:\/\/www.youtube.com\/embed\/h-gpH_GLyCw?feature=oembed\" frameborder=\"0\" allow=\"accelerometer; autoplay; clipboard-write; encrypted-media; gyroscope; picture-in-picture; web-share\" referrerpolicy=\"strict-origin-when-cross-origin\" allowfullscreen><\/iframe>\n<\/div><\/figure>\n","protected":false},"excerpt":{"rendered":"<p>Jornada de denuncia: \u201cLibertad para los presos por luchar\u201d En d\u00edas recientes, j\u00f3venes de diferentes organizaciones, realizaron una jornada de denuncia en el Parque Berrio, en el centro de la ciudad de Medell\u00edn. \u00c9ste es un lugar muy concurrido y popular de la ciudad, por donde todos los d\u00edas transitan miles de personas, especialmente de [&hellip;]<\/p>\n","protected":false},"author":1,"featured_media":25628,"comment_status":"open","ping_status":"open","sticky":false,"template":"","format":"standard","meta":{"footnotes":""},"categories":[16,4,31],"tags":[44,86,41],"class_list":["post-25623","post","type-post","status-publish","format-standard","has-post-thumbnail","hentry","category-carrusel","category-colombia","category-internacional","tag-criminalizacion-a-la-protesta","tag-libertad-presos-politicos","tag-represion-estatal"],"blocksy_meta":[],"_links":{"self":[{"href":"https:\/\/nuevademocracia.com.co\/index.php?rest_route=\/wp\/v2\/posts\/25623","targetHints":{"allow":["GET"]}}],"collection":[{"href":"https:\/\/nuevademocracia.com.co\/index.php?rest_route=\/wp\/v2\/posts"}],"about":[{"href":"https:\/\/nuevademocracia.com.co\/index.php?rest_route=\/wp\/v2\/types\/post"}],"author":[{"embeddable":true,"href":"https:\/\/nuevademocracia.com.co\/index.php?rest_route=\/wp\/v2\/users\/1"}],"replies":[{"embeddable":true,"href":"https:\/\/nuevademocracia.com.co\/index.php?rest_route=%2Fwp%2Fv2%2Fcomments&post=25623"}],"version-history":[{"count":2,"href":"https:\/\/nuevademocracia.com.co\/index.php?rest_route=\/wp\/v2\/posts\/25623\/revisions"}],"predecessor-version":[{"id":25634,"href":"https:\/\/nuevademocracia.com.co\/index.php?rest_route=\/wp\/v2\/posts\/25623\/revisions\/25634"}],"wp:featuredmedia":[{"embeddable":true,"href":"https:\/\/nuevademocracia.com.co\/index.php?rest_route=\/wp\/v2\/media\/25628"}],"wp:attachment":[{"href":"https:\/\/nuevademocracia.com.co\/index.php?rest_route=%2Fwp%2Fv2%2Fmedia&parent=25623"}],"wp:term":[{"taxonomy":"category","embeddable":true,"href":"https:\/\/nuevademocracia.com.co\/index.php?rest_route=%2Fwp%2Fv2%2Fcategories&post=25623"},{"taxonomy":"post_tag","embeddable":true,"href":"https:\/\/nuevademocracia.com.co\/index.php?rest_route=%2Fwp%2Fv2%2Ftags&post=25623"}],"curies":[{"name":"wp","href":"https:\/\/api.w.org\/{rel}","templated":true}]}}