{"id":25635,"date":"2023-09-14T15:53:06","date_gmt":"2023-09-14T20:53:06","guid":{"rendered":"https:\/\/nuevademocracia.com.co\/?p=25635"},"modified":"2024-08-27T10:53:38","modified_gmt":"2024-08-27T15:53:38","slug":"colombia-es-realmente-independiente","status":"publish","type":"post","link":"https:\/\/nuevademocracia.com.co\/?p=25635","title":{"rendered":"\u00bfColombia es realmente independiente?"},"content":{"rendered":"\n<figure class=\"wp-block-image aligncenter size-full\"><img loading=\"lazy\" decoding=\"async\" width=\"975\" height=\"661\" src=\"https:\/\/nuevademocracia.com.co\/wp-content\/uploads\/2023\/09\/image-6.png\" alt=\"\" class=\"wp-image-25637\" srcset=\"https:\/\/nuevademocracia.com.co\/wp-content\/uploads\/2023\/09\/image-6.png 975w, https:\/\/nuevademocracia.com.co\/wp-content\/uploads\/2023\/09\/image-6-300x203.png 300w, https:\/\/nuevademocracia.com.co\/wp-content\/uploads\/2023\/09\/image-6-768x521.png 768w\" sizes=\"auto, (max-width: 975px) 100vw, 975px\" \/><figcaption class=\"wp-element-caption\"><mark style=\"background-color:rgba(0, 0, 0, 0)\" class=\"has-inline-color has-black-color\">Batalla de Boyac\u00e1, oleo de Martin Tovar y Tovar<\/mark><\/figcaption><\/figure>\n\n\n\n<p class=\"has-black-color has-text-color\">A prop\u00f3sito del 20 de julio y 7 de agosto es importante reflexionar sobre la situaci\u00f3n de independencia de nuestro pa\u00eds a trav\u00e9s de la historia.<\/p>\n\n\n\n<p class=\"has-black-color has-text-color\">Con la llegada de los espa\u00f1oles al continente que conocemos hoy c\u00f3mo Am\u00e9rica nuestros pueblos ind\u00edgenas conocieron la explotaci\u00f3n y la opresi\u00f3n que conllevo la conquista y la colonia. Principalmente con masacres y exterminios los espa\u00f1oles lograron la dominaci\u00f3n sobre nuestros territorios y la vida del pueblo, entre ellos los ind\u00edgenas nativos de estas tierras y los negros africanos que fueron brutalmente cazados y tratados como animales, obligados a trabajar completamente esclavizados. En estos procesos de opresi\u00f3n se cumpli\u00f3 la ley general que existe en la sociedad, <em>donde hay opresi\u00f3n hay resistencia<\/em>, y la lucha contra los espa\u00f1oles se fue organizando desde el inicio de la conquista. Por un lado, varios pueblos ind\u00edgenas se organizaron y lucharon a muerte, incluso prefiriendo morir en batalla que vivir sometidos. Por otro lado, los negros con su resistencia cimarrona lucharon por su libertad y conformaron palenques donde viv\u00edan fuera del dominio espa\u00f1ol. A pesar de la resistencia, el desarrollo de la sociedad esclavista-feudal espa\u00f1ola logr\u00f3 implantarse y trajo a estas tierras dos de los problemas fundamentales que conservamos en la actualidad, el problema de la tierra y el dominio nacional por parte de una potencia extranjera.<\/p>\n\n\n\n<p class=\"has-black-color has-text-color\">Esta \u00e9poca de dominaci\u00f3n de nuestro territorio por parte de la corona espa\u00f1ola se extiende hasta las guerras de independencia. En 1781 las contradicciones del pueblo neogranadino y su sed de independencia empezaban a dar frutos con la Rebeli\u00f3n de los Comuneros. Un alza de impuestos hizo estallar la furia del pueblo, el epicentro de las manifestaciones fue Santander, donde se organizaron miles de personas en una marcha a lo largo del pa\u00eds contra la corona. De all\u00ed surgieron dos caminos en la lucha, el primero, el camino democr\u00e1tico que fue representado por Antonio Gal\u00e1n con su consigna \u201coprimidos contra opresores\u201d quien recog\u00eda el descontento de los diferentes sectores del pueblo m\u00e1s pobre y oprimido, luchando por tierra para los ind\u00edgenas y campesinos, libertad para los negros y libertad de comercio para los artesanos, durante la lucha Gal\u00e1n junto a varios hombres y mujeres recuperaron tierras y dieron libertad a esclavos. Por otro lado, el segundo, el camino burocr\u00e1tico fue representado por Berbeo quien representaba los intereses de los criollos en b\u00fasqueda de puestos dentro del Estado colonial espa\u00f1ol, conciliando con los opresores y traicionando la lucha. De esta gran rebeli\u00f3n la corona espa\u00f1ola asesina a los m\u00e1s rebeldes, incluido Antonio Gal\u00e1n quien fue descuartizado. Esta lucha nos muestra la necesidad de independencia que sent\u00eda el pueblo cansado del yugo espa\u00f1ol.<\/p>\n\n\n\n<p class=\"has-black-color has-text-color\">Treinta a\u00f1os despu\u00e9s se abrir\u00eda la d\u00e9cada de las guerras de independencia en nuestro territorio, donde cientos de ind\u00edgenas, campesinos, negros, artesanos y criollos dieron sus vidas para la liberaci\u00f3n de nuestra naci\u00f3n del yugo espa\u00f1ol. Con estas guerras se buscaba una vida m\u00e1s democr\u00e1tica y se quer\u00eda acabar con los problemas fundamentales que hab\u00edan tra\u00eddo los espa\u00f1oles, el problema de la tierra y la opresi\u00f3n nacional. Esta justa lucha fue dirigida por los criollos quienes pactaron con el Estado de Inglaterra una \u201cayuda\u201d en el proceso de independencia con armas, ej\u00e9rcito y cr\u00e9ditos a cambio de acuerdos comerciales. Con la victoria de independencia que expuls\u00f3 a los espa\u00f1oles de nuestros territorios, el poder del Estado quedo en manos de los criollos, con un nuevo yugo de dominaci\u00f3n m\u00e1s velado por parte de la corona inglesa, quienes introducen modalidades capitalistas en nuestro pa\u00eds con el objetivo de comercializar sus mercanc\u00edas, de este modo sacar mayores riquezas. Los criollos no cumplieron sus promesas de repartir la tierra para los campesinos, no dieron libertad a los negros y el yugo nacional ahora estaba en manos de los ingleses lo que restring\u00eda comercialmente a los artesanos, se convirtieron en clases dominantes y opresores del pueblo.<\/p>\n\n\n\n<p class=\"has-black-color has-text-color\">Posteriormente en el siglo XX con la transformaci\u00f3n del capitalismo en su fase superior, el imperialismo, las potencias mundiales mancomunadamente con las clases dominantes nacionales \u2013terratenientes y grandes burgueses- impulsan en nuestro pa\u00eds un capitalismo al servicio de esos pa\u00edses opresores, denominado capitalismo burocr\u00e1tico. A inicios de siglo hay una inversi\u00f3n de esos capitales extranjeros y nacionales de industria moderna que buscaban c\u00f3mo oprimir m\u00e1s profundamente al pueblo y enriquecer a\u00fan m\u00e1s a los m\u00e1s ricos del pa\u00eds y del mundo. Posteriormente, esta profundizaci\u00f3n del pa\u00eds al servicio de naciones extranjeras se da con la danza de los millones de los a\u00f1os 20 y 30, donde Estados Unidos hace gran inversi\u00f3n en la industria y banca, concede grandes cr\u00e9ditos, tambi\u00e9n el Estado invierte en ferrocarriles, v\u00edas y puertos para que las inversiones del imperialismo y la gran burgues\u00eda tuvieran una infraestructura adecuada para sus grandes negocios. Adem\u00e1s de impulsar una pol\u00edtica econ\u00f3mica donde se crea el Banco de la Republica al servicio de las necesidades del imperialismo yanqui. Es all\u00ed que en nuestro pa\u00eds se concreta la dominaci\u00f3n de parte de Estados Unidos como principal potencia dominante y se da el desplazamiento de Inglaterra. Esto se da debido a que en el reparto del mundo \u2013I Guerra Mundial- los gringos salieron fortalecidos, ya que estuvieron del lado de las potencias que salieron victoriosas; esto le permiti\u00f3 posicionamiento como una gran potencia debido a que estuvieron en el bando ganador pero la guerra no afecto su naci\u00f3n. All\u00ed logra la dominaci\u00f3n de varios pa\u00edses en el mundo haciendo acuerdos con sus clases dominantes e interviniendo econ\u00f3mica, pol\u00edtica y militarmente, entre ellos Colombia.<\/p>\n\n\n\n<p class=\"has-black-color has-text-color\">Estados Unidos fue profundizando su intervenci\u00f3n en nuestra naci\u00f3n en la segunda mitad del siglo XX con el impulso de la Alianza para el progreso como una forma de amortiguar la influencia del comunismo en nuestro pa\u00eds. Y a inicios del siglo XXI impulsa el Plan Colombia con la excusa de combatir el narcotr\u00e1fico y el terrorismo dando cr\u00e9ditos al pa\u00eds acrecentando la deuda externa y la intervenci\u00f3n militar directa.<\/p>\n\n\n\n<p class=\"has-black-color has-text-color\">Desde all\u00ed todos los presidentes de nuestra naci\u00f3n \u2013incluyendo a Petro- buscan que su administraci\u00f3n del Estado cumpla cabalmente con las necesidades que Estados Unidos exige, entre esas, la \u201cestabilidad macroecon\u00f3mica\u201d que garantiza que nuestro pa\u00eds sigue fielmente pagando la deuda externa. Otra muestra de que el gobierno actual sigue siendo m\u00e1s de lo mismo es la continuaci\u00f3n de los TLC y la aceptaci\u00f3n de intervenciones militares por parte de los yanquis a nuestros territorios, m\u00e1s recientemente en la Amazon\u00eda.<\/p>\n\n\n\n<p class=\"has-black-color has-text-color\">Con este breve recuento hist\u00f3rico podemos vislumbrar c\u00f3mo nuestra naci\u00f3n ha estado en los \u00faltimos 500 a\u00f1os al servicio de potencias que imponen a nuestro pueblo una vida de mucho trabajo y mucha pobreza para que los grandes ricos del mundo se enriquezcan m\u00e1s. El imperialismo, principalmente yanqui, pone sus garras en nuestro pa\u00eds para saquear nuestros recursos naturales y exprimir todo el trabajo de nuestro pueblo. Por ello es importante comprender que nuestra naci\u00f3n no tiene ninguna independencia que celebrar, que lo que se necesita en nuestro pa\u00eds es un proceso revolucionario que expulse al imperialismo, democratice la tierra, confisque el capital e instaure en nuestra naci\u00f3n un Estado obrero, campesino y popular donde el poder lo tenga el pueblo.<\/p>\n\n\n\n<figure class=\"wp-block-image aligncenter size-full\"><img loading=\"lazy\" decoding=\"async\" width=\"975\" height=\"548\" src=\"https:\/\/nuevademocracia.com.co\/wp-content\/uploads\/2023\/09\/image-5.png\" alt=\"\" class=\"wp-image-25636\" srcset=\"https:\/\/nuevademocracia.com.co\/wp-content\/uploads\/2023\/09\/image-5.png 975w, https:\/\/nuevademocracia.com.co\/wp-content\/uploads\/2023\/09\/image-5-300x169.png 300w, https:\/\/nuevademocracia.com.co\/wp-content\/uploads\/2023\/09\/image-5-768x432.png 768w\" sizes=\"auto, (max-width: 975px) 100vw, 975px\" \/><figcaption class=\"wp-element-caption\"><mark style=\"background-color:rgba(0, 0, 0, 0)\" class=\"has-inline-color has-black-color\">Presidente de Estados Unidos Joe Biden y presidente de Colombia Gustavo Petro<br>Foto: El Heraldo<\/mark><\/figcaption><\/figure>\n","protected":false},"excerpt":{"rendered":"<p>A prop\u00f3sito del 20 de julio y 7 de agosto es importante reflexionar sobre la situaci\u00f3n de independencia de nuestro pa\u00eds a trav\u00e9s de la historia. Con la llegada de los espa\u00f1oles al continente que conocemos hoy c\u00f3mo Am\u00e9rica nuestros pueblos ind\u00edgenas conocieron la explotaci\u00f3n y la opresi\u00f3n que conllevo la conquista y la colonia. [&hellip;]<\/p>\n","protected":false},"author":1,"featured_media":25637,"comment_status":"open","ping_status":"open","sticky":false,"template":"","format":"standard","meta":{"footnotes":""},"categories":[16,145,116],"tags":[],"class_list":["post-25635","post","type-post","status-publish","format-standard","has-post-thumbnail","hentry","category-carrusel","category-historia-col","category-imperialismo"],"blocksy_meta":[],"_links":{"self":[{"href":"https:\/\/nuevademocracia.com.co\/index.php?rest_route=\/wp\/v2\/posts\/25635","targetHints":{"allow":["GET"]}}],"collection":[{"href":"https:\/\/nuevademocracia.com.co\/index.php?rest_route=\/wp\/v2\/posts"}],"about":[{"href":"https:\/\/nuevademocracia.com.co\/index.php?rest_route=\/wp\/v2\/types\/post"}],"author":[{"embeddable":true,"href":"https:\/\/nuevademocracia.com.co\/index.php?rest_route=\/wp\/v2\/users\/1"}],"replies":[{"embeddable":true,"href":"https:\/\/nuevademocracia.com.co\/index.php?rest_route=%2Fwp%2Fv2%2Fcomments&post=25635"}],"version-history":[{"count":1,"href":"https:\/\/nuevademocracia.com.co\/index.php?rest_route=\/wp\/v2\/posts\/25635\/revisions"}],"predecessor-version":[{"id":25638,"href":"https:\/\/nuevademocracia.com.co\/index.php?rest_route=\/wp\/v2\/posts\/25635\/revisions\/25638"}],"wp:featuredmedia":[{"embeddable":true,"href":"https:\/\/nuevademocracia.com.co\/index.php?rest_route=\/wp\/v2\/media\/25637"}],"wp:attachment":[{"href":"https:\/\/nuevademocracia.com.co\/index.php?rest_route=%2Fwp%2Fv2%2Fmedia&parent=25635"}],"wp:term":[{"taxonomy":"category","embeddable":true,"href":"https:\/\/nuevademocracia.com.co\/index.php?rest_route=%2Fwp%2Fv2%2Fcategories&post=25635"},{"taxonomy":"post_tag","embeddable":true,"href":"https:\/\/nuevademocracia.com.co\/index.php?rest_route=%2Fwp%2Fv2%2Ftags&post=25635"}],"curies":[{"name":"wp","href":"https:\/\/api.w.org\/{rel}","templated":true}]}}