{"id":25644,"date":"2023-10-06T18:37:23","date_gmt":"2023-10-06T23:37:23","guid":{"rendered":"https:\/\/nuevademocracia.com.co\/?p=25644"},"modified":"2024-07-10T13:47:56","modified_gmt":"2024-07-10T18:47:56","slug":"impulsar-la-lucha-por-los-derechos-del-pueblo","status":"publish","type":"post","link":"https:\/\/nuevademocracia.com.co\/?p=25644","title":{"rendered":"Editorial &#8211; Impulsar la lucha por los derechos del pueblo"},"content":{"rendered":"\n<p class=\"has-black-color has-text-color\"><em>La presente Editorial circul\u00f3 impresa el d\u00eda 23 de septiembre. Cuando proced\u00edamos a publicarla en nuestra p\u00e1gina web, se sucedieron dos hechos importantes en la movilizaci\u00f3n social y recibimos algunos comentarios de nuestros lectores. A causa de esto, decidimos insertar unas palabras introductorias y hacer unos peque\u00f1os cambios.<\/em><\/p>\n\n\n\n<figure class=\"wp-block-image aligncenter size-full\"><img loading=\"lazy\" decoding=\"async\" width=\"792\" height=\"496\" src=\"https:\/\/nuevademocracia.com.co\/wp-content\/uploads\/2023\/10\/image.png\" alt=\"\" class=\"wp-image-25645\" srcset=\"https:\/\/nuevademocracia.com.co\/wp-content\/uploads\/2023\/10\/image.png 792w, https:\/\/nuevademocracia.com.co\/wp-content\/uploads\/2023\/10\/image-300x188.png 300w, https:\/\/nuevademocracia.com.co\/wp-content\/uploads\/2023\/10\/image-768x481.png 768w\" sizes=\"auto, (max-width: 792px) 100vw, 792px\" \/><\/figure>\n\n\n\n<p class=\"has-black-color has-text-color\">Nota introductoria<\/p>\n\n\n\n<p class=\"has-black-color has-text-color\">Entre el 22 y 24 de septiembre se realiz\u00f3 en Medell\u00edn un masivo Encuentro Nacional de Estudiantes de Educaci\u00f3n Superior (ENEES) y el 27 de septiembre se desplegaron nutridas movilizaciones en algunas ciudades del pa\u00eds, convocadas (y en parte financiadas) por el gobierno nacional para defender sus proyectos de reformas y apoyar sus candidatos para las elecciones regionales a realizarse en octubre.<\/p>\n\n\n\n<p class=\"has-black-color has-text-color\">Juzgamos que estos dos hechos no cambian la apreciaci\u00f3n que en la Editorial hicimos sobre la crisis que est\u00e1 viviendo el movimiento popular, pues esta se debe sobre todo a la falta de un programa propio -independiente del Estado y los partidos de las clases dominantes- y a la palpable debilidad de conciencia pol\u00edtica y de organizaci\u00f3n de los sectores populares, cuestiones que no se pueden solucionar de la noche a la ma\u00f1ana.<\/p>\n\n\n\n<p class=\"has-black-color has-text-color\">Sin embargo, saludamos el paso adelante que el estudiantado universitario dio en su exitoso Encuentro nacional en que act\u00fao de manera \u201ccr\u00edtica e independiente frente al gobierno\u201d y a las viejas organizaciones oportunistas del movimiento estudiantil. Asimismo consideramos que el campesinado pobre que hoy, necesitado de tierra para trabajar, se mueve esperanzado en el gobierno, ma\u00f1ana, defraudado del mismo, reorganizar\u00e1 sus Ligas Campesinas para tomar con sus propias fuerzas todas las tierras del latifundio y hacer la verdadera reforma agraria.<\/p>\n\n\n\n<p class=\"has-black-color has-text-color\">Crisis del movimiento popular<\/p>\n\n\n\n<p class=\"has-black-color has-text-color\">En el ejercicio cotidiano de nuestra labor period\u00edstica percibimos que una verdadera crisis asalta al movimiento popular en nuestro pa\u00eds. Las huelgas de los trabajadores se han reducido a su m\u00ednima expresi\u00f3n; activistas obreros se quejan del raquitismo de los sindicatos y de que las bases no asisten a las asambleas ni luchan por sus propios pliegos de peticiones. Comprometidos l\u00edderes estudiantiles afirman que el movimiento estudiantil universitario, que en 2018 despleg\u00f3 un gran paro nacional y en 2019 particip\u00f3 del 21N, despu\u00e9s del cierre de las universidades en Pandemia, no ha vuelto a levantar cabeza. Las marchas del movimiento magisterial se han debilitado y cuentan con poca o ninguna participaci\u00f3n de los estudiantes de secundaria. La juventud popular, principal protagonista del hist\u00f3rico Paro nacional de 2021, en algunas ocasiones retoma las calles pero con fuerzas ya reducidas. El campesinado, fuerza principal del movimiento popular y guerrillero en nuestro pa\u00eds, tambi\u00e9n ha perdido fuerza, aunque de cuando en cuando nos brinda ejemplares batallas de lucha por la tierra y por sus derechos que hacen retroceder a las fuerzas represivas del Estado.<\/p>\n\n\n\n<p class=\"has-black-color has-text-color\">Todos los que luchamos por los derechos del pueblo, quienes so\u00f1amos con una sociedad justa, no podemos m\u00e1s que preguntamos \u00bfA qu\u00e9 se debe esta situaci\u00f3n? Y especialmente \u00bfc\u00f3mo podemos salir de ella?<\/p>\n\n\n\n<p class=\"has-black-color has-text-color\">Es com\u00fan escuchar que el pueblo culpe de esta crisis a la salvaje represi\u00f3n estatal&#8230;y le cabe raz\u00f3n: mediante la violencia militar y paramilitar las clases dominantes intimidaron y asesinaron a cientos de activistas y l\u00edderes populares, sembrando el terror en el movimiento popular y dejando a estas organizaciones del pueblo sin sus l\u00edderes m\u00e1s comprometidos y combativos. Miles fueron tambi\u00e9n asesinados en los llamados falsos positivos. Todo esto fue un genocidio en el que los mandos militares, como lo dijo el asesino general Montoya, ordenaban a las tropas&nbsp; derramar \u201cr\u00edos de sangre\u201d. A esta matanza le sumaron una campa\u00f1a de propaganda que macartizaba la lucha por los derechos del pueblo y la rebeli\u00f3n como terrorismo, y que cuestionaba la violencia, excepto -por supuesto- la del Estado.<\/p>\n\n\n\n<p class=\"has-black-color has-text-color\">Pero creemos que tambi\u00e9n hay otra raz\u00f3n, una m\u00e1s interna al movimiento y de la cual la mayor\u00eda del pueblo no es tan consciente. En parte por efecto del embate represivo del que hablamos arriba, en parte por la promoci\u00f3n del pacifismo y el electorerismo por el Estado, en el seno de muchas organizaciones populares fue tomando fuerza una \u201caristocracia popular\u201d que se hizo a la direcci\u00f3n de esas organizaciones, que se fue burocratizando cada vez m\u00e1s con \u201cprivilegios\u201d y prebendas que el Estado y los partidos politiqueros les daban. As\u00ed, se fue creando una costra de bur\u00f3cratas y oportunistas que vend\u00eda las luchas de su sector por un plato de lentejas, y organizaciones que ayer luchaban por los derechos de su gremio se convirtieron en fortines de partidos electoreros, que para ganarse el voto del pueblo, hablan aqu\u00ed y all\u00e1 en su nombre.&nbsp;<\/p>\n\n\n\n<p class=\"has-black-color has-text-color\">En el gran levantamiento popular se vio tambi\u00e9n la influencia negativa de estos dos factores. El Estado desde el principio reprimi\u00f3 violentamente la protesta asesinando a decenas e hiriendo a cientos. Simult\u00e1neamente, en el seno del movimiento social, Petro, una vez tumbada la reforma tributaria en los primeros d\u00edas de protesta, llamaba a la juventud a abandonar las calles para trabajar por su campa\u00f1a politiquera, mientras el Comit\u00e9 de Paro, conformado tambi\u00e9n por esta aristocracia popular, en connivencia con el gobierno condenaba y ped\u00eda levantar los puntos de bloqueo y resistencia que manten\u00eda la rebelde juventud popular.&nbsp;<\/p>\n\n\n\n<p class=\"has-black-color has-text-color\">D\u00e9cadas de este accionar represivo del Estado y disolvente del oportunismo, han debilitado las organizaciones populares. La mayor\u00eda del movimiento popular ha perdido la fe en sus propias fuerzas. Por un lado, piensa que en Colombia es imposible hacer frente a la violencia estatal, debido a la particular fuerza que demuestra la ultraderecha y sus ej\u00e9rcitos paramilitares. Por otro lado, partidos politiqueros de \u201cizquierda\u201d, liderados por personajes que hicieron carrera burocr\u00e1tica en el movimiento popular, aprovechan este escepticismo que embarga a las masas, para buscar entre ellas apoyo a su proyecto de incorporarse al Estado reaccionario, tras la demag\u00f3gica promesa de que ellos, una vez en el gobierno, favorecer\u00e1n los intereses del pueblo, como si el Estado colombiano no estuviese s\u00f3lidamente cimentado para mantener el poder de grandes burgueses y terratenientes a costa del trabajo del pueblo.&nbsp;<\/p>\n\n\n\n<p class=\"has-black-color has-text-color\">Estas falsas ilusiones en que es posible cambiar las cosas desde arriba se sembraron con particular fuerza despu\u00e9s del Paro Nacional de 2021. Aprovechando la decepci\u00f3n del pueblo por no haber alcanzado reivindicaciones m\u00e1s profundas a pesar de su imponente protesta, todos los partidos politiqueros vendieron una vez m\u00e1s al pueblo esperanzas en que el cambio que necesitaba lo lograr\u00eda en las urnas. Hoy, tras un poco m\u00e1s de un a\u00f1o del \u201cgobierno del cambio\u201d, al comprobarse intactas las precarias condiciones de vida del pueblo, unas personas han perdido la esperanza en tal cambio, otras tantas siguen a la expectativa, otras todav\u00eda creen lo que el gobierno dice: que la derecha no los deja gobernar. Lo cierto es que esta mezcla de escepticismo, expectativa y desilusi\u00f3n mantiene inmovilizado al movimiento popular.<\/p>\n\n\n\n<p class=\"has-black-color has-text-color\">\u00bfC\u00f3mo superar la crisis?<\/p>\n\n\n\n<p class=\"has-black-color has-text-color\">Comencemos por se\u00f1alar que nadie puede negar que los motivos del gran levantamiento popular permanecen vivos, que la crisis general de la sociedad colombiana no ha sido resuelta: 35 millones (70% de la poblaci\u00f3n colombiana) de personas sobreviven con ingresos (per c\u00e1pita) menores de 780 mil al mes, al menos 2,5 millones est\u00e1n desempleadas, nos mantenemos entre los pa\u00edses m\u00e1s desiguales del mundo, la salud -como lo comprobamos todos a diario- es cada vez peor, se profundiza la crisis financiera de la educaci\u00f3n superior, etc., en pocas palabras, siguen en pie las razones de nuestra lucha, es cada vez m\u00e1s cierto que la rebeli\u00f3n se justifica.<\/p>\n\n\n\n<p class=\"has-black-color has-text-color\">Razones hay, pero \u00bfc\u00f3mo salir de la crisis del movimiento popular? Creemos que construyendo una nueva t\u00e1ctica a partir de las ense\u00f1anzas de la historia de lucha del pueblo en nuestro pa\u00eds y en el mundo.<\/p>\n\n\n\n<p class=\"has-black-color has-text-color\">En primer lugar, impulsar que cada organizaci\u00f3n popular vaya a sus bases, a los obreros, campesinos o estudiantes \u201cdel com\u00fan\u201d y promueva la lucha por sus derechos y reivindicaciones as\u00ed como la conciencia de la ra\u00edz de estos problemas, que formen sus propios l\u00edderes y organizaciones con criterios de lealtad a la causa colectiva. Para esto obligatoriamente hay que pasar por encima de los viejos l\u00edderes y organizaciones que se aferran a una t\u00e1ctica oportunista, que se han dedicado a luchar para ellos mismos o su grupo y a conciliar con los de arriba. En pocas palabras: Crear verdaderos movimientos del pueblo mismo, independientes del Estado y sus politiqueros, pues, como ense\u00f1ara Lenin: \u201cla \u00fanica fuerza efectiva que impone cambios es la energ\u00eda revolucionaria de las masas\u201d.<\/p>\n\n\n\n<p class=\"has-black-color has-text-color\">En segundo lugar, la historia ense\u00f1a que todo lo que el pueblo ha conquistado ha sido con lucha combativa. As\u00ed los trabajadores lograron la jornada laboral de 8 horas, los campesinos resisten la violencia estatal y retoman tierras, el pueblo tumb\u00f3 la reforma tributaria de Duque, los maestros y estudiantes han logrado en determinados momentos paliar la crisis presupuestal de la educaci\u00f3n&#8230;y tambi\u00e9n, en sentido contrario, cuando esta lucha ha flaqueado, hemos perdido derechos. Los de arriba todos los d\u00edas hablan de paz, pero apenas un poblador bloquea la calle cansado de que no se atiendan sus derechos, apenas los campesinos toman la tierra que les pertenece, no dudan un instante en reprimirlos y desalojarlos con violencia. Todos los gobiernos han hecho esto, incluido el actual. As\u00ed que un verdadero movimiento popular, fiel hasta el final a los intereses de su pueblo, no le cabe m\u00e1s que organizar sus propias formas de resistir y combatir la violencia estatal. Suficiente es decir que no hay cambio de color ni estilizado nombre que puedan detener el efecto violento del bolillo, de la aturdidora y del gas lacrim\u00f3geno; los movimientos populares necesitan crear su propia l\u00ednea de resistencia contra la represi\u00f3n.<\/p>\n\n\n\n<p class=\"has-black-color has-text-color\">En resumidas cuentas, para volver a levantar el movimiento popular hay que despertar el entusiasmo y la iniciativa de las masas en la lucha por sus derechos, reconstruyendo organizaciones democr\u00e1ticas, que defiendan los intereses de cada sector del pueblo, que develen y luchen contra los falsos l\u00edderes que traicionan el movimiento y que construyan grupos para resistir la represi\u00f3n de los de arriba.&nbsp;<\/p>\n\n\n\n<p class=\"has-black-color has-text-color\">El gobierno de Petro ya debilitado con tan solo un a\u00f1o de mandato, necesita apoyo para su programa de gobierno, y est\u00e1 llamando a trabajadores, campesinos y estudiantes a movilizarse y organizarse para defenderlo. Desde <em>Nueva Democracia<\/em> invitamos a todo el pueblo a analizar cr\u00edticamente lo que traen estas \u201creformas\u201d del gobierno Petro, a luchar por la independencia del movimiento popular, a no volver a caer en el error que cayeron nuestros compa\u00f1eros hace 90 a\u00f1os, cuando, enga\u00f1ados por l\u00edderes oportunistas del movimiento popular en ese entonces, apoyaron el gobierno de Alfonso L\u00f3pez Pumarejo (que tambi\u00e9n pomposamente se autodenominaba \u201cla revoluci\u00f3n en marcha\u201d) y terminaron convirtiendo las organizaciones del pueblo en ap\u00e9ndices de un Partido de los opresores contra otro, el Partido Liberal contra el Partido Conservador. Cuando lleg\u00f3 la \u00e9poca de la Violencia entre estos Partidos (a\u00f1os 40 y 50), las clases trabajadoras no hab\u00edan construido las organizaciones independientes y combativas para unir a todos los de abajo contra los de arriba y fueron entonces lanzadas a la matanza de pueblo contra pueblo en favor de uno u otro bando de las clases dominantes.<\/p>\n\n\n\n<p class=\"has-black-color has-text-color\">Aprendiendo tambi\u00e9n de una experiencia hist\u00f3rica positiva posterior, consideramos que todos los sectores del pueblo deben luchar por la independencia del movimiento popular y en lo posible aprovechar esta necesidad del gobierno de movilizar las masas en su pugna con los otros grupos de las clases dominantes, para reactivar la lucha por sus derechos y las organizaciones independientes y combativas. En los a\u00f1os 60, el gobierno de Carlos Lleras Restrepo tambi\u00e9n predic\u00f3 una \u201creforma agraria\u201d y para plasmarla promovi\u00f3 la Asociaci\u00f3n Nacional de Usuarios Campesinos (ANUC). Pero el movimiento campesino tom\u00f3 su propio camino; al poco tiempo la ANUC se dividi\u00f3 en l\u00ednea Armenia (gobiernista) y l\u00ednea Sincelejo (independiente). Bajo la gu\u00eda de esta \u00faltima l\u00ednea, el campesinado conquist\u00f3 tierras como nunca antes, siendo el \u00fanico momento en que realmente, con la acci\u00f3n directa del campesinado, se empez\u00f3 a plasmar una verdadera reforma agraria, tomando las tierras del latifundio por la fuerza, bajo el lema democr\u00e1tico de \u201ctierra para quien la trabaja\u201d.<\/p>\n\n\n\n<p class=\"has-black-color has-text-color\">Durante toda nuestra historia los opresores -que cambian de m\u00e1scara y color en cada circo electoral-, han querido meternos en una falsa polarizaci\u00f3n que no es m\u00e1s que la pugna entre los de arriba. Y cada vez m\u00e1s han contado con el apoyo de algunos l\u00edderes oportunistas en el movimiento popular que buscan que nuestra atenci\u00f3n est\u00e9 del \u201ctodo absorbida por las reformas, por las transacciones entre sectores de las clases dominantes, y es a ellas a quienes se dirigen, es a ellas a quienes tratan de \u00abconvencer\u00bb, es a ellas a quienes desean adaptar el movimiento\u201d popular.<\/p>\n\n\n\n<p class=\"has-black-color has-text-color\">El nuevo gobierno llama al pueblo a apoyar sus reformas pero lo reprime si toma la calle o la tierra. Sus altos funcionarios viven sabroso (con sueldos exhorbitantes) mientras el pueblo padece hambre. Los falsos l\u00edderes populares que antes, cuando buscaban afanosamente ser gobierno, condenaban la venida de alg\u00fan alto funcionario yanqui a nuestras tierras, callan unos, celebran otros, las recurrentes visitas de la jefe del Comando Sur de EEUU y que Petro mismo se haya comprometido a garantizar la estabilidad para los monopolios yanquis y solicitado a Biden conformar una fuerza militar para nuestra Amazon\u00eda. Los otrora \u201cnarcolatifundistas expropiadores violentos de campesinos\u201d como hace unos a\u00f1os llam\u00f3 Petro a los grandes ganaderos, ahora son -sorprendentemente-, con Lafaurie a la cabeza, los mejores socios de la reforma agraria. Los mismos que, cuando eran oposici\u00f3n, ped\u00edan la renuncia de gobiernos apoyados por el narcotr\u00e1fico, hoy llaman a sus trapos sucios \u201cgolpe blando\u201d. Los supuestos l\u00edderes del pueblo que hace unos a\u00f1os llamaban a la gente a protestar ante el alza de la gasolina, ahora, cuando el actual gobierno la ha subido un 50%!, guardan silencio o culpan a otros. Los que por ganar votos, dijeron que el 7 de agosto se acababa el ESMAD y que los presos por protestar recuperar\u00edan su libertad, ante el evidente enga\u00f1o esconden la cabeza.<\/p>\n\n\n\n<p class=\"has-black-color has-text-color\">\u00bfTodo esto es extra\u00f1o no? De repente muchas cosas han cambiado, ya no se llaman por su nombre a los opresores, la confusi\u00f3n reina, el movimiento popular entra en un inmovilismo. En el \u201cgobierno del pueblo\u201d, el movimiento popular, en lugar de levantar cabeza, alcanz\u00f3 su crisis. \u00bfSer\u00e1 esto lo que quiere decir \u201cgobierno del cambio\u201d? Bueno, pues este tipo de cambio que alegra a los gringos, a los terratenientes, al mismo \u00c1lvaro Uribe que ha llamado al gobierno actual como una \u201cdemocracia social\u201d, pero que reprime la rebeli\u00f3n independiente y combativa de los sectores populares y solo propugna la movilizaci\u00f3n a favor del gobierno, no es evidentemente un buen cambio para el movimiento popular.<\/p>\n\n\n\n<p class=\"has-black-color has-text-color\">Estamos porque las cosas vuelvan a llamarse por su nombre, porque todos los sectores del pueblo luchen por sus reivindicaciones y derechos y no por el programa del gobierno de turno, porque los campesinos tomen la tierra del latifundio y no porque se haga m\u00e1s ricos a los terratenientes, porque los estudiantes exijan la superaci\u00f3n de la crisis financiera de las universidades p\u00fablicas y no porque se den migajas para aplazar otras vez su debacle como ya hizo el gobierno anterior, porque luchemos contra el dominio extranjero y no por vender m\u00e1s el pa\u00eds a los grandes monopolios capitalistas.<\/p>\n\n\n\n<p class=\"has-black-color has-text-color\">En pocas palabras, el camino para reconstruir el movimiento por los derechos del pueblo no se transita por arriba, sino por abajo, yendo a las bases del pueblo mismo a impulsar sus luchas y organizaciones independientes y combativas. No es un camino f\u00e1cil por supuesto, ser\u00e1 largo y escarpado, pero al mismo tiempo, certero y luminoso. El punto de partida est\u00e1 en confiar en el pueblo mismo como \u00fanica fuerza motriz de la historia y decidirse a servirlo de todo coraz\u00f3n, el resto es trabajo tesonero que convierta poco a poco al pueblo hoy desorganizado en fuerte poder organizado que conquiste las reivindicaciones del pueblo y la naci\u00f3n colombiana.<\/p>\n","protected":false},"excerpt":{"rendered":"<p>La presente Editorial circul\u00f3 impresa el d\u00eda 23 de septiembre. Cuando proced\u00edamos a publicarla en nuestra p\u00e1gina web, se sucedieron dos hechos importantes en la movilizaci\u00f3n social y recibimos algunos comentarios de nuestros lectores. A causa de esto, decidimos insertar unas palabras introductorias y hacer unos peque\u00f1os cambios. Nota introductoria Entre el 22 y 24 [&hellip;]<\/p>\n","protected":false},"author":1,"featured_media":25645,"comment_status":"open","ping_status":"open","sticky":false,"template":"","format":"standard","meta":{"footnotes":""},"categories":[16,4,10],"tags":[],"class_list":["post-25644","post","type-post","status-publish","format-standard","has-post-thumbnail","hentry","category-carrusel","category-colombia","category-editorial"],"blocksy_meta":[],"_links":{"self":[{"href":"https:\/\/nuevademocracia.com.co\/index.php?rest_route=\/wp\/v2\/posts\/25644","targetHints":{"allow":["GET"]}}],"collection":[{"href":"https:\/\/nuevademocracia.com.co\/index.php?rest_route=\/wp\/v2\/posts"}],"about":[{"href":"https:\/\/nuevademocracia.com.co\/index.php?rest_route=\/wp\/v2\/types\/post"}],"author":[{"embeddable":true,"href":"https:\/\/nuevademocracia.com.co\/index.php?rest_route=\/wp\/v2\/users\/1"}],"replies":[{"embeddable":true,"href":"https:\/\/nuevademocracia.com.co\/index.php?rest_route=%2Fwp%2Fv2%2Fcomments&post=25644"}],"version-history":[{"count":2,"href":"https:\/\/nuevademocracia.com.co\/index.php?rest_route=\/wp\/v2\/posts\/25644\/revisions"}],"predecessor-version":[{"id":26539,"href":"https:\/\/nuevademocracia.com.co\/index.php?rest_route=\/wp\/v2\/posts\/25644\/revisions\/26539"}],"wp:featuredmedia":[{"embeddable":true,"href":"https:\/\/nuevademocracia.com.co\/index.php?rest_route=\/wp\/v2\/media\/25645"}],"wp:attachment":[{"href":"https:\/\/nuevademocracia.com.co\/index.php?rest_route=%2Fwp%2Fv2%2Fmedia&parent=25644"}],"wp:term":[{"taxonomy":"category","embeddable":true,"href":"https:\/\/nuevademocracia.com.co\/index.php?rest_route=%2Fwp%2Fv2%2Fcategories&post=25644"},{"taxonomy":"post_tag","embeddable":true,"href":"https:\/\/nuevademocracia.com.co\/index.php?rest_route=%2Fwp%2Fv2%2Ftags&post=25644"}],"curies":[{"name":"wp","href":"https:\/\/api.w.org\/{rel}","templated":true}]}}