{"id":25659,"date":"2023-10-09T14:47:27","date_gmt":"2023-10-09T19:47:27","guid":{"rendered":"https:\/\/nuevademocracia.com.co\/?p=25659"},"modified":"2023-10-09T14:47:27","modified_gmt":"2023-10-09T19:47:27","slug":"lucha-y-ocupacion-por-vivienda-digna-en-cali","status":"publish","type":"post","link":"https:\/\/nuevademocracia.com.co\/?p=25659","title":{"rendered":"Lucha y ocupaci\u00f3n por vivienda digna en Cali"},"content":{"rendered":"\n<figure class=\"wp-block-image aligncenter size-full\"><img loading=\"lazy\" decoding=\"async\" width=\"1024\" height=\"750\" src=\"https:\/\/nuevademocracia.com.co\/wp-content\/uploads\/2023\/10\/image-4.png\" alt=\"\" class=\"wp-image-25662\" srcset=\"https:\/\/nuevademocracia.com.co\/wp-content\/uploads\/2023\/10\/image-4.png 1024w, https:\/\/nuevademocracia.com.co\/wp-content\/uploads\/2023\/10\/image-4-300x220.png 300w, https:\/\/nuevademocracia.com.co\/wp-content\/uploads\/2023\/10\/image-4-768x563.png 768w\" sizes=\"auto, (max-width: 1024px) 100vw, 1024px\" \/><\/figure>\n\n\n\n<p class=\"has-black-color has-text-color\">El pasado mi\u00e9rcoles 4 de octubre alrededor de 500 personas de distintas comunidades organizadas en Minga Cali, realizaron una ocupaci\u00f3n en las instalaciones de la Unidad de Restituci\u00f3n de Tierras (URT) y del edificio contiguo, La Beneficencia de Cali. Tras 9 meses de di\u00e1logos de Minga Cali con la Institucionalidad en las cuales el incumplimiento y dilataciones por parte del gobierno fue la constante, la ocupaci\u00f3n tuvo como objetivo central exigir soluciones concretas a los problemas planteados por las comunidades.<\/p>\n\n\n\n<p class=\"has-black-color has-text-color\">Minga Cali agrupa a 21 organizaciones y alrededor 2000 familias, familias que han sido v\u00edctimas de la violencia estatal, muchas han sido desplazadas de sus territorios y han tenido que llegar a las periferias de la ciudad de Cali para buscar un lugar donde asentarse y sobrevivir. &nbsp;Estas comunidades se encuentran en peligro o est\u00e1n siendo desalojadas de sus viviendas (<a href=\"https:\/\/elpais.com\/america-colombia\/2022-10-06\/el-desalojo-de-1500-familias-de-una-invasion-de-tierras-genera-tension-en-cali.html\">como la ocurrida en octubre del a\u00f1o pasado donde se desalojaron a m\u00e1s de 1500 familias a pocos meses de posesionado el gobierno de Petro<\/a>) para construir proyectos al beneficio del gran capital como el Plan Jarill\u00f3n, el tren de cercan\u00edas Cali-Jamund\u00ed o realizar proyectos urban\u00edsticos a manos de las grandes constructoras.<\/p>\n\n\n\n<p class=\"has-black-color has-text-color\">Esta no es la primera protesta que realiza Minga Cali, ante las dilaciones y negligencia del Estado para solucionar los problemas y exigencia de este pueblo trabajador, decidieron realizar esta concentraci\u00f3n y toma de la URT. C\u00f3mo es costumbre del gobierno y del Estado intentaron a trav\u00e9s de sus funcionarios desmovilizar la protesta bajo el pretexto de entablar un di\u00e1logo, las familias se mantuvieron firmes y exig\u00edan<em> \u2018respuestas y soluciones concretas\u2019, <\/em>la toma se mantuvo en pie y las familias con gran compromiso y entusiasmo, disciplina y organizaci\u00f3n lograron garantizar la ocupaci\u00f3n, el bloqueo de la calle, la seguridad, la alimentaci\u00f3n y la dormida.<\/p>\n\n\n\n<div class=\"wp-block-group is-layout-constrained wp-block-group-is-layout-constrained\">\n<figure class=\"wp-block-image aligncenter size-full is-resized\"><img loading=\"lazy\" decoding=\"async\" src=\"https:\/\/nuevademocracia.com.co\/wp-content\/uploads\/2023\/10\/image-6.png\" alt=\"\" class=\"wp-image-25664\" style=\"width:436px;height:472px\" width=\"436\" height=\"472\" srcset=\"https:\/\/nuevademocracia.com.co\/wp-content\/uploads\/2023\/10\/image-6.png 604w, https:\/\/nuevademocracia.com.co\/wp-content\/uploads\/2023\/10\/image-6-277x300.png 277w\" sizes=\"auto, (max-width: 436px) 100vw, 436px\" \/><\/figure>\n\n\n\n<p><\/p>\n\n\n\n<figure class=\"wp-block-image aligncenter size-full is-resized\"><img loading=\"lazy\" decoding=\"async\" src=\"https:\/\/nuevademocracia.com.co\/wp-content\/uploads\/2023\/10\/1.-Carteles.png\" alt=\"\" class=\"wp-image-25665\" style=\"width:528px;height:394px\" width=\"528\" height=\"394\" srcset=\"https:\/\/nuevademocracia.com.co\/wp-content\/uploads\/2023\/10\/1.-Carteles.png 864w, https:\/\/nuevademocracia.com.co\/wp-content\/uploads\/2023\/10\/1.-Carteles-300x224.png 300w, https:\/\/nuevademocracia.com.co\/wp-content\/uploads\/2023\/10\/1.-Carteles-768x573.png 768w\" sizes=\"auto, (max-width: 528px) 100vw, 528px\" \/><\/figure>\n<\/div>\n\n\n\n<p class=\"has-black-color has-text-color\">Desde primeras horas del jueves 5 de octubre las comunidades elevaron la presi\u00f3n bloqueando la intersecci\u00f3n de la calle 9 con carrera 5 en pleno centro de Cali, mientras cantaban <em>\u2018por una vida, por un techo la vivienda es un derecho\u2019, \u2018ni desalojos, ni Plan Jarill\u00f3n, vivienda para todos es la soluci\u00f3n\u2019 y \u2018no somos uno, no somos dos, ahora somos muchos a una sola voz\u2019<\/em>. La resistencia de las comunidades oblig\u00f3 a que la prensa monop\u00f3lica reportara la noticia y que funcionarios del gobierno como Giovanny Yule director de la URT, Liliana Solano viceministra del dialogo social del gobierno nacional, Jimmy Dranguet secretario de seguridad de Cali y otros funcionarios se reunieran con las vocer\u00edas de las comunidades. A estos funcionarios, pese a su intento por mostrarse amables, se les notaba inconformidad y malestar por la justa protesta de Minga Cali.<\/p>\n\n\n\n<figure class=\"wp-block-image aligncenter size-full is-resized\"><img loading=\"lazy\" decoding=\"async\" src=\"https:\/\/nuevademocracia.com.co\/wp-content\/uploads\/2023\/10\/image-2.png\" alt=\"\" class=\"wp-image-25660\" style=\"width:683px;height:391px\" width=\"683\" height=\"391\" srcset=\"https:\/\/nuevademocracia.com.co\/wp-content\/uploads\/2023\/10\/image-2.png 683w, https:\/\/nuevademocracia.com.co\/wp-content\/uploads\/2023\/10\/image-2-300x172.png 300w\" sizes=\"auto, (max-width: 683px) 100vw, 683px\" \/><figcaption class=\"wp-element-caption\"><mark style=\"background-color:rgba(0, 0, 0, 0)\" class=\"has-inline-color has-black-color\">Giovanny Yule y Liliana Solano<\/mark><\/figcaption><\/figure>\n\n\n\n<p class=\"has-black-color has-text-color\">Alrededor de las 4pm del 5 de octubre las vocer\u00edas y funcionarios llegan a un acuerdo. Gracias a esta acci\u00f3n y resistencia de las comunidades que se prolong\u00f3 por 32 horas lograron conquistar una victoria, los acuerdos m\u00e1s importantes son la suspensi\u00f3n del desalojo programado para el 18 de octubre a la comunidad de Nueva Esperanza, para barrios como La Florida se apuesta por la legalizaci\u00f3n y la creaci\u00f3n de comunidades entorno al cuidado de los acu\u00edferos, y la promesa de una primera tierra para familias de Minga Cali. La felicidad de las masas populares se hac\u00eda sentir, gritos, sonrisas, abrazos y l\u00e1grimas de felicidad se ve\u00edan en madres y padres victoriosos, que sienten un alivio al impedir el desalojo de sus viviendas y tener una promesa de tierra. Sabedores del incumplimiento hist\u00f3rico del Estado y sus enga\u00f1os, tambi\u00e9n dec\u00edan que deb\u00edan seguir alertas para exigir el cumplimiento de los acuerdos.<\/p>\n\n\n\n<p class=\"has-black-color has-text-color\">Resaltamos que esta victoria fue posible \u00fanicamente a la lucha y organizaci\u00f3n de las comunidades de Minga Cali que decidieron emprender esta acci\u00f3n de hecho y llevarla de manera consecuente hasta el fin. Mostrando lo que dice la consigna de que Ni el Estado, ni los politiqueros, s\u00f3lo el pueblo salva al pueblo, evidenciado adem\u00e1s en que familias denunciaban y se mostraban inconformes con el gobierno nacional de Petro-Francia debido a los incumplimientos y falsas promesas.<\/p>\n\n\n\n<p class=\"has-black-color has-text-color\">Por \u00faltimo, reafirmamos la posici\u00f3n de nuestra \u00faltima editorial, que expresa la necesidad de fortalecer las organizaciones desde sus bases, luchando por las reivindicaciones m\u00e1s sentidas del pueblo y manteniendo una direcci\u00f3n pol\u00edtica-organizativa con el gobierno nacional, las elecciones, sus partidos y el viejo Estado.<\/p>\n\n\n\n<p class=\"has-black-color has-text-color\">\u00a1Vivienda digna para el pueblo trabajador! \u00a1Con la lucha se conquistan libertades y derechos!\u00a1Con la lucha se defienden!<\/p>\n\n\n\n<figure class=\"wp-block-image size-full\"><img loading=\"lazy\" decoding=\"async\" width=\"1003\" height=\"747\" src=\"https:\/\/nuevademocracia.com.co\/wp-content\/uploads\/2023\/10\/image-7.png\" alt=\"\" class=\"wp-image-25666\" srcset=\"https:\/\/nuevademocracia.com.co\/wp-content\/uploads\/2023\/10\/image-7.png 1003w, https:\/\/nuevademocracia.com.co\/wp-content\/uploads\/2023\/10\/image-7-300x223.png 300w, https:\/\/nuevademocracia.com.co\/wp-content\/uploads\/2023\/10\/image-7-768x572.png 768w\" sizes=\"auto, (max-width: 1003px) 100vw, 1003px\" \/><\/figure>\n\n\n\n<figure class=\"wp-block-image size-full is-resized\"><img loading=\"lazy\" decoding=\"async\" src=\"https:\/\/nuevademocracia.com.co\/wp-content\/uploads\/2023\/10\/image-8.png\" alt=\"\" class=\"wp-image-25667\" style=\"width:840px;height:633px\" width=\"840\" height=\"633\" srcset=\"https:\/\/nuevademocracia.com.co\/wp-content\/uploads\/2023\/10\/image-8.png 1008w, https:\/\/nuevademocracia.com.co\/wp-content\/uploads\/2023\/10\/image-8-300x226.png 300w, https:\/\/nuevademocracia.com.co\/wp-content\/uploads\/2023\/10\/image-8-768x579.png 768w\" sizes=\"auto, (max-width: 840px) 100vw, 840px\" \/><\/figure>\n\n\n\n<figure class=\"wp-block-image size-full\"><img loading=\"lazy\" decoding=\"async\" width=\"1007\" height=\"750\" src=\"https:\/\/nuevademocracia.com.co\/wp-content\/uploads\/2023\/10\/image-9.png\" alt=\"\" class=\"wp-image-25668\" srcset=\"https:\/\/nuevademocracia.com.co\/wp-content\/uploads\/2023\/10\/image-9.png 1007w, https:\/\/nuevademocracia.com.co\/wp-content\/uploads\/2023\/10\/image-9-300x223.png 300w, https:\/\/nuevademocracia.com.co\/wp-content\/uploads\/2023\/10\/image-9-768x572.png 768w\" sizes=\"auto, (max-width: 1007px) 100vw, 1007px\" \/><\/figure>\n\n\n\n<figure class=\"wp-block-image size-full\"><img loading=\"lazy\" decoding=\"async\" width=\"1008\" height=\"754\" src=\"https:\/\/nuevademocracia.com.co\/wp-content\/uploads\/2023\/10\/image-10.png\" alt=\"\" class=\"wp-image-25669\" srcset=\"https:\/\/nuevademocracia.com.co\/wp-content\/uploads\/2023\/10\/image-10.png 1008w, https:\/\/nuevademocracia.com.co\/wp-content\/uploads\/2023\/10\/image-10-300x224.png 300w, https:\/\/nuevademocracia.com.co\/wp-content\/uploads\/2023\/10\/image-10-768x574.png 768w\" sizes=\"auto, (max-width: 1008px) 100vw, 1008px\" \/><\/figure>\n\n\n\n<figure class=\"wp-block-image size-full\"><img loading=\"lazy\" decoding=\"async\" width=\"954\" height=\"678\" src=\"https:\/\/nuevademocracia.com.co\/wp-content\/uploads\/2023\/10\/image-11.png\" alt=\"\" class=\"wp-image-25670\" srcset=\"https:\/\/nuevademocracia.com.co\/wp-content\/uploads\/2023\/10\/image-11.png 954w, https:\/\/nuevademocracia.com.co\/wp-content\/uploads\/2023\/10\/image-11-300x213.png 300w, https:\/\/nuevademocracia.com.co\/wp-content\/uploads\/2023\/10\/image-11-768x546.png 768w\" sizes=\"auto, (max-width: 954px) 100vw, 954px\" \/><\/figure>\n\n\n\n<figure class=\"wp-block-image size-full\"><img loading=\"lazy\" decoding=\"async\" width=\"986\" height=\"604\" src=\"https:\/\/nuevademocracia.com.co\/wp-content\/uploads\/2023\/10\/image-12.png\" alt=\"\" class=\"wp-image-25671\" srcset=\"https:\/\/nuevademocracia.com.co\/wp-content\/uploads\/2023\/10\/image-12.png 986w, https:\/\/nuevademocracia.com.co\/wp-content\/uploads\/2023\/10\/image-12-300x184.png 300w, https:\/\/nuevademocracia.com.co\/wp-content\/uploads\/2023\/10\/image-12-768x470.png 768w\" sizes=\"auto, (max-width: 986px) 100vw, 986px\" \/><\/figure>\n\n\n\n<figure class=\"wp-block-image size-full\"><img loading=\"lazy\" decoding=\"async\" width=\"929\" height=\"628\" src=\"https:\/\/nuevademocracia.com.co\/wp-content\/uploads\/2023\/10\/image-13.png\" alt=\"\" class=\"wp-image-25672\" srcset=\"https:\/\/nuevademocracia.com.co\/wp-content\/uploads\/2023\/10\/image-13.png 929w, https:\/\/nuevademocracia.com.co\/wp-content\/uploads\/2023\/10\/image-13-300x203.png 300w, https:\/\/nuevademocracia.com.co\/wp-content\/uploads\/2023\/10\/image-13-768x519.png 768w\" sizes=\"auto, (max-width: 929px) 100vw, 929px\" \/><\/figure>\n\n\n\n<figure class=\"wp-block-image size-full\"><img loading=\"lazy\" decoding=\"async\" width=\"1016\" height=\"600\" src=\"https:\/\/nuevademocracia.com.co\/wp-content\/uploads\/2023\/10\/image-14.png\" alt=\"\" class=\"wp-image-25673\" srcset=\"https:\/\/nuevademocracia.com.co\/wp-content\/uploads\/2023\/10\/image-14.png 1016w, https:\/\/nuevademocracia.com.co\/wp-content\/uploads\/2023\/10\/image-14-300x177.png 300w, https:\/\/nuevademocracia.com.co\/wp-content\/uploads\/2023\/10\/image-14-768x454.png 768w\" sizes=\"auto, (max-width: 1016px) 100vw, 1016px\" \/><\/figure>\n\n\n\n<p><\/p>\n\n\n\n<p><\/p>\n","protected":false},"excerpt":{"rendered":"<p>El pasado mi\u00e9rcoles 4 de octubre alrededor de 500 personas de distintas comunidades organizadas en Minga Cali, realizaron una ocupaci\u00f3n en las instalaciones de la Unidad de Restituci\u00f3n de Tierras (URT) y del edificio contiguo, La Beneficencia de Cali. Tras 9 meses de di\u00e1logos de Minga Cali con la Institucionalidad en las cuales el incumplimiento [&hellip;]<\/p>\n","protected":false},"author":1,"featured_media":25662,"comment_status":"open","ping_status":"open","sticky":false,"template":"","format":"standard","meta":{"footnotes":""},"categories":[16,4],"tags":[18],"class_list":["post-25659","post","type-post","status-publish","format-standard","has-post-thumbnail","hentry","category-carrusel","category-colombia","tag-protestas"],"blocksy_meta":[],"_links":{"self":[{"href":"https:\/\/nuevademocracia.com.co\/index.php?rest_route=\/wp\/v2\/posts\/25659","targetHints":{"allow":["GET"]}}],"collection":[{"href":"https:\/\/nuevademocracia.com.co\/index.php?rest_route=\/wp\/v2\/posts"}],"about":[{"href":"https:\/\/nuevademocracia.com.co\/index.php?rest_route=\/wp\/v2\/types\/post"}],"author":[{"embeddable":true,"href":"https:\/\/nuevademocracia.com.co\/index.php?rest_route=\/wp\/v2\/users\/1"}],"replies":[{"embeddable":true,"href":"https:\/\/nuevademocracia.com.co\/index.php?rest_route=%2Fwp%2Fv2%2Fcomments&post=25659"}],"version-history":[{"count":1,"href":"https:\/\/nuevademocracia.com.co\/index.php?rest_route=\/wp\/v2\/posts\/25659\/revisions"}],"predecessor-version":[{"id":25674,"href":"https:\/\/nuevademocracia.com.co\/index.php?rest_route=\/wp\/v2\/posts\/25659\/revisions\/25674"}],"wp:featuredmedia":[{"embeddable":true,"href":"https:\/\/nuevademocracia.com.co\/index.php?rest_route=\/wp\/v2\/media\/25662"}],"wp:attachment":[{"href":"https:\/\/nuevademocracia.com.co\/index.php?rest_route=%2Fwp%2Fv2%2Fmedia&parent=25659"}],"wp:term":[{"taxonomy":"category","embeddable":true,"href":"https:\/\/nuevademocracia.com.co\/index.php?rest_route=%2Fwp%2Fv2%2Fcategories&post=25659"},{"taxonomy":"post_tag","embeddable":true,"href":"https:\/\/nuevademocracia.com.co\/index.php?rest_route=%2Fwp%2Fv2%2Ftags&post=25659"}],"curies":[{"name":"wp","href":"https:\/\/api.w.org\/{rel}","templated":true}]}}