{"id":25680,"date":"2023-10-11T15:35:04","date_gmt":"2023-10-11T20:35:04","guid":{"rendered":"https:\/\/nuevademocracia.com.co\/?p=25680"},"modified":"2023-10-11T15:35:05","modified_gmt":"2023-10-11T20:35:05","slug":"importante-evento-del-movimiento-estudiantil-colombiano-se-realizo-el-pasado-22-23-y-24-de-septiembre","status":"publish","type":"post","link":"https:\/\/nuevademocracia.com.co\/?p=25680","title":{"rendered":"Importante evento del movimiento estudiantil colombiano se realiz\u00f3 el pasado 22, 23 y 24 de septiembre."},"content":{"rendered":"\n<p class=\"has-black-color has-text-color\">Un asistente al ENEES (Encuentro Nacional de Estudiantes de la Educaci\u00f3n Superior) hace llegar el siguiente art\u00edculo a nuestro comit\u00e9 de redacci\u00f3n.<\/p>\n\n\n\n<figure class=\"wp-block-image size-full\"><img loading=\"lazy\" decoding=\"async\" width=\"1008\" height=\"674\" src=\"https:\/\/nuevademocracia.com.co\/wp-content\/uploads\/2023\/10\/image-22.png\" alt=\"\" class=\"wp-image-25686\" srcset=\"https:\/\/nuevademocracia.com.co\/wp-content\/uploads\/2023\/10\/image-22.png 1008w, https:\/\/nuevademocracia.com.co\/wp-content\/uploads\/2023\/10\/image-22-300x201.png 300w, https:\/\/nuevademocracia.com.co\/wp-content\/uploads\/2023\/10\/image-22-768x514.png 768w\" sizes=\"auto, (max-width: 1008px) 100vw, 1008px\" \/><\/figure>\n\n\n\n<p class=\"has-black-color has-text-color\">El 22, 23 y 24 de septiembre se llev\u00f3 a cabo el Encuentro Nacional de Estudiantes de la Educaci\u00f3n Superior (ENEES) donde participaron aproximadamente 3.500 estudiantes de universidades e instituciones t\u00e9cnicas y tecnol\u00f3gicas del pa\u00eds.<\/p>\n\n\n\n<p class=\"has-black-color has-text-color\">Este encuentro se da en medio de varios factores importantes: una aguda crisis de la educaci\u00f3n superior p\u00fablica, donde el desfinanciamiento es calculado en aproximadamente 18 billones de pesos y que ha generado que en algunas universidades se cierren programas, se limiten los cupos de ingreso y se paupericen las condiciones de permanencia de los estudiantes pobres del campo y la ciudad. Un proyecto de reforma a la ley 30 (la ley responsable de la crisis de la educaci\u00f3n superior p\u00fablica) presentado por el gobierno oportunista de Gustavo Petro, camuflado bajo un discurso populista pero que realmente conserva el sometimiento de nuestro pa\u00eds al imperialismo y solo demuestra m\u00e1s de lo mismo. Una crisis del movimiento popular que se ha reflejado tambi\u00e9n en el movimiento estudiantil, producto de la violencia Estatal y paramilitar en los \u00faltimos a\u00f1os y fruto de la burocracia oportunista en todo el movimiento popular.<\/p>\n\n\n\n<p class=\"has-black-color has-text-color\">El encuentro se desarroll\u00f3 en medio de los llamados del oportunismo a plegarse al actual gobierno, defender sus reformas (que en lo esencial son de perjuicio para el pueblo) y seguir sus agendas de movilizaci\u00f3n (movilizaciones que usa para amenazar a la facci\u00f3n de burgues\u00eda con la que se est\u00e1 en pugna y que se dan sospechosamente cerca de las elecciones regionales de octubre). Por ello es tan significativo que de principio a fin este evento mantuviera un car\u00e1cter independiente y popular.&nbsp; Se realizaron numerosas intervenciones denunciando el intento de instrumentalizaci\u00f3n y cooptaci\u00f3n del movimiento social y estudiantil y de rechazo al car\u00e1cter antidemocr\u00e1tico y de sometimiento al imperialismo de la actual reforma. Tambi\u00e9n se agit\u00f3 acerca de la necesidad de poner el conocimiento y las universidades al servicio del pueblo<\/p>\n\n\n\n<p class=\"has-black-color has-text-color\">El 27 de septiembre, apenas unos d\u00edas despu\u00e9s de realizado el ENEES, el gobierno hab\u00eda convocado marchas en apoyo a sus reformas. A pesar del intento de cooptaci\u00f3n por parte del Estado, en el encuentro se decidi\u00f3 que el movimiento estudiantil representado por los all\u00ed reunidos no iba a asistir de manera unificada a la movilizaci\u00f3n, ni en apoyo al gobierno y sus reformas. Precisamente el sector estudiantil, orgullosamente, fue el gran ausente en las marchas del 27 de septiembre. El ENEES por el contrario, organiz\u00f3 su propia agenda de movilizaci\u00f3n.<\/p>\n\n\n\n<p class=\"has-black-color has-text-color\">Con este hecho \u2013 la no asistencia como bloque estudiantil a la marcha gobiernista del 27 de septiembre- qued\u00f3 demostrado la unidad pol\u00edtica en la independencia y no instrumentalizaci\u00f3n que se logr\u00f3, lo cual es un entrabe para los planes de la burocracia oportunista y un triunfo del movimiento popular.<\/p>\n\n\n\n<figure class=\"wp-block-image size-full\"><img loading=\"lazy\" decoding=\"async\" width=\"982\" height=\"665\" src=\"https:\/\/nuevademocracia.com.co\/wp-content\/uploads\/2023\/10\/image-23.png\" alt=\"\" class=\"wp-image-25687\" srcset=\"https:\/\/nuevademocracia.com.co\/wp-content\/uploads\/2023\/10\/image-23.png 982w, https:\/\/nuevademocracia.com.co\/wp-content\/uploads\/2023\/10\/image-23-300x203.png 300w, https:\/\/nuevademocracia.com.co\/wp-content\/uploads\/2023\/10\/image-23-768x520.png 768w\" sizes=\"auto, (max-width: 982px) 100vw, 982px\" \/><\/figure>\n\n\n\n<p class=\"has-black-color has-text-color\">Por lo tanto, como no podr\u00eda ser de otra manera las organizaciones revolucionarias, independientes y populares en sus balances se\u00f1alan que el ENEES fue exitoso, representa un paso importante en la reactivaci\u00f3n del movimiento estudiantil en Colombia y abona terreno para superar la crisis del movimiento popular en general; tambi\u00e9n se\u00f1alan que este encuentro permiti\u00f3 el acercamiento entre distintas organizaciones y estudiantes independientes y populares de diferentes regiones del pa\u00eds.<\/p>\n\n\n\n<figure class=\"wp-block-image aligncenter size-full\"><img loading=\"lazy\" decoding=\"async\" width=\"1006\" height=\"509\" src=\"https:\/\/nuevademocracia.com.co\/wp-content\/uploads\/2023\/10\/image-20.png\" alt=\"\" class=\"wp-image-25684\" srcset=\"https:\/\/nuevademocracia.com.co\/wp-content\/uploads\/2023\/10\/image-20.png 1006w, https:\/\/nuevademocracia.com.co\/wp-content\/uploads\/2023\/10\/image-20-300x152.png 300w, https:\/\/nuevademocracia.com.co\/wp-content\/uploads\/2023\/10\/image-20-768x389.png 768w\" sizes=\"auto, (max-width: 1006px) 100vw, 1006px\" \/><\/figure>\n\n\n\n<p class=\"has-black-color has-text-color\">Como \u00faltimo apunte, es de resaltar el ambiente pol\u00edtico que se pod\u00eda respirar durante el encuentro. Abundaron los mensajes pegados y rayados en las paredes, las banderas y pancartas. Hab\u00eda telas que reivindicaban diferentes luchas, como la lucha campesina y la lucha de las mujeres del pueblo, telas y pintas que reflejaban las exigencias propias de los estudiantes, pintas, banderas y telas que representaban importantes corrientes revolucionarias, como el martillo y la hoz, s\u00edmbolo del comunismo y telas que reivindicaban a importantes revolucionarios como Camilo Torres y el Presidente Gonzalo.<\/p>\n\n\n\n<figure class=\"wp-block-image size-full\"><img loading=\"lazy\" decoding=\"async\" width=\"997\" height=\"672\" src=\"https:\/\/nuevademocracia.com.co\/wp-content\/uploads\/2023\/10\/image-24.png\" alt=\"\" class=\"wp-image-25688\" srcset=\"https:\/\/nuevademocracia.com.co\/wp-content\/uploads\/2023\/10\/image-24.png 997w, https:\/\/nuevademocracia.com.co\/wp-content\/uploads\/2023\/10\/image-24-300x202.png 300w, https:\/\/nuevademocracia.com.co\/wp-content\/uploads\/2023\/10\/image-24-768x518.png 768w\" sizes=\"auto, (max-width: 997px) 100vw, 997px\" \/><\/figure>\n\n\n\n<figure class=\"wp-block-image aligncenter size-full\"><img loading=\"lazy\" decoding=\"async\" width=\"506\" height=\"746\" src=\"https:\/\/nuevademocracia.com.co\/wp-content\/uploads\/2023\/10\/image-17.png\" alt=\"\" class=\"wp-image-25681\" srcset=\"https:\/\/nuevademocracia.com.co\/wp-content\/uploads\/2023\/10\/image-17.png 506w, https:\/\/nuevademocracia.com.co\/wp-content\/uploads\/2023\/10\/image-17-203x300.png 203w\" sizes=\"auto, (max-width: 506px) 100vw, 506px\" \/><\/figure>\n\n\n\n<figure class=\"wp-block-image aligncenter size-full\"><img loading=\"lazy\" decoding=\"async\" width=\"968\" height=\"641\" src=\"https:\/\/nuevademocracia.com.co\/wp-content\/uploads\/2023\/10\/image-18.png\" alt=\"\" class=\"wp-image-25682\" srcset=\"https:\/\/nuevademocracia.com.co\/wp-content\/uploads\/2023\/10\/image-18.png 968w, https:\/\/nuevademocracia.com.co\/wp-content\/uploads\/2023\/10\/image-18-300x199.png 300w, https:\/\/nuevademocracia.com.co\/wp-content\/uploads\/2023\/10\/image-18-768x509.png 768w\" sizes=\"auto, (max-width: 968px) 100vw, 968px\" \/><\/figure>\n\n\n\n<figure class=\"wp-block-image aligncenter size-full\"><img loading=\"lazy\" decoding=\"async\" width=\"1008\" height=\"659\" src=\"https:\/\/nuevademocracia.com.co\/wp-content\/uploads\/2023\/10\/image-19.png\" alt=\"\" class=\"wp-image-25683\" srcset=\"https:\/\/nuevademocracia.com.co\/wp-content\/uploads\/2023\/10\/image-19.png 1008w, https:\/\/nuevademocracia.com.co\/wp-content\/uploads\/2023\/10\/image-19-300x196.png 300w, https:\/\/nuevademocracia.com.co\/wp-content\/uploads\/2023\/10\/image-19-768x502.png 768w\" sizes=\"auto, (max-width: 1008px) 100vw, 1008px\" \/><\/figure>\n\n\n\n<p><\/p>\n\n\n\n<p><\/p>\n","protected":false},"excerpt":{"rendered":"<p>Un asistente al ENEES (Encuentro Nacional de Estudiantes de la Educaci\u00f3n Superior) hace llegar el siguiente art\u00edculo a nuestro comit\u00e9 de redacci\u00f3n. El 22, 23 y 24 de septiembre se llev\u00f3 a cabo el Encuentro Nacional de Estudiantes de la Educaci\u00f3n Superior (ENEES) donde participaron aproximadamente 3.500 estudiantes de universidades e instituciones t\u00e9cnicas y tecnol\u00f3gicas [&hellip;]<\/p>\n","protected":false},"author":1,"featured_media":25686,"comment_status":"open","ping_status":"open","sticky":false,"template":"","format":"standard","meta":{"footnotes":""},"categories":[16,4],"tags":[43],"class_list":["post-25680","post","type-post","status-publish","format-standard","has-post-thumbnail","hentry","category-carrusel","category-colombia","tag-movimiento-estudiantil"],"blocksy_meta":[],"_links":{"self":[{"href":"https:\/\/nuevademocracia.com.co\/index.php?rest_route=\/wp\/v2\/posts\/25680","targetHints":{"allow":["GET"]}}],"collection":[{"href":"https:\/\/nuevademocracia.com.co\/index.php?rest_route=\/wp\/v2\/posts"}],"about":[{"href":"https:\/\/nuevademocracia.com.co\/index.php?rest_route=\/wp\/v2\/types\/post"}],"author":[{"embeddable":true,"href":"https:\/\/nuevademocracia.com.co\/index.php?rest_route=\/wp\/v2\/users\/1"}],"replies":[{"embeddable":true,"href":"https:\/\/nuevademocracia.com.co\/index.php?rest_route=%2Fwp%2Fv2%2Fcomments&post=25680"}],"version-history":[{"count":1,"href":"https:\/\/nuevademocracia.com.co\/index.php?rest_route=\/wp\/v2\/posts\/25680\/revisions"}],"predecessor-version":[{"id":25689,"href":"https:\/\/nuevademocracia.com.co\/index.php?rest_route=\/wp\/v2\/posts\/25680\/revisions\/25689"}],"wp:featuredmedia":[{"embeddable":true,"href":"https:\/\/nuevademocracia.com.co\/index.php?rest_route=\/wp\/v2\/media\/25686"}],"wp:attachment":[{"href":"https:\/\/nuevademocracia.com.co\/index.php?rest_route=%2Fwp%2Fv2%2Fmedia&parent=25680"}],"wp:term":[{"taxonomy":"category","embeddable":true,"href":"https:\/\/nuevademocracia.com.co\/index.php?rest_route=%2Fwp%2Fv2%2Fcategories&post=25680"},{"taxonomy":"post_tag","embeddable":true,"href":"https:\/\/nuevademocracia.com.co\/index.php?rest_route=%2Fwp%2Fv2%2Ftags&post=25680"}],"curies":[{"name":"wp","href":"https:\/\/api.w.org\/{rel}","templated":true}]}}