{"id":25787,"date":"2023-11-01T15:45:06","date_gmt":"2023-11-01T20:45:06","guid":{"rendered":"https:\/\/nuevademocracia.com.co\/?p=25787"},"modified":"2023-11-01T15:45:06","modified_gmt":"2023-11-01T20:45:06","slug":"panama-contra-la-venta-del-pais","status":"publish","type":"post","link":"https:\/\/nuevademocracia.com.co\/?p=25787","title":{"rendered":"Panam\u00e1: contra la venta del pa\u00eds"},"content":{"rendered":"\n<p class=\"has-black-color has-text-color\">Compartimos este art\u00edculo encontrado en el <a href=\"https:\/\/heraldorojo.org\/2023\/10\/29\/panama-contra-la-venta-del-pais\/\">Heraldo Rojo<\/a> frente a las protestas masivas del pueblo en Panam\u00e1<\/p>\n\n\n\n<figure class=\"wp-block-image aligncenter size-full\"><img loading=\"lazy\" decoding=\"async\" width=\"940\" height=\"530\" src=\"https:\/\/nuevademocracia.com.co\/wp-content\/uploads\/2023\/11\/image-1.png\" alt=\"\" class=\"wp-image-25788\" srcset=\"https:\/\/nuevademocracia.com.co\/wp-content\/uploads\/2023\/11\/image-1.png 940w, https:\/\/nuevademocracia.com.co\/wp-content\/uploads\/2023\/11\/image-1-300x169.png 300w, https:\/\/nuevademocracia.com.co\/wp-content\/uploads\/2023\/11\/image-1-768x433.png 768w\" sizes=\"auto, (max-width: 940px) 100vw, 940px\" \/><figcaption class=\"wp-element-caption\"><mark style=\"background-color:rgba(0, 0, 0, 0)\" class=\"has-inline-color has-black-color\">Manifestantes paname\u00f1os en una marcha contra la venta del pa\u00eds y contra la concesi\u00f3n minera. Fuente: CNN.<\/mark><\/figcaption><\/figure>\n\n\n\n<p class=\"has-black-color has-text-color\">Ha estallado una serie&nbsp;<a href=\"https:\/\/www.ctpost.com\/news\/world\/article\/protests-across-panama-against-new-contract-for-18443749.php\">de protestas masivas del pueblo en Panam\u00e1<\/a>. Desde el lunes 23 de octubre hay lucha a diario en las calles del pa\u00eds centroamericano. Estas protestas han estallado debido a la extensi\u00f3n de una concesi\u00f3n minera por parte del gobierno a un monopolio canadiense. Tras estar \u201cnegociando\u201d durante meses, finalmente el gobierno paname\u00f1o&nbsp;<a href=\"https:\/\/cnnespanol.cnn.com\/2023\/10\/24\/presidente-panama-mantiene-nuevo-contrato-concesion-minera-orix\/\">ha concedido permiso por otros 20 a\u00f1os&nbsp;<\/a>a la empresa minera para seguir operando en una enorme mina de cobre.<\/p>\n\n\n\n<p class=\"has-black-color has-text-color\">Estos grandes proyectos mineros son una parte importante del saqueo de los pa\u00edses semicoloniales y semifeudales a manos de los imperialistas, como hemos visto en otros pa\u00edses como\u00a0<a href=\"https:\/\/heraldorojo.org\/2023\/08\/11\/la-mineria-francesa-de-uranio-en-problemas-tras-el-golpe-de-estado-en-niger\/\">N\u00edger<\/a>\u00a0o\u00a0<a href=\"https:\/\/heraldorojo.org\/2023\/10\/23\/indonesia-un-estado-al-servicio-del-imperialismo-que-aplica-politicas-genocidas\/\">Indonesia<\/a>. Las luchas contra los megaproyectos imperialistas son un importante aspecto de la lucha popular contra el imperialismo, especialmente en Am\u00e9rica Latina donde destaca el caso de M\u00e9xico contra el mal llamado \u201c<a href=\"https:\/\/heraldorojo.org\/2023\/07\/12\/el-mal-llamado-tren-maya-solo-sirve-al-imperialismo\/\">Tren Maya<\/a>\u201d, o contra el\u00a0<a href=\"https:\/\/heraldorojo.org\/2023\/10\/07\/el-ciit-un-chatarrero-del-imperialismo\/\">CIIT<\/a>. Ya hemos ido informando de estos casos previamente.<\/p>\n\n\n\n<figure class=\"wp-block-image aligncenter size-full\"><img loading=\"lazy\" decoding=\"async\" width=\"800\" height=\"533\" src=\"https:\/\/nuevademocracia.com.co\/wp-content\/uploads\/2023\/11\/image-2.png\" alt=\"\" class=\"wp-image-25789\" srcset=\"https:\/\/nuevademocracia.com.co\/wp-content\/uploads\/2023\/11\/image-2.png 800w, https:\/\/nuevademocracia.com.co\/wp-content\/uploads\/2023\/11\/image-2-300x200.png 300w, https:\/\/nuevademocracia.com.co\/wp-content\/uploads\/2023\/11\/image-2-768x512.png 768w\" sizes=\"auto, (max-width: 800px) 100vw, 800px\" \/><figcaption class=\"wp-element-caption\"><mark style=\"background-color:rgba(0, 0, 0, 0)\" class=\"has-inline-color has-black-color\">Vista panor\u00e1mica de la gran mina de cobre explotada por FQM. Fuente: Bloomberg.<\/mark><\/figcaption><\/figure>\n\n\n\n<p class=\"has-black-color has-text-color\">La gran mina explota principalmente cobre y<a href=\"https:\/\/www.laestrella.com.pa\/economia\/211202\/cobre-panama-first-quantum-minerals-10-mayores-minas-mundo\">&nbsp;ser\u00eda la tercera mina de cobre m\u00e1s grande del mundo<\/a>, y suponiendo entre el 3 y el 3\u20195% del PIB de Panam\u00e1. Adem\u00e1s, supuestamente dar\u00eda empleo a miles de paname\u00f1os y supondr\u00eda&nbsp;<a href=\"https:\/\/www.ctpost.com\/news\/world\/article\/protests-across-panama-against-new-contract-for-18443749.php\">el 80% del valor de las exportaciones totales del pa\u00eds centroamericano<\/a>. La empresa poseedora es Minera Panam\u00e1 S.A. (MPSA), cuyo capital est\u00e1 formado en un 90% por el monopolio canadiense First Quantum Minerals (FQM). Otras de las minas de cobre m\u00e1s grandes del mundo, tambi\u00e9n las posee este monopolio. Las inversiones en esta mina iniciaron hace a\u00f1os, y desde el principio esta mina&nbsp;<a href=\"https:\/\/www.bloomberglinea.com\/2023\/03\/02\/mina-de-cobre-panama-una-multimillonaria-inversion-con-quejas-ambientales-y-deficiente-supervision\/\">ha sido sujeta a numerosas investigaciones y denuncias<\/a>, especialmente enfocadas en los da\u00f1os medioambientales provocados. Lo que subyace en estos da\u00f1os para la naturaleza, es los da\u00f1os provocados para el pueblo que vive alrededor, especialmente el campesinado que vive del campo y que ve sus r\u00edos y campos contaminados. Adem\u00e1s, el monopolio extranjero ha ignorado y negado completamente estas acusaciones, lo que deja claro la forma en que act\u00faan los monopolios en pa\u00edses oprimidos, haciendo y deshaciendo a su antojo.<\/p>\n\n\n\n<p class=\"has-black-color has-text-color\">El pueblo paname\u00f1o ha decidido no aguantar m\u00e1s esta situaci\u00f3n y salir a las calles a protestar. Los medios burgueses de Am\u00e9rica Latina informan de\u00a0<a href=\"https:\/\/tn.com.ar\/internacional\/2023\/10\/25\/panama-paralizada-por-una-protesta-en-contra-de-la-mineria-a-cielo-abierto-detenidos-y-peleas-con-la-policia\/\">una par\u00e1lisis en el pa\u00eds centroamericano<\/a>, con las calles cortadas, movilizaciones y huelgas que han secundado primero trabajadores de educaci\u00f3n y de construcci\u00f3n, y posteriormente otros muchos sectores como obreros, transportistas, m\u00e9dicos, activistas de todo tipo, etc. Tambi\u00e9n ha habido choques entre manifestantes y la polic\u00eda, barricadas y un intento de\u00a0<a href=\"https:\/\/es-us.noticias.yahoo.com\/crecen-protestas-panam%C3%A1-mina-cielo-025814411.html?guccounter=1&amp;guce_referrer=aHR0cHM6Ly9kdWNrZHVja2dvLmNvbS8&amp;guce_referrer_sig=AQAAAJ9M_VbtFTHdjCf5RQjtjXWt_tRtt59G5l6HVGQLbMYsNxYt1QpLUJtwMG9Hv23B9Sr6zr7IvchQOcAqg1fWMJUkvV_Xlbnj8hZLys_HNxMjvaddoXvLwlDqmbPpCdqyplJpzIFXayYvj_6T6vY3QBGsAI0RNupYRWP2cwtSY2q0\">asalto\u00a0a la sede del gobierno paname\u00f1o<\/a>. S\u00f3lo un d\u00eda despu\u00e9s de las primeras movilizaciones, se anunciaron cinco oficiales de polic\u00eda heridos en los choques y\u00a0<a href=\"https:\/\/www.reuters.com\/world\/americas\/panama-protesters-detained-mine-contract-clashes-police-injured-2023-10-24\/\">48 manifestantes detenidos<\/a>.<\/p>\n\n\n\n<figure class=\"wp-block-image aligncenter size-full\"><img loading=\"lazy\" decoding=\"async\" width=\"768\" height=\"432\" src=\"https:\/\/nuevademocracia.com.co\/wp-content\/uploads\/2023\/11\/image-3.png\" alt=\"\" class=\"wp-image-25790\" srcset=\"https:\/\/nuevademocracia.com.co\/wp-content\/uploads\/2023\/11\/image-3.png 768w, https:\/\/nuevademocracia.com.co\/wp-content\/uploads\/2023\/11\/image-3-300x169.png 300w\" sizes=\"auto, (max-width: 768px) 100vw, 768px\" \/><figcaption class=\"wp-element-caption\"><mark style=\"background-color:rgba(0, 0, 0, 0)\" class=\"has-inline-color has-black-color\">Manifestante con un cartel contra la concesi\u00f3n minera. Fuente: The World.<\/mark><\/figcaption><\/figure>\n\n\n\n<p class=\"has-black-color has-text-color\">Los medios burgueses venden la ilusi\u00f3n de que acudiendo a los tribunales del pa\u00eds o a la justicia internacional, pueden parar la acci\u00f3n de los monopolios. En este caso,&nbsp;<a href=\"https:\/\/cnnespanol.cnn.com\/video\/minera-panama-protestas-corte-suprema-inconstitucional-concesion-conclusiones-tv\/\">medios de los monopolios&nbsp;<\/a><a href=\"https:\/\/cnnespanol.cnn.com\/video\/minera-panama-protestas-corte-suprema-inconstitucional-concesion-conclusiones-tv\/\">afirmaban<\/a>&nbsp;en sus noticias de que la concesi\u00f3n pod\u00eda ser cancelada debido a una decisi\u00f3n de la Corte Suprema de Panam\u00e1, y con ello las protestas parar\u00edan. Con este tipo de noticias se quiere frenar una lucha que ha sido capaz de paralizar el pa\u00eds. Pero lo que obvian \u2013 intencionadamente \u2013 estos medios, es que&nbsp;<a href=\"https:\/\/news.mongabay.com\/2023\/09\/panama-protests-to-protect-ecosystems-and-canal-against-pending-mining-deal\/\">la Corte Suprema ya declar\u00f3 inconstitucional<\/a>&nbsp;la concesi\u00f3n minera anterior a este monopolio canadiense, y el gobierno sigui\u00f3 actuando y la empresa inici\u00f3 su explotaci\u00f3n minera sin problema alguno y ha continuado sus inversiones.<\/p>\n\n\n\n<p class=\"has-black-color has-text-color\">Este tipo de protestas son frecuentes en los pa\u00edses semicoloniales y semifeudales. En estos pa\u00edses los dirigentes pol\u00edticos, parte de las clases dominantes locales y fieles servidores del imperialismo, legislan en inter\u00e9s de los monopolios extranjeros y venden el pa\u00eds por un pu\u00f1ado de migajas. Pero ante esta pol\u00edtica antipopular por parte de la burgues\u00eda compradora y burocr\u00e1tica de los pa\u00edses oprimidos, los pueblos luchan d\u00eda tras d\u00eda contra el imperialismo y sus lacayos.<\/p>\n","protected":false},"excerpt":{"rendered":"<p>Compartimos este art\u00edculo encontrado en el Heraldo Rojo frente a las protestas masivas del pueblo en Panam\u00e1 Ha estallado una serie&nbsp;de protestas masivas del pueblo en Panam\u00e1. Desde el lunes 23 de octubre hay lucha a diario en las calles del pa\u00eds centroamericano. Estas protestas han estallado debido a la extensi\u00f3n de una concesi\u00f3n minera [&hellip;]<\/p>\n","protected":false},"author":1,"featured_media":25788,"comment_status":"open","ping_status":"open","sticky":false,"template":"","format":"standard","meta":{"footnotes":""},"categories":[16,116,31],"tags":[],"class_list":["post-25787","post","type-post","status-publish","format-standard","has-post-thumbnail","hentry","category-carrusel","category-imperialismo","category-internacional"],"blocksy_meta":[],"_links":{"self":[{"href":"https:\/\/nuevademocracia.com.co\/index.php?rest_route=\/wp\/v2\/posts\/25787","targetHints":{"allow":["GET"]}}],"collection":[{"href":"https:\/\/nuevademocracia.com.co\/index.php?rest_route=\/wp\/v2\/posts"}],"about":[{"href":"https:\/\/nuevademocracia.com.co\/index.php?rest_route=\/wp\/v2\/types\/post"}],"author":[{"embeddable":true,"href":"https:\/\/nuevademocracia.com.co\/index.php?rest_route=\/wp\/v2\/users\/1"}],"replies":[{"embeddable":true,"href":"https:\/\/nuevademocracia.com.co\/index.php?rest_route=%2Fwp%2Fv2%2Fcomments&post=25787"}],"version-history":[{"count":1,"href":"https:\/\/nuevademocracia.com.co\/index.php?rest_route=\/wp\/v2\/posts\/25787\/revisions"}],"predecessor-version":[{"id":25791,"href":"https:\/\/nuevademocracia.com.co\/index.php?rest_route=\/wp\/v2\/posts\/25787\/revisions\/25791"}],"wp:featuredmedia":[{"embeddable":true,"href":"https:\/\/nuevademocracia.com.co\/index.php?rest_route=\/wp\/v2\/media\/25788"}],"wp:attachment":[{"href":"https:\/\/nuevademocracia.com.co\/index.php?rest_route=%2Fwp%2Fv2%2Fmedia&parent=25787"}],"wp:term":[{"taxonomy":"category","embeddable":true,"href":"https:\/\/nuevademocracia.com.co\/index.php?rest_route=%2Fwp%2Fv2%2Fcategories&post=25787"},{"taxonomy":"post_tag","embeddable":true,"href":"https:\/\/nuevademocracia.com.co\/index.php?rest_route=%2Fwp%2Fv2%2Ftags&post=25787"}],"curies":[{"name":"wp","href":"https:\/\/api.w.org\/{rel}","templated":true}]}}