{"id":25792,"date":"2023-11-01T15:49:25","date_gmt":"2023-11-01T20:49:25","guid":{"rendered":"https:\/\/nuevademocracia.com.co\/?p=25792"},"modified":"2023-11-01T15:49:25","modified_gmt":"2023-11-01T20:49:25","slug":"panama-el-gobierno-intenta-ganar-tiempo-mientras-el-pueblo-siguen-protestando","status":"publish","type":"post","link":"https:\/\/nuevademocracia.com.co\/?p=25792","title":{"rendered":"Panam\u00e1: el gobierno intenta ganar tiempo mientras el pueblo siguen protestando"},"content":{"rendered":"\n<p class=\"has-black-color has-text-color\">Compartimos este articulo encontrado en el <a href=\"https:\/\/heraldorojo.org\/2023\/10\/30\/panama-el-gobierno-intenta-ganar-tiempo-mientras-el-pueblo-siguen-protestando\/\">Heraldo Rojo<\/a> frente a las protestas masivas del pueblo en Panam\u00e1<\/p>\n\n\n\n<figure class=\"wp-block-image aligncenter size-full\"><img loading=\"lazy\" decoding=\"async\" width=\"960\" height=\"640\" src=\"https:\/\/nuevademocracia.com.co\/wp-content\/uploads\/2023\/11\/image-4.png\" alt=\"\" class=\"wp-image-25793\" srcset=\"https:\/\/nuevademocracia.com.co\/wp-content\/uploads\/2023\/11\/image-4.png 960w, https:\/\/nuevademocracia.com.co\/wp-content\/uploads\/2023\/11\/image-4-300x200.png 300w, https:\/\/nuevademocracia.com.co\/wp-content\/uploads\/2023\/11\/image-4-768x512.png 768w\" sizes=\"auto, (max-width: 960px) 100vw, 960px\" \/><figcaption class=\"wp-element-caption\">P<em>rotesta contra la miner\u00eda.<\/em>\u00a0<em>Fuente: EFE<\/em><\/figcaption><\/figure>\n\n\n\n<p class=\"has-black-color has-text-color\">Tras el anuncio del<a href=\"https:\/\/heraldorojo.org\/2023\/10\/29\/panama-contra-la-venta-del-pais\/\">&nbsp;20 de octubre<\/a>&nbsp;del gobierno de Panam\u00e1, donde se le conced\u00eda una moratoria de 20 a\u00f1os a la empresa canadiense First Quantum Minerals (FQM), el pueblo de Panam\u00e1 sali\u00f3 a las calles mostrando su rechazo, lo que provoc\u00f3 cortes de carreteras, con respectivos cortes de suministros y alimentos, y p\u00e9rdidas econ\u00f3micas importante, y, sobre todo, una situaci\u00f3n que el gobierno de Panam\u00e1 no ha podido controlar. Hemos reportado&nbsp;<a href=\"https:\/\/heraldorojo.org\/2023\/10\/29\/panama-contra-la-venta-del-pais\/\">de forma m\u00e1s extensa<\/a>&nbsp;sobre las manifestaciones previas.<\/p>\n\n\n\n<p class=\"has-black-color has-text-color\">Desde el gobierno de Panam\u00e1, dirigido por Laurentino Cortizo, han intentado detener a los manifestantes contra la empresa minera, que exigen una cesi\u00f3n inminente de la miner\u00eda en el pa\u00eds. Mediante a represi\u00f3n policial, que ha estado presente en todas las manifestaciones, en total m\u00e1s de&nbsp;<a href=\"https:\/\/www.globovision.com\/internacional\/13135\/judicializan-a-562-personas-por-vandalismo-en-medio-de-protestas-por-concesion-minera-en-panama\">562 personas<\/a>&nbsp;han sido procesadas por vandalismo como un vago intento de detener la lucha popular.<\/p>\n\n\n\n<p class=\"has-black-color has-text-color\">El domingo 29 de octubre, el presidente ha dado un nuevo paso en su intento por parar las protestas populares y ha anunciado una<a href=\"https:\/\/www.cope.es\/actualidad\/espana\/noticias\/panama--presidente-panama-anuncia-referendum-para-decidir-deroga-ley-contrato-minero-20231030_2974065\">&nbsp;votaci\u00f3n para mantener o derogar la Ley 406<\/a>. \u00c9sta es la ley firmada el pasado lunes, y \u00fanicamente trata sobre el contrato de explotaci\u00f3n de la mina entre el Estado de Panam\u00e1 y la empresa extranjera FQM. Seg\u00fan el Laurentino Cortizo, el 17 de diciembre de este mismo a\u00f1o habr\u00e1 una votaci\u00f3n popular para decidir a cerca de la continuaci\u00f3n de la ley. Cortizo, no duda en aclarar que \u201ccuyo resultado ser\u00e1 de obligatorio cumplimiento\u201d.<\/p>\n\n\n\n<p class=\"has-black-color has-text-color\">Sin embargo, se han visto en m\u00faltiples ocasiones como la ley burguesa nunca es respetada si no sirve a los intereses imperialistas. Sin ir m\u00e1s lejos, la propia primera concesi\u00f3n con la empresa FQM fue declarada como<a href=\"https:\/\/news.mongabay.com\/2023\/09\/panama-protests-to-protect-ecosystems-and-canal-against-pending-mining-deal\/\">&nbsp;<\/a><a href=\"https:\/\/news.mongabay.com\/2023\/09\/panama-protests-to-protect-ecosystems-and-canal-against-pending-mining-deal\/\">inconstitucional<\/a>&nbsp;por parte del Tribunal Supremo. Esta empresa llevaba trabajando en la mina, la m\u00e1s importante de Centro Am\u00e9rica y que supone entre el 4% y el 5% del PIB anual de Panam\u00e1, y \u201cs\u00f3lo\u201d se tardaron casi dos d\u00e9cadas en comprobar su legitimidad.<\/p>\n\n\n\n<p class=\"has-black-color has-text-color\">Sin embargo, el Estado de Panam\u00e1 sabe que no puede renunciar a este contrato tan f\u00e1cilmente. Y aunque ahora haga promesas de respetar la democracia y dejar al pueblo elegir el contrato firmado con la empresa, mostraba&nbsp;<a href=\"https:\/\/www.bloomberglinea.com\/2023\/03\/02\/mina-de-cobre-panama-una-multimillonaria-inversion-con-quejas-ambientales-y-deficiente-supervision\/\">c\u00f3mo vend\u00eda el pa\u00eds&nbsp;<\/a><a href=\"https:\/\/www.bloomberglinea.com\/2023\/03\/02\/mina-de-cobre-panama-una-multimillonaria-inversion-con-quejas-ambientales-y-deficiente-supervision\/\"><u>a<\/u><\/a><a href=\"https:\/\/www.bloomberglinea.com\/2023\/03\/02\/mina-de-cobre-panama-una-multimillonaria-inversion-con-quejas-ambientales-y-deficiente-supervision\/\">&nbsp;empresas extranjeras<\/a>. En el contrato se inclu\u00edan cesiones y capacidad de extraer minerales en zonas fuera de la demarcada o la potestad de FQM de avalar a otras empresas par explorar otros minerales y solicitarl posteriormente al Estado su extracci\u00f3n, entre otras.<\/p>\n\n\n\n<p class=\"has-black-color has-text-color\">Ante los falsos dem\u00f3cratas que venden la tierra a empresas monopolistas, el pueblo de Panam\u00e1 contin\u00faa luchando<a href=\"https:\/\/www.ecotvpanama.com\/nacionales\/panama-convoca-nuevas-protestas-pese-llamado-referendum-n5937105\">&nbsp;durante m\u00e1s de una semana<\/a>. Las instituciones burguesas ahora tratan de calmar los \u00e1nimos y desarticular la lucha, pero el pueblo no olvida y no se deja enga\u00f1ar dos veces de la misma manera.<\/p>\n","protected":false},"excerpt":{"rendered":"<p>Compartimos este articulo encontrado en el Heraldo Rojo frente a las protestas masivas del pueblo en Panam\u00e1 Tras el anuncio del&nbsp;20 de octubre&nbsp;del gobierno de Panam\u00e1, donde se le conced\u00eda una moratoria de 20 a\u00f1os a la empresa canadiense First Quantum Minerals (FQM), el pueblo de Panam\u00e1 sali\u00f3 a las calles mostrando su rechazo, lo [&hellip;]<\/p>\n","protected":false},"author":1,"featured_media":25793,"comment_status":"open","ping_status":"open","sticky":false,"template":"","format":"standard","meta":{"footnotes":""},"categories":[16,116,31],"tags":[],"class_list":["post-25792","post","type-post","status-publish","format-standard","has-post-thumbnail","hentry","category-carrusel","category-imperialismo","category-internacional"],"blocksy_meta":[],"_links":{"self":[{"href":"https:\/\/nuevademocracia.com.co\/index.php?rest_route=\/wp\/v2\/posts\/25792","targetHints":{"allow":["GET"]}}],"collection":[{"href":"https:\/\/nuevademocracia.com.co\/index.php?rest_route=\/wp\/v2\/posts"}],"about":[{"href":"https:\/\/nuevademocracia.com.co\/index.php?rest_route=\/wp\/v2\/types\/post"}],"author":[{"embeddable":true,"href":"https:\/\/nuevademocracia.com.co\/index.php?rest_route=\/wp\/v2\/users\/1"}],"replies":[{"embeddable":true,"href":"https:\/\/nuevademocracia.com.co\/index.php?rest_route=%2Fwp%2Fv2%2Fcomments&post=25792"}],"version-history":[{"count":1,"href":"https:\/\/nuevademocracia.com.co\/index.php?rest_route=\/wp\/v2\/posts\/25792\/revisions"}],"predecessor-version":[{"id":25794,"href":"https:\/\/nuevademocracia.com.co\/index.php?rest_route=\/wp\/v2\/posts\/25792\/revisions\/25794"}],"wp:featuredmedia":[{"embeddable":true,"href":"https:\/\/nuevademocracia.com.co\/index.php?rest_route=\/wp\/v2\/media\/25793"}],"wp:attachment":[{"href":"https:\/\/nuevademocracia.com.co\/index.php?rest_route=%2Fwp%2Fv2%2Fmedia&parent=25792"}],"wp:term":[{"taxonomy":"category","embeddable":true,"href":"https:\/\/nuevademocracia.com.co\/index.php?rest_route=%2Fwp%2Fv2%2Fcategories&post=25792"},{"taxonomy":"post_tag","embeddable":true,"href":"https:\/\/nuevademocracia.com.co\/index.php?rest_route=%2Fwp%2Fv2%2Ftags&post=25792"}],"curies":[{"name":"wp","href":"https:\/\/api.w.org\/{rel}","templated":true}]}}