{"id":25796,"date":"2023-11-04T10:27:51","date_gmt":"2023-11-04T15:27:51","guid":{"rendered":"https:\/\/nuevademocracia.com.co\/?p=25796"},"modified":"2024-07-10T13:36:55","modified_gmt":"2024-07-10T18:36:55","slug":"algunos-poemas-sobre-la-resistencia-del-pueblo-palestino","status":"publish","type":"post","link":"https:\/\/nuevademocracia.com.co\/?p=25796","title":{"rendered":"Algunos poemas sobre la resistencia del pueblo palestino"},"content":{"rendered":"\n<figure class=\"wp-block-image aligncenter size-full\"><img loading=\"lazy\" decoding=\"async\" width=\"727\" height=\"638\" src=\"https:\/\/nuevademocracia.com.co\/wp-content\/uploads\/2023\/11\/Imagen1.png\" alt=\"\" class=\"wp-image-25797\" srcset=\"https:\/\/nuevademocracia.com.co\/wp-content\/uploads\/2023\/11\/Imagen1.png 727w, https:\/\/nuevademocracia.com.co\/wp-content\/uploads\/2023\/11\/Imagen1-300x263.png 300w\" sizes=\"auto, (max-width: 727px) 100vw, 727px\" \/><\/figure>\n\n\n\n<p class=\"has-black-color has-text-color\">A continuaci\u00f3n dos poemas de <em>Samih Al Qassim, <\/em>poeta palestino<\/p>\n\n\n\n<p class=\"has-black-color has-text-color\">Mientras me quede&#8230; aliento<\/p>\n\n\n\n<p class=\"has-black-color has-text-color\">Gritar\u00e9 delante del enemigo<\/p>\n\n\n\n<p class=\"has-black-color has-text-color\">Voy a gritar declaraci\u00f3n de guerra<\/p>\n\n\n\n<p class=\"has-black-color has-text-color\">En nombre de los hombres libres<\/p>\n\n\n\n<p class=\"has-black-color has-text-color\">obreros, estudiantes, poetas<\/p>\n\n\n\n<p class=\"has-black-color has-text-color\">Voy a gritar&#8230; y que los par\u00e1sitos<\/p>\n\n\n\n<p class=\"has-black-color has-text-color\">Y los enemigos del sol<\/p>\n\n\n\n<p class=\"has-black-color has-text-color\">Se harten con el pan de la verg\u00fcenza<\/p>\n\n\n\n<p class=\"has-black-color has-text-color\">Mientras me quede aliento<\/p>\n\n\n\n<p class=\"has-black-color has-text-color\">Y aliento me quedar\u00e1<\/p>\n\n\n\n<p class=\"has-black-color has-text-color\">Mi palabra ser\u00e1 el pan y el alma<\/p>\n\n\n\n<p class=\"has-black-color has-text-color\">entre las manos de los guerrilleros<br><\/p>\n\n\n\n<p class=\"has-black-color has-text-color\"><br><strong><em>Discurso en el mercado de desempleo<\/em><\/strong><\/p>\n\n\n\n<p class=\"has-black-color has-text-color\"><em>Tal vez pierda -si deseares-<\/em><\/p>\n\n\n\n<p class=\"has-black-color has-text-color\"><em>mi medio de subsistencia<\/em><\/p>\n\n\n\n<p class=\"has-black-color has-text-color\"><em>tal vez venda mi ropa y mi colch\u00f3n<\/em><\/p>\n\n\n\n<p class=\"has-black-color has-text-color\"><em>Tal vez trabaje en la cantera&#8230;<\/em><\/p>\n\n\n\n<p class=\"has-black-color has-text-color\"><em>como cargador&#8230; o barrendero<\/em><\/p>\n\n\n\n<p class=\"has-black-color has-text-color\"><em>Tal vez busque granos en el esti\u00e9rcol<\/em><\/p>\n\n\n\n<p class=\"has-black-color has-text-color\"><em>Tal vez est\u00e9 desnudo y hambriento<\/em><\/p>\n\n\n\n<p class=\"has-black-color has-text-color\"><em>Pero no me vender\u00e9<\/em><\/p>\n\n\n\n<p class=\"has-black-color has-text-color\"><em>\u00a1Oh enemigo del sol!<\/em><\/p>\n\n\n\n<p class=\"has-black-color has-text-color\"><em>Y hasta el \u00faltimo latido de mis venas<\/em><\/p>\n\n\n\n<p class=\"has-black-color has-text-color\"><em>Resistir\u00e9<\/em><\/p>\n\n\n\n<p class=\"has-black-color has-text-color\"><em>Tal vez me despojes de la \u00faltima pulgada de mi tierra<\/em><\/p>\n\n\n\n<p class=\"has-black-color has-text-color\"><em>Tal vez encarceles mi juventud<\/em><\/p>\n\n\n\n<p class=\"has-black-color has-text-color\"><em>Tal vez me robes la herencia de mis antepasados<\/em><\/p>\n\n\n\n<p class=\"has-black-color has-text-color\"><em>Muebles&#8230; Utensilios y jarras<\/em><\/p>\n\n\n\n<p class=\"has-black-color has-text-color\"><em>Tal vez quemes mis poemas y mis libros<\/em><\/p>\n\n\n\n<p class=\"has-black-color has-text-color\"><em>Tal vez arrojes mi cuerpo a los perros<\/em><\/p>\n\n\n\n<p class=\"has-black-color has-text-color\"><em>Tal vez levantes espantos de terror sobre nuestra aldea<\/em><\/p>\n\n\n\n<p class=\"has-black-color has-text-color\"><em>Pero no me vender\u00e9 \u00a1Oh enemigo del sol<\/em><\/p>\n\n\n\n<p class=\"has-black-color has-text-color\"><em>Y hasta el \u00faltimo latido de mis venas<\/em><\/p>\n\n\n\n<p class=\"has-black-color has-text-color\"><em>Resistir\u00e9<\/em><\/p>\n\n\n\n<p class=\"has-black-color has-text-color\"><em>Tal vez apagar\u00e1s todas las luces en mi noche<\/em><\/p>\n\n\n\n<p class=\"has-black-color has-text-color\"><em>Tal vez me prives de la ternura de mi madre<\/em><\/p>\n\n\n\n<p class=\"has-black-color has-text-color\"><em>Tal vez falsifiques mi historia<\/em><\/p>\n\n\n\n<p class=\"has-black-color has-text-color\"><em>Tal vez te pongas m\u00e1scaras para enga\u00f1ar a mis amigos<\/em><\/p>\n\n\n\n<p class=\"has-black-color has-text-color\"><em>Tal vez levantes muros y murallas a mi alrededor<\/em><\/p>\n\n\n\n<p class=\"has-black-color has-text-color\"><em>Tal vez me crucifiques un d\u00eda frente a espect\u00e1culos indignos<\/em><\/p>\n\n\n\n<p class=\"has-black-color has-text-color\"><em>Pero no me vender\u00e9<\/em><\/p>\n\n\n\n<p class=\"has-black-color has-text-color\"><em>\u00a1Oh enemigo del sol!<\/em><\/p>\n\n\n\n<p class=\"has-black-color has-text-color\"><em>Y hasta el \u00faltimo latido de mis venas<\/em><\/p>\n\n\n\n<p class=\"has-black-color has-text-color\"><em>Resistir\u00e9<\/em><\/p>\n\n\n\n<p class=\"has-black-color has-text-color\"><em>\u00a1Oh enemigo del sol!<\/em><\/p>\n\n\n\n<p class=\"has-black-color has-text-color\"><em>El puerto desborda de belleza&#8230; y s\u00edmbolos<\/em><\/p>\n\n\n\n<p class=\"has-black-color has-text-color\"><em>Barcos y alegr\u00edas<\/em><\/p>\n\n\n\n<p class=\"has-black-color has-text-color\"><em>Protestas y manifestaciones<\/em><\/p>\n\n\n\n<p class=\"has-black-color has-text-color\"><em>C\u00e1nticos patri\u00f3ticos, desgarran las gargantas<\/em><\/p>\n\n\n\n<p class=\"has-black-color has-text-color\"><em>Y en el horizonte&#8230; Hay velas<\/em><\/p>\n\n\n\n<p class=\"has-black-color has-text-color\"><em>Que desaf\u00edan el viento&#8230; la tormenta<\/em><\/p>\n\n\n\n<p class=\"has-black-color has-text-color\"><em>y franquean los obst\u00e1culos<\/em><\/p>\n\n\n\n<p class=\"has-black-color has-text-color\"><em>Es el regreso de Ulises<\/em><\/p>\n\n\n\n<p class=\"has-black-color has-text-color\"><em>Del mar de la privaci\u00f3n<\/em><\/p>\n\n\n\n<p class=\"has-black-color has-text-color\"><em>El regreso del sol&#8230;<\/em><\/p>\n\n\n\n<p class=\"has-black-color has-text-color\"><em>De mi pueblo exiliado<\/em><\/p>\n\n\n\n<p class=\"has-black-color has-text-color\"><em>Y para sus ojos<\/em><\/p>\n\n\n\n<p class=\"has-black-color has-text-color\"><em>\u00a1Oh enemigo del sol<\/em><\/p>\n\n\n\n<p class=\"has-black-color has-text-color\"><em>Juro que no me vender\u00e9<\/em><\/p>\n\n\n\n<p class=\"has-black-color has-text-color\"><em>Y hasta el \u00faltimo latido de mis venas<\/em><\/p>\n\n\n\n<p class=\"has-black-color has-text-color\"><em>Resistir\u00e9<\/em><\/p>\n\n\n\n<p class=\"has-black-color has-text-color\">Las siguientes palabras fueron encontradas en el diario del guerrillero Mazin Abu Ghazzalah, que particip\u00f3 en una acci\u00f3n de resistencia palestina el 30 de septiembre de 1967. Despu\u00e9s de resistir durante tres d\u00edas, Mazin logr\u00f3 cubrir la retirada de sus camaradas y sus municiones se agotaron. Rodeado de varios soldados, hizo estallar dos granadas en sus manos, muriendo mientras mataba a sus enemigos.<\/p>\n\n\n\n<p class=\"has-black-color has-text-color\"><em>Oh pueblo m\u00edo, oh patria m\u00eda,<\/em><\/p>\n\n\n\n<p class=\"has-black-color has-text-color\"><em>\u00bfqu\u00e9 puedo escribir y a qui\u00e9n?<\/em><\/p>\n\n\n\n<p class=\"has-black-color has-text-color\"><em>Espero no tener que escribir<\/em><\/p>\n\n\n\n<p class=\"has-black-color has-text-color\"><em>hasta la carta de victoria.<\/em><\/p>\n\n\n\n<p class=\"has-black-color has-text-color\"><em>\u00a1Silbad balas y callad l\u00e1piz!\u00bb<\/em><\/p>\n\n\n\n<p class=\"has-black-color has-text-color\"><em>En el auge de la aflicci\u00f3n<\/em><\/p>\n\n\n\n<p class=\"has-black-color has-text-color\"><em>Una luz divina iluminaba<\/em><\/p>\n\n\n\n<p class=\"has-black-color has-text-color\"><em>cada pliegue de su coraz\u00f3n<\/em><\/p>\n\n\n\n<p class=\"has-black-color has-text-color\"><em>y se encendieron brasas en sus ojos<\/em><\/p>\n\n\n\n<p class=\"has-black-color has-text-color\"><em>Cerr\u00f3 su diario Mazin,<\/em><\/p>\n\n\n\n<p class=\"has-black-color has-text-color\"><em>el gran valiente se irgui\u00f3<\/em><\/p>\n\n\n\n<p class=\"has-black-color has-text-color\"><em>Llevando el peso de su amor<\/em><\/p>\n\n\n\n<p class=\"has-black-color has-text-color\"><em>los dolores de su tierra y de su pueblo<\/em><\/p>\n\n\n\n<p class=\"has-black-color has-text-color\"><em>Y los fragmentos astillados de esperanza<\/em><\/p>\n\n\n\n<p class=\"has-black-color has-text-color\">As\u00ed escribi\u00f3 la poeta Fadwa Tuqan sobre Mazin.<\/p>\n","protected":false},"excerpt":{"rendered":"<p>A continuaci\u00f3n dos poemas de Samih Al Qassim, poeta palestino Mientras me quede&#8230; aliento Gritar\u00e9 delante del enemigo Voy a gritar declaraci\u00f3n de guerra En nombre de los hombres libres obreros, estudiantes, poetas Voy a gritar&#8230; y que los par\u00e1sitos Y los enemigos del sol Se harten con el pan de la verg\u00fcenza Mientras me [&hellip;]<\/p>\n","protected":false},"author":1,"featured_media":25797,"comment_status":"open","ping_status":"open","sticky":false,"template":"","format":"standard","meta":{"footnotes":""},"categories":[16,134,135],"tags":[130],"class_list":["post-25796","post","type-post","status-publish","format-standard","has-post-thumbnail","hentry","category-carrusel","category-nueva-cultura","category-resistencia-palestina","tag-nueva-cultura"],"blocksy_meta":[],"_links":{"self":[{"href":"https:\/\/nuevademocracia.com.co\/index.php?rest_route=\/wp\/v2\/posts\/25796","targetHints":{"allow":["GET"]}}],"collection":[{"href":"https:\/\/nuevademocracia.com.co\/index.php?rest_route=\/wp\/v2\/posts"}],"about":[{"href":"https:\/\/nuevademocracia.com.co\/index.php?rest_route=\/wp\/v2\/types\/post"}],"author":[{"embeddable":true,"href":"https:\/\/nuevademocracia.com.co\/index.php?rest_route=\/wp\/v2\/users\/1"}],"replies":[{"embeddable":true,"href":"https:\/\/nuevademocracia.com.co\/index.php?rest_route=%2Fwp%2Fv2%2Fcomments&post=25796"}],"version-history":[{"count":1,"href":"https:\/\/nuevademocracia.com.co\/index.php?rest_route=\/wp\/v2\/posts\/25796\/revisions"}],"predecessor-version":[{"id":25798,"href":"https:\/\/nuevademocracia.com.co\/index.php?rest_route=\/wp\/v2\/posts\/25796\/revisions\/25798"}],"wp:featuredmedia":[{"embeddable":true,"href":"https:\/\/nuevademocracia.com.co\/index.php?rest_route=\/wp\/v2\/media\/25797"}],"wp:attachment":[{"href":"https:\/\/nuevademocracia.com.co\/index.php?rest_route=%2Fwp%2Fv2%2Fmedia&parent=25796"}],"wp:term":[{"taxonomy":"category","embeddable":true,"href":"https:\/\/nuevademocracia.com.co\/index.php?rest_route=%2Fwp%2Fv2%2Fcategories&post=25796"},{"taxonomy":"post_tag","embeddable":true,"href":"https:\/\/nuevademocracia.com.co\/index.php?rest_route=%2Fwp%2Fv2%2Ftags&post=25796"}],"curies":[{"name":"wp","href":"https:\/\/api.w.org\/{rel}","templated":true}]}}