{"id":25799,"date":"2023-11-04T10:34:51","date_gmt":"2023-11-04T15:34:51","guid":{"rendered":"https:\/\/nuevademocracia.com.co\/?p=25799"},"modified":"2024-07-10T13:36:31","modified_gmt":"2024-07-10T18:36:31","slug":"georges-abdallah-luchador-por-la-liberacion-nacional-palestina","status":"publish","type":"post","link":"https:\/\/nuevademocracia.com.co\/?p=25799","title":{"rendered":"Georges Abdallah, luchador por la liberaci\u00f3n nacional palestina"},"content":{"rendered":"\n<figure class=\"wp-block-image aligncenter size-full\"><img loading=\"lazy\" decoding=\"async\" width=\"684\" height=\"480\" src=\"https:\/\/nuevademocracia.com.co\/wp-content\/uploads\/2023\/11\/image-5.png\" alt=\"\" class=\"wp-image-25801\" srcset=\"https:\/\/nuevademocracia.com.co\/wp-content\/uploads\/2023\/11\/image-5.png 684w, https:\/\/nuevademocracia.com.co\/wp-content\/uploads\/2023\/11\/image-5-300x211.png 300w\" sizes=\"auto, (max-width: 684px) 100vw, 684px\" \/><figcaption class=\"wp-element-caption\"><mark style=\"background-color:rgba(0, 0, 0, 0)\" class=\"has-inline-color has-black-color\">Foto: An\u00e1lisis PCOE<\/mark><\/figcaption><\/figure>\n\n\n\n<p class=\"has-black-color has-text-color\"><em>A prop\u00f3sito de la lucha palestina y su resistencia nacional queremos compartir un fragmento de un Art\u00edculo encontrado en el medio popular y democratico Jornal A Nova Democracia y adem\u00e1s compartir una traducci\u00f3n no oficial de Georges Abdallah escrita en el 2020:<\/em><\/p>\n\n\n\n<p class=\"has-black-color has-text-color\">Georges Abdallah es un prisionero pol\u00edtico liban\u00e9s, luchador contra la ocupaci\u00f3n de Palestina, detenido por el Estado imperialista franc\u00e9s desde 1984. Con base en pruebas falsas, de manera conocida y probada, y en presiones pol\u00edticas y diplom\u00e1ticas manipuladas por los imperialistas de Francia y Estados Unidos (EE.UU.), Georges Abdallah fue condenado a cadena perpetua. Su compromiso comunista, antiimperialista y revolucionario le llev\u00f3 a ser odiado por la reacci\u00f3n francesa.<\/p>\n\n\n\n<p class=\"has-black-color has-text-color\">En su juventud, Abdallah se uni\u00f3 a las Facciones Armadas Revolucionarias Libanesas (LARF) cuando el grupo se form\u00f3 tras la interrupci\u00f3n del Frente Popular para la Liberaci\u00f3n de Palestina \u2013 Operaciones Exteriores. Se convirti\u00f3, durante el curso de la lucha, en l\u00edder de la organizaci\u00f3n y dirigi\u00f3 sus operaciones en Francia.<br>Fue condenado, mediante pruebas falsas implantadas por la reacci\u00f3n, por el asesinato del teniente coronel yanqui Charles R. Ray, quien era agregado militar adjunto de Estados Unidos, y por el asesinato del diplom\u00e1tico israel\u00ed Yaakov Bar-Simantov en Par\u00eds, en 1982, como as\u00ed como por su \u201cparticipaci\u00f3n\u201d en el intento de asesinato del ex c\u00f3nsul estadounidense en Estrasburgo, Robert O. Homme, en 1984. Seg\u00fan los informes, se encontr\u00f3 un arma en su apartamento durante una operaci\u00f3n policial.<br>Todo esto tiene contexto despu\u00e9s de la Guerra del L\u00edbano de 1982, cuando las tropas israel\u00edes invadieron el sur del L\u00edbano en su campa\u00f1a expansionista.<br>Durante sus largos a\u00f1os de detenci\u00f3n, Georges Abdallah nunca renunci\u00f3 a sus ideales y siempre se opuso a la ocupaci\u00f3n de Palestina en particular. Apoya las luchas revolucionarias en todo el mundo y muestra una gran solidaridad con las luchas de masas, como con los levantamientos contra la violencia policial en Francia.<br>Adem\u00e1s, en sus repetidas manifestaciones p\u00fablicas como preso pol\u00edtico siempre reafirm\u00f3 que su liberaci\u00f3n se producir\u00eda mediante una lucha pol\u00edtica, y no como una simple maniobra administrativa o legal.<\/p>\n\n\n\n<figure class=\"wp-block-image aligncenter size-large is-resized\"><img loading=\"lazy\" decoding=\"async\" width=\"768\" height=\"1024\" src=\"https:\/\/nuevademocracia.com.co\/wp-content\/uploads\/2023\/11\/image-6-768x1024.png\" alt=\"\" class=\"wp-image-25802\" style=\"aspect-ratio:0.75;width:591px;height:auto\" srcset=\"https:\/\/nuevademocracia.com.co\/wp-content\/uploads\/2023\/11\/image-6-768x1024.png 768w, https:\/\/nuevademocracia.com.co\/wp-content\/uploads\/2023\/11\/image-6-225x300.png 225w, https:\/\/nuevademocracia.com.co\/wp-content\/uploads\/2023\/11\/image-6.png 864w\" sizes=\"auto, (max-width: 768px) 100vw, 768px\" \/><figcaption class=\"wp-element-caption\">Foto: Sol Rojo<\/figcaption><\/figure>\n\n\n\n<p class=\"has-black-color has-text-color\"><strong>Declaraci\u00f3n de Georges Abdallah<\/strong><\/p>\n\n\n\n<p class=\"has-black-color has-text-color\">Queridos amigos, queridos camaradas<\/p>\n\n\n\n<p class=\"has-black-color has-text-color\">En condiciones particularmente dif\u00edciles, las masas populares palestinas y su revolucionaria vanguardia han luchado incansablemente desde finales de los a\u00f1os sesenta. El surgimiento y la afirmaci\u00f3n de la revoluci\u00f3n palestina contempor\u00e1nea despu\u00e9s de la derrota de la burgues\u00eda \u00e1rabe y sus diversos reg\u00edmenes en 1967 ciertamente despertaron el entusiasmo de las masas populares y las fuerzas vivas en el mundo \u00e1rabe, especialmente en Maxerreque (Levante) &#8230; Sin embargo, los reaccionarios de todos los tipos nunca quisieron, y no pueden querer cohabitar con esta chimenea revolucionaria en esta regi\u00f3n y de alguna manera respaldar una verdadera resistencia al estado sionista que, por cierto, no es simplemente un instrumento entre muchos otros al servicio del imperialismo para el saqueo y la dominaci\u00f3n de la regi\u00f3n. De hecho, es una extensi\u00f3n org\u00e1nica del imperialismo occidental. Es por eso que la lucha del pueblo palestino asume una tarea mucho m\u00e1s complicada en la regi\u00f3n que cualquier otra lucha por la liberaci\u00f3n nacional contra el colonialismo tradicional &#8230;<\/p>\n\n\n\n<p class=\"has-black-color has-text-color\">Desde principios de los a\u00f1os 70, la liquidaci\u00f3n de la Revoluci\u00f3n Palestina ha estado en la agenda de las fuerzas imperialistas y de sus partidarios regionales reaccionarios. Las guerras y las masacres han sucedido desde entonces y las masas populares las han enfrentado con los medios y capacidades disponibles &#8230; aunque la revoluci\u00f3n se dividi\u00f3 (todav\u00eda est\u00e1 hoy) entre dos polos: uno que busca negociaciones y concesiones interminables a toda costa y la otra con el enfoque en la resistencia en todas las formas y particularmente en la lucha armada.<\/p>\n\n\n\n<p class=\"has-black-color has-text-color\">Se han trabado inn\u00fameras batallas, en algunas hemos perdido, en algunas hemos vencido, pero en general y, a pesar de todas las p\u00e9rdidas y, a pesar de todos los errores, las masas lograron consolidar ciertas conquistas de las que ninguno hoy puede cuestionar su significado estrat\u00e9gico. El pueblo palestino todav\u00eda est\u00e1 all\u00ed y la causa palestina est\u00e1 m\u00e1s viva que nunca:<\/p>\n\n\n\n<p class=\"has-black-color has-text-color\">una jornada hist\u00f3rica cuyos contornos son trazados por la sangre de los revolucionarios palestinos, la din\u00e1mica perpetuada por el compromiso prematuro de estas flores y otros leones de Palestina, la luz cada vez mayor de esas antorchas de libertad, estos h\u00e9roes resistentes resistentes indomables cautivos en las c\u00e1rceles sionistas &#8230; Todos los d\u00edas, estos afirman su rechazo a los infames acuerdos de Oslo. Quiz\u00e1s sea \u00fatil resaltar que las iniciativas para cualquier negociaci\u00f3n y los costos de las concesiones, lejos de ser insignificantes, se multiplicaron desde el \u00abprograma intermedio\u00bb llamado \u00abPrograma de diez puntos\u201d alrededor de 1974, en el auge de la lucha palestina y luego la Aceptaci\u00f3n de las resoluciones 242 y 338 durante la asignaci\u00f3n del Consejo Nacional en 1988 y, finalmente, Oslo, que no se utiliz\u00f3 para detener la colonizaci\u00f3n y la confiscaci\u00f3n de las tierras palestinas o para evitar la judaizaci\u00f3n cada vez m\u00e1s acelerada de Al-Quds (Al-Quds es el nombre \u00e1rabe de Jerusal\u00e9n)&#8230;<\/p>\n\n\n\n<p class=\"has-black-color has-text-color\">Durante m\u00e1s de 27 a\u00f1os, \u00abellos\u00bb continuaron albergando ilusiones sobre el establecimiento de un \u00abestado verdaderamente soberano\u00bb en menos del 22% de Palestina en medio de un proyecto de colonizaci\u00f3n activa, una colonizaci\u00f3n de asentamientos: las ilusiones de dos \u00abestados\u00bb uno al lado de otro como viejos vecinos que llegaron a un terreno, las ilusiones de la capacidad del Estado&nbsp; sionista(en la versi\u00f3n original se refieren a entidad en vez de estado cuando hablan de Israel) de existir simplemente en tiempos de paz y establecer otras relaciones con la regi\u00f3n (y no solo con el pueblo palestino) que no los reflejen los intereses de esta \u00abextensi\u00f3n org\u00e1nica del imperialismo\u00bb .<\/p>\n\n\n\n<p class=\"has-black-color has-text-color\">Desde 1993, las masas palestinas se han visto obligadas a soportar masacres horribles, un cerco genocida y la detenci\u00f3n de ni\u00f1os y familias enteras, sin mencionar la demolici\u00f3n de casas y otras propiedades, porque un estrato de adquisiciones pudo ver sus intereses florecer al final del t\u00fanel fantaseado !!!<\/p>\n\n\n\n<p class=\"has-black-color has-text-color\">Ciertamente, no es un asunto menor abandonar los pantanos de Oslo nuevamente, ya que los instrumentos de represi\u00f3n est\u00e1n esencialmente vinculados a los mecanismos de la contrarrevoluci\u00f3n al servicio del ocupante sionista.<\/p>\n\n\n\n<p class=\"has-black-color has-text-color\">El pueblo palestino y su vanguardias de combate han acumulado a lo largo de su jornada de lucha existencial lo necesario para enfrentar el desaf\u00edo y continuar la lucha hasta la victoria. Las fuerzas de resistencia en la regi\u00f3n son tan poderosas que uno puede decir con confianza y sin alarde: la victoria es m\u00e1s que nunca al orden del d\u00eda. Naturalmente las masas y sus combatientes de vanguardia en cautiverio pueden contar con su solidaridad activa.<\/p>\n\n\n\n<p class=\"has-black-color has-text-color\">\u00a1Que mil iniciativas de solidaridad florezcan a favor de Palestina y su gloriosa resistencia!<\/p>\n\n\n\n<p class=\"has-black-color has-text-color\">\u00a1Solidaridad, toda solidaridad con los combatientes de la resistencia en las c\u00e1rceles sionistas y en las c\u00e9lulas de aislamiento en Marruecos, Turqu\u00eda, Grecia y Filipinas y en otras partes del mundo!<\/p>\n\n\n\n<p class=\"has-black-color has-text-color\">\u00a1Solidaridad, toda solidaridad con los j\u00f3venes proletarios de los distritos de obreros!<\/p>\n\n\n\n<p class=\"has-black-color has-text-color\">\u00a1Solidaridad, toda solidaridad con el pueblo yemen\u00ed!<\/p>\n\n\n\n<p class=\"has-black-color has-text-color\">\u00a1Honor para los m\u00e1rtires y las masas populares en la lucha!<\/p>\n\n\n\n<p class=\"has-black-color has-text-color\">\u00a1Abajo el imperialismo y sus gendarmes sionistas y otros reaccionarios \u00e1rabes!<\/p>\n\n\n\n<p class=\"has-black-color has-text-color\">\u00a1El capitalismo no es m\u00e1s que barbarie, honra a todos los que se oponen en el en la diversidad de sus expresiones!<\/p>\n\n\n\n<p class=\"has-black-color has-text-color\">Juntos camaradas y solamente juntos es que venceremos<\/p>\n\n\n\n<p class=\"has-black-color has-text-color\">A todos los camaradas y amigos, mis calurosos saludos revolucionarios<\/p>\n\n\n\n<p class=\"has-black-color has-text-color\">Su camarada George Abdallah<\/p>\n\n\n\n<p class=\"has-black-color has-text-color\">Lannemezan 27 de junio de 2020<\/p>\n\n\n\n<p><\/p>\n","protected":false},"excerpt":{"rendered":"<p>A prop\u00f3sito de la lucha palestina y su resistencia nacional queremos compartir un fragmento de un Art\u00edculo encontrado en el medio popular y democratico Jornal A Nova Democracia y adem\u00e1s compartir una traducci\u00f3n no oficial de Georges Abdallah escrita en el 2020: Georges Abdallah es un prisionero pol\u00edtico liban\u00e9s, luchador contra la ocupaci\u00f3n de Palestina, [&hellip;]<\/p>\n","protected":false},"author":1,"featured_media":25801,"comment_status":"open","ping_status":"open","sticky":false,"template":"","format":"standard","meta":{"footnotes":""},"categories":[16,116,31,135],"tags":[105],"class_list":["post-25799","post","type-post","status-publish","format-standard","has-post-thumbnail","hentry","category-carrusel","category-imperialismo","category-internacional","category-resistencia-palestina","tag-resistencia-palestina"],"blocksy_meta":[],"_links":{"self":[{"href":"https:\/\/nuevademocracia.com.co\/index.php?rest_route=\/wp\/v2\/posts\/25799","targetHints":{"allow":["GET"]}}],"collection":[{"href":"https:\/\/nuevademocracia.com.co\/index.php?rest_route=\/wp\/v2\/posts"}],"about":[{"href":"https:\/\/nuevademocracia.com.co\/index.php?rest_route=\/wp\/v2\/types\/post"}],"author":[{"embeddable":true,"href":"https:\/\/nuevademocracia.com.co\/index.php?rest_route=\/wp\/v2\/users\/1"}],"replies":[{"embeddable":true,"href":"https:\/\/nuevademocracia.com.co\/index.php?rest_route=%2Fwp%2Fv2%2Fcomments&post=25799"}],"version-history":[{"count":3,"href":"https:\/\/nuevademocracia.com.co\/index.php?rest_route=\/wp\/v2\/posts\/25799\/revisions"}],"predecessor-version":[{"id":25804,"href":"https:\/\/nuevademocracia.com.co\/index.php?rest_route=\/wp\/v2\/posts\/25799\/revisions\/25804"}],"wp:featuredmedia":[{"embeddable":true,"href":"https:\/\/nuevademocracia.com.co\/index.php?rest_route=\/wp\/v2\/media\/25801"}],"wp:attachment":[{"href":"https:\/\/nuevademocracia.com.co\/index.php?rest_route=%2Fwp%2Fv2%2Fmedia&parent=25799"}],"wp:term":[{"taxonomy":"category","embeddable":true,"href":"https:\/\/nuevademocracia.com.co\/index.php?rest_route=%2Fwp%2Fv2%2Fcategories&post=25799"},{"taxonomy":"post_tag","embeddable":true,"href":"https:\/\/nuevademocracia.com.co\/index.php?rest_route=%2Fwp%2Fv2%2Ftags&post=25799"}],"curies":[{"name":"wp","href":"https:\/\/api.w.org\/{rel}","templated":true}]}}