{"id":25813,"date":"2023-11-07T13:01:02","date_gmt":"2023-11-07T18:01:02","guid":{"rendered":"https:\/\/nuevademocracia.com.co\/?p=25813"},"modified":"2024-07-10T13:36:18","modified_gmt":"2024-07-10T18:36:18","slug":"accion-global-contra-el-genocidio-palestino","status":"publish","type":"post","link":"https:\/\/nuevademocracia.com.co\/?p=25813","title":{"rendered":"Acci\u00f3n global contra el genocidio palestino"},"content":{"rendered":"\n<figure class=\"wp-block-image size-large\"><img loading=\"lazy\" decoding=\"async\" width=\"911\" height=\"512\" src=\"https:\/\/nuevademocracia.com.co\/wp-content\/uploads\/2023\/11\/image-8-edited.png\" alt=\"\" class=\"wp-image-25818\" srcset=\"https:\/\/nuevademocracia.com.co\/wp-content\/uploads\/2023\/11\/image-8-edited.png 911w, https:\/\/nuevademocracia.com.co\/wp-content\/uploads\/2023\/11\/image-8-edited-300x169.png 300w, https:\/\/nuevademocracia.com.co\/wp-content\/uploads\/2023\/11\/image-8-edited-768x432.png 768w\" sizes=\"auto, (max-width: 911px) 100vw, 911px\" \/><\/figure>\n\n\n\n<p class=\"has-black-color has-text-color\">El pasado 4 de noviembre se realiz\u00f3 un evento en Medell\u00edn convocado como \u201cacci\u00f3n global contra el genocidio palestino\u201d. La actividad comenz\u00f3 en horas de la tarde y tuvo una asistencia de aproximadamente 100 personas, la acci\u00f3n sobre palestina con mayor numero de personas en esta ciudad desde la contraofensiva lanzada por la resistencia palestina el 7 de octubre.<\/p>\n\n\n\n<p class=\"has-black-color has-text-color\">Decenas de banderas palestinas levantadas clamaban consignas contra el imperialismo yanqui, el Estado sionista de Israel y en reivindicaci\u00f3n de la justa resistencia nacional palestina. Se realizo una peque\u00f1a marcha alrededor del lugar donde se repartieron volantes explicando al pueblo el contexto de la agresi\u00f3n a palestina y se pegaron carteles con la frase \u201cPalestina Resiste, Palestina Vencer\u00e1\u201d.<\/p>\n\n\n\n<figure class=\"wp-block-image size-full\"><img loading=\"lazy\" decoding=\"async\" width=\"877\" height=\"576\" src=\"https:\/\/nuevademocracia.com.co\/wp-content\/uploads\/2023\/11\/image-9.png\" alt=\"\" class=\"wp-image-25817\" srcset=\"https:\/\/nuevademocracia.com.co\/wp-content\/uploads\/2023\/11\/image-9.png 877w, https:\/\/nuevademocracia.com.co\/wp-content\/uploads\/2023\/11\/image-9-300x197.png 300w, https:\/\/nuevademocracia.com.co\/wp-content\/uploads\/2023\/11\/image-9-768x504.png 768w\" sizes=\"auto, (max-width: 877px) 100vw, 877px\" \/><\/figure>\n\n\n\n<figure class=\"wp-block-image size-full\"><img loading=\"lazy\" decoding=\"async\" width=\"847\" height=\"553\" src=\"https:\/\/nuevademocracia.com.co\/wp-content\/uploads\/2023\/11\/image-10.png\" alt=\"\" class=\"wp-image-25820\" srcset=\"https:\/\/nuevademocracia.com.co\/wp-content\/uploads\/2023\/11\/image-10.png 847w, https:\/\/nuevademocracia.com.co\/wp-content\/uploads\/2023\/11\/image-10-300x196.png 300w, https:\/\/nuevademocracia.com.co\/wp-content\/uploads\/2023\/11\/image-10-768x501.png 768w\" sizes=\"auto, (max-width: 847px) 100vw, 847px\" \/><\/figure>\n\n\n\n<p class=\"has-black-color has-text-color\">El evento cont\u00f3 con la participaci\u00f3n de simpatizantes de la resistencia Palestina y varios migrantes \u00e1rabes y palestinos que nos brindaron una entrevista. Aqu\u00ed dejamos algunos fragmentos de la entrevista:<\/p>\n\n\n\n<p class=\"has-black-color has-text-color\">Entrevistado 1.<\/p>\n\n\n\n<ul class=\"wp-block-list\">\n<li><mark style=\"background-color:rgba(0, 0, 0, 0)\" class=\"has-inline-color has-black-color\">Un mensaje para la resistencia Palestina<\/mark><\/li>\n<\/ul>\n\n\n\n<p class=\"has-black-color has-text-color\">Es la esperanza la verdad, la resistencia de palestina es la esperanza (\u2026) est\u00e1n levantando la voz de los palestinos en gaza y Cisjordania. Hay una causa aqu\u00ed que todo el mundo debe escuchar y deben hacer algo para terminar la ocupaci\u00f3n de esas tierras desde hace 75 a\u00f1os. Apoyamos la resistencia porque sabemos que la propaganda que los sionistas est\u00e1n haciendo en los medios es falsa, sabemos que la resistencia sigue. (\u2026) Y todo lo que est\u00e1n intentando hacer es llegar a liberar su tierra y tambi\u00e9n como yo soy refugiado palestino porque mis abuelos salieron de palestina en 1948 hasta ahora no puedo visitar mi tierra entonces yo tengo ese sue\u00f1o desde hace 31 a\u00f1os, tengo el sue\u00f1o de visitar mi pa\u00eds.<\/p>\n\n\n\n<ul class=\"wp-block-list\">\n<li><mark style=\"background-color:rgba(0, 0, 0, 0)\" class=\"has-inline-color has-black-color\">\u00bfQu\u00e9 significo para ti el 7 de octubre?<\/mark><\/li>\n<\/ul>\n\n\n\n<p class=\"has-black-color has-text-color\">El 7 de octubre es el mejor d\u00eda para m\u00ed, no solo para m\u00ed, yo recuerdo bien que muchas personas en redes sociales publicaron que este es el mejor d\u00eda para toda nuestra generaci\u00f3n y es as\u00ed, la verdad es as\u00ed. (\u2026) est\u00e1bamos viendo todo el tiempo los israelitas matando a los palestinos sin ninguna sanci\u00f3n en el mundo, sin ning\u00fan cuestionamiento, sin hacer nada para pararlos y tambi\u00e9n al mismo tiempo Estados Unidos y todo el mundo Europeo, casi todo el mundo Europeo apoyando a Israel con todo, con la plata, con las armas, sin poner l\u00edmites y al otro lado cuando los palestinos piden sus derechos, no est\u00e1n pidiendo nada m\u00e1s, sus derechos y los marcan como terroristas.<\/p>\n\n\n\n<ul class=\"wp-block-list\">\n<li><mark style=\"background-color:rgba(0, 0, 0, 0)\" class=\"has-inline-color has-black-color\">\u00bfT\u00fa qu\u00e9 opinas de los que dicen que Hamas no es Palestina?<\/mark><\/li>\n<\/ul>\n\n\n\n<p class=\"has-black-color has-text-color\">Te digo algo la \u00faltima elecci\u00f3n que hubo en palestina con los pueblos, con los palestinos, Hamas gano en 2006. No decimos que todo el pueblo es Hamas, en todo el mundo hay partidos pol\u00edticos, hay personas que apoyan otros no pero todo el pueblo palestino apoya la resistencia. Las personas no saben la historia, los palestinos intentaron todas las cosas, aceptaron paz, aceptaron dividir el pa\u00eds en 1993, sabiendo que esto no era justo para los palestinos, dando el 78% de tierra para los israelitas y para los sionistas y solo aceptando 22% solo para llegar a la paz, para que la gente de palestina viva en paz pero no, los sionistas no quieren esto. (\u2026) y ahora cuando los palestinos intentaron levantar su voz para llamar la gente que todo el mundo vea lo que est\u00e1 pasando, la primera cosa que hicieron fue propaganda, marcar terroristas e intentar hacer una limpieza \u00e9tnica genocida contra los palestinos. Tambi\u00e9n decimos algo, verdades hasta ahora estamos al 4 de noviembre, 10.000 personas murieron en gaza pero tambi\u00e9n hasta principio de 2023 m\u00e1s de 230 personas murieron en Cisjordania. \u00bfC\u00f3mo pueden justificar eso entonces?<\/p>\n\n\n\n<figure class=\"wp-block-image size-large\"><img loading=\"lazy\" decoding=\"async\" width=\"1024\" height=\"683\" src=\"https:\/\/nuevademocracia.com.co\/wp-content\/uploads\/2023\/11\/DSC_1148.limpio-1024x683.jpg\" alt=\"\" class=\"wp-image-25821\" srcset=\"https:\/\/nuevademocracia.com.co\/wp-content\/uploads\/2023\/11\/DSC_1148.limpio-1024x683.jpg 1024w, https:\/\/nuevademocracia.com.co\/wp-content\/uploads\/2023\/11\/DSC_1148.limpio-300x200.jpg 300w, https:\/\/nuevademocracia.com.co\/wp-content\/uploads\/2023\/11\/DSC_1148.limpio-768x512.jpg 768w, https:\/\/nuevademocracia.com.co\/wp-content\/uploads\/2023\/11\/DSC_1148.limpio-1536x1024.jpg 1536w, https:\/\/nuevademocracia.com.co\/wp-content\/uploads\/2023\/11\/DSC_1148.limpio-2048x1365.jpg 2048w\" sizes=\"auto, (max-width: 1024px) 100vw, 1024px\" \/><\/figure>\n\n\n\n<p class=\"has-black-color has-text-color\">Entrevistado 2.<\/p>\n\n\n\n<ul class=\"wp-block-list\">\n<li><mark style=\"background-color:rgba(0, 0, 0, 0)\" class=\"has-inline-color has-black-color\">\u00bfQuieres mandar un mensaje frente a la lucha palestina?<\/mark><\/li>\n<\/ul>\n\n\n\n<p class=\"has-black-color has-text-color\">Lo que esta pasando en el mundo ahora no es algo nuevo, es solo que como hay m\u00e1s palestinos que est\u00e1n muriendo; cuando pones a una persona en una c\u00e1rcel por mucho tiempo, no tienen un futuro, no tienen agua, no tienen electricidad, obvio ellos van a tener una resistencia para defender su pa\u00eds. El mundo sabe que si alguien quiere robar tu casa \u00bfTu eres el terrorista o la persona que va a robar tu casa es el terrorista? El mundo tiene que entender esto primero.<\/p>\n\n\n\n<p class=\"has-black-color has-text-color\">Tambi\u00e9n las cosas que pasaron el 7 de octubre no fue un accidente, cuando pones personas en una c\u00e1rcel, ellos van a pelear con mucha fuerza en cualquier momento, estamos cansados del genocidio. Y eso no es nada nuevo, escucho mi gente muriendo todos los d\u00edas, ni\u00f1os, ni\u00f1as, hospitales, este no es el primer hospital destruido. Entonces esto no es nada nuevo, yo confio en Dios, en el karma para despu\u00e9s y creo en mi pa\u00eds y espero despu\u00e9s tener nuestra libertad y nuestros derechos como humanos normales en el mundo.<\/p>\n\n\n\n<ul class=\"wp-block-list\">\n<li><mark style=\"background-color:rgba(0, 0, 0, 0)\" class=\"has-inline-color has-black-color\">\u00bfQu\u00e9 opinas de los que los acusan de terroristas?<\/mark><\/li>\n<\/ul>\n\n\n\n<p class=\"has-black-color has-text-color\">Primero yo no creo en nadie que quiere matar a alguien, cualquier pa\u00eds o un humano que este matando obvio no creo en eso, pero es que es una manera muy mal, pero ya estamos muriendo que vamos hacer ya estamos muriendo, no se que tengo que decir, es que vamos a pelear hasta la muerte eso es lo que quiero decir, vamos a pelear hasta la muerte, no tenemos nada que perder solo nuestros derechos que todav\u00eda no tenemos.<\/p>\n\n\n\n<figure class=\"wp-block-image size-full\"><img loading=\"lazy\" decoding=\"async\" width=\"869\" height=\"583\" src=\"https:\/\/nuevademocracia.com.co\/wp-content\/uploads\/2023\/11\/image-11.png\" alt=\"\" class=\"wp-image-25822\" srcset=\"https:\/\/nuevademocracia.com.co\/wp-content\/uploads\/2023\/11\/image-11.png 869w, https:\/\/nuevademocracia.com.co\/wp-content\/uploads\/2023\/11\/image-11-300x201.png 300w, https:\/\/nuevademocracia.com.co\/wp-content\/uploads\/2023\/11\/image-11-768x515.png 768w\" sizes=\"auto, (max-width: 869px) 100vw, 869px\" \/><\/figure>\n\n\n\n<p class=\"has-black-color has-text-color\">Tambi\u00e9n les compartimos algunas fotos de otras jornadas exitosas realizadas en d\u00edas anteriores, en las cuales se realizaron movilizaciones y plantones en solidaridad con la resistencia del pueblo palestino.<\/p>\n\n\n\n<figure class=\"wp-block-image size-large\"><img loading=\"lazy\" decoding=\"async\" width=\"1024\" height=\"768\" src=\"https:\/\/nuevademocracia.com.co\/wp-content\/uploads\/2023\/11\/IMG_20231027_175903827_HDR.limpio-1024x768.jpg\" alt=\"\" class=\"wp-image-25823\" srcset=\"https:\/\/nuevademocracia.com.co\/wp-content\/uploads\/2023\/11\/IMG_20231027_175903827_HDR.limpio-1024x768.jpg 1024w, https:\/\/nuevademocracia.com.co\/wp-content\/uploads\/2023\/11\/IMG_20231027_175903827_HDR.limpio-300x225.jpg 300w, https:\/\/nuevademocracia.com.co\/wp-content\/uploads\/2023\/11\/IMG_20231027_175903827_HDR.limpio-768x576.jpg 768w, https:\/\/nuevademocracia.com.co\/wp-content\/uploads\/2023\/11\/IMG_20231027_175903827_HDR.limpio-1536x1152.jpg 1536w, https:\/\/nuevademocracia.com.co\/wp-content\/uploads\/2023\/11\/IMG_20231027_175903827_HDR.limpio-2048x1536.jpg 2048w\" sizes=\"auto, (max-width: 1024px) 100vw, 1024px\" \/><\/figure>\n\n\n\n<figure class=\"wp-block-image size-large is-resized\"><img loading=\"lazy\" decoding=\"async\" width=\"1024\" height=\"768\" src=\"https:\/\/nuevademocracia.com.co\/wp-content\/uploads\/2023\/11\/IMG_20231027_175928088.limpio-1024x768.jpg\" alt=\"\" class=\"wp-image-25825\" style=\"aspect-ratio:1;width:188px;height:auto\" srcset=\"https:\/\/nuevademocracia.com.co\/wp-content\/uploads\/2023\/11\/IMG_20231027_175928088.limpio-1024x768.jpg 1024w, https:\/\/nuevademocracia.com.co\/wp-content\/uploads\/2023\/11\/IMG_20231027_175928088.limpio-300x225.jpg 300w, https:\/\/nuevademocracia.com.co\/wp-content\/uploads\/2023\/11\/IMG_20231027_175928088.limpio-768x576.jpg 768w, https:\/\/nuevademocracia.com.co\/wp-content\/uploads\/2023\/11\/IMG_20231027_175928088.limpio-1536x1152.jpg 1536w, https:\/\/nuevademocracia.com.co\/wp-content\/uploads\/2023\/11\/IMG_20231027_175928088.limpio-2048x1536.jpg 2048w\" sizes=\"auto, (max-width: 1024px) 100vw, 1024px\" \/><\/figure>\n\n\n\n<figure class=\"wp-block-image size-large\"><img loading=\"lazy\" decoding=\"async\" width=\"1024\" height=\"768\" src=\"https:\/\/nuevademocracia.com.co\/wp-content\/uploads\/2023\/11\/IMG_20231027_181257625_HDR.limpio-1024x768.jpg\" alt=\"\" class=\"wp-image-25824\" srcset=\"https:\/\/nuevademocracia.com.co\/wp-content\/uploads\/2023\/11\/IMG_20231027_181257625_HDR.limpio-1024x768.jpg 1024w, https:\/\/nuevademocracia.com.co\/wp-content\/uploads\/2023\/11\/IMG_20231027_181257625_HDR.limpio-300x225.jpg 300w, https:\/\/nuevademocracia.com.co\/wp-content\/uploads\/2023\/11\/IMG_20231027_181257625_HDR.limpio-768x576.jpg 768w, https:\/\/nuevademocracia.com.co\/wp-content\/uploads\/2023\/11\/IMG_20231027_181257625_HDR.limpio-1536x1152.jpg 1536w, https:\/\/nuevademocracia.com.co\/wp-content\/uploads\/2023\/11\/IMG_20231027_181257625_HDR.limpio-2048x1536.jpg 2048w\" sizes=\"auto, (max-width: 1024px) 100vw, 1024px\" \/><\/figure>\n\n\n\n<figure class=\"wp-block-image size-large\"><img loading=\"lazy\" decoding=\"async\" width=\"1024\" height=\"768\" src=\"https:\/\/nuevademocracia.com.co\/wp-content\/uploads\/2023\/11\/IMG_20231027_185754686_HDR.limpio-1024x768.jpg\" alt=\"\" class=\"wp-image-25828\" srcset=\"https:\/\/nuevademocracia.com.co\/wp-content\/uploads\/2023\/11\/IMG_20231027_185754686_HDR.limpio-1024x768.jpg 1024w, https:\/\/nuevademocracia.com.co\/wp-content\/uploads\/2023\/11\/IMG_20231027_185754686_HDR.limpio-300x225.jpg 300w, https:\/\/nuevademocracia.com.co\/wp-content\/uploads\/2023\/11\/IMG_20231027_185754686_HDR.limpio-768x576.jpg 768w, https:\/\/nuevademocracia.com.co\/wp-content\/uploads\/2023\/11\/IMG_20231027_185754686_HDR.limpio-1536x1152.jpg 1536w, https:\/\/nuevademocracia.com.co\/wp-content\/uploads\/2023\/11\/IMG_20231027_185754686_HDR.limpio-2048x1536.jpg 2048w\" sizes=\"auto, (max-width: 1024px) 100vw, 1024px\" \/><\/figure>\n\n\n\n<figure class=\"wp-block-image size-large\"><img loading=\"lazy\" decoding=\"async\" width=\"1024\" height=\"768\" src=\"https:\/\/nuevademocracia.com.co\/wp-content\/uploads\/2023\/11\/IMG_20231031_153905060_HDR.limpio-1024x768.jpg\" alt=\"\" class=\"wp-image-25829\" srcset=\"https:\/\/nuevademocracia.com.co\/wp-content\/uploads\/2023\/11\/IMG_20231031_153905060_HDR.limpio-1024x768.jpg 1024w, https:\/\/nuevademocracia.com.co\/wp-content\/uploads\/2023\/11\/IMG_20231031_153905060_HDR.limpio-300x225.jpg 300w, https:\/\/nuevademocracia.com.co\/wp-content\/uploads\/2023\/11\/IMG_20231031_153905060_HDR.limpio-768x576.jpg 768w, https:\/\/nuevademocracia.com.co\/wp-content\/uploads\/2023\/11\/IMG_20231031_153905060_HDR.limpio-1536x1152.jpg 1536w, https:\/\/nuevademocracia.com.co\/wp-content\/uploads\/2023\/11\/IMG_20231031_153905060_HDR.limpio-2048x1536.jpg 2048w\" sizes=\"auto, (max-width: 1024px) 100vw, 1024px\" \/><\/figure>\n\n\n\n<figure class=\"wp-block-image size-large\"><img loading=\"lazy\" decoding=\"async\" width=\"1024\" height=\"768\" src=\"https:\/\/nuevademocracia.com.co\/wp-content\/uploads\/2023\/11\/IMG_20231031_155253673_HDR.limpio-1024x768.jpg\" alt=\"\" class=\"wp-image-25826\" srcset=\"https:\/\/nuevademocracia.com.co\/wp-content\/uploads\/2023\/11\/IMG_20231031_155253673_HDR.limpio-1024x768.jpg 1024w, https:\/\/nuevademocracia.com.co\/wp-content\/uploads\/2023\/11\/IMG_20231031_155253673_HDR.limpio-300x225.jpg 300w, https:\/\/nuevademocracia.com.co\/wp-content\/uploads\/2023\/11\/IMG_20231031_155253673_HDR.limpio-768x576.jpg 768w, https:\/\/nuevademocracia.com.co\/wp-content\/uploads\/2023\/11\/IMG_20231031_155253673_HDR.limpio-1536x1152.jpg 1536w, https:\/\/nuevademocracia.com.co\/wp-content\/uploads\/2023\/11\/IMG_20231031_155253673_HDR.limpio-2048x1536.jpg 2048w\" sizes=\"auto, (max-width: 1024px) 100vw, 1024px\" \/><\/figure>\n\n\n\n<figure class=\"wp-block-image size-large\"><img loading=\"lazy\" decoding=\"async\" width=\"1024\" height=\"768\" src=\"https:\/\/nuevademocracia.com.co\/wp-content\/uploads\/2023\/11\/IMG_20231031_155345690.limpio-1024x768.jpg\" alt=\"\" class=\"wp-image-25831\" srcset=\"https:\/\/nuevademocracia.com.co\/wp-content\/uploads\/2023\/11\/IMG_20231031_155345690.limpio-1024x768.jpg 1024w, https:\/\/nuevademocracia.com.co\/wp-content\/uploads\/2023\/11\/IMG_20231031_155345690.limpio-300x225.jpg 300w, https:\/\/nuevademocracia.com.co\/wp-content\/uploads\/2023\/11\/IMG_20231031_155345690.limpio-768x576.jpg 768w, https:\/\/nuevademocracia.com.co\/wp-content\/uploads\/2023\/11\/IMG_20231031_155345690.limpio-1536x1152.jpg 1536w, https:\/\/nuevademocracia.com.co\/wp-content\/uploads\/2023\/11\/IMG_20231031_155345690.limpio-2048x1536.jpg 2048w\" sizes=\"auto, (max-width: 1024px) 100vw, 1024px\" \/><\/figure>\n\n\n\n<figure class=\"wp-block-image size-large\"><img loading=\"lazy\" decoding=\"async\" width=\"1024\" height=\"768\" src=\"https:\/\/nuevademocracia.com.co\/wp-content\/uploads\/2023\/11\/IMG_20231031_155434188.limpio-1024x768.jpg\" alt=\"\" class=\"wp-image-25832\" srcset=\"https:\/\/nuevademocracia.com.co\/wp-content\/uploads\/2023\/11\/IMG_20231031_155434188.limpio-1024x768.jpg 1024w, https:\/\/nuevademocracia.com.co\/wp-content\/uploads\/2023\/11\/IMG_20231031_155434188.limpio-300x225.jpg 300w, https:\/\/nuevademocracia.com.co\/wp-content\/uploads\/2023\/11\/IMG_20231031_155434188.limpio-768x576.jpg 768w, https:\/\/nuevademocracia.com.co\/wp-content\/uploads\/2023\/11\/IMG_20231031_155434188.limpio-1536x1152.jpg 1536w, https:\/\/nuevademocracia.com.co\/wp-content\/uploads\/2023\/11\/IMG_20231031_155434188.limpio-2048x1536.jpg 2048w\" sizes=\"auto, (max-width: 1024px) 100vw, 1024px\" \/><\/figure>\n\n\n\n<figure class=\"wp-block-image size-large\"><img loading=\"lazy\" decoding=\"async\" width=\"1024\" height=\"768\" src=\"https:\/\/nuevademocracia.com.co\/wp-content\/uploads\/2023\/11\/IMG_20231031_164149909.limpio-1024x768.jpg\" alt=\"\" class=\"wp-image-25830\" srcset=\"https:\/\/nuevademocracia.com.co\/wp-content\/uploads\/2023\/11\/IMG_20231031_164149909.limpio-1024x768.jpg 1024w, https:\/\/nuevademocracia.com.co\/wp-content\/uploads\/2023\/11\/IMG_20231031_164149909.limpio-300x225.jpg 300w, https:\/\/nuevademocracia.com.co\/wp-content\/uploads\/2023\/11\/IMG_20231031_164149909.limpio-768x576.jpg 768w, https:\/\/nuevademocracia.com.co\/wp-content\/uploads\/2023\/11\/IMG_20231031_164149909.limpio-1536x1152.jpg 1536w, https:\/\/nuevademocracia.com.co\/wp-content\/uploads\/2023\/11\/IMG_20231031_164149909.limpio-2048x1536.jpg 2048w\" sizes=\"auto, (max-width: 1024px) 100vw, 1024px\" \/><\/figure>\n","protected":false},"excerpt":{"rendered":"<p>El pasado 4 de noviembre se realiz\u00f3 un evento en Medell\u00edn convocado como \u201cacci\u00f3n global contra el genocidio palestino\u201d. La actividad comenz\u00f3 en horas de la tarde y tuvo una asistencia de aproximadamente 100 personas, la acci\u00f3n sobre palestina con mayor numero de personas en esta ciudad desde la contraofensiva lanzada por la resistencia palestina [&hellip;]<\/p>\n","protected":false},"author":1,"featured_media":25818,"comment_status":"open","ping_status":"open","sticky":false,"template":"","format":"standard","meta":{"footnotes":""},"categories":[16,4,135],"tags":[],"class_list":["post-25813","post","type-post","status-publish","format-standard","has-post-thumbnail","hentry","category-carrusel","category-colombia","category-resistencia-palestina"],"blocksy_meta":[],"_links":{"self":[{"href":"https:\/\/nuevademocracia.com.co\/index.php?rest_route=\/wp\/v2\/posts\/25813","targetHints":{"allow":["GET"]}}],"collection":[{"href":"https:\/\/nuevademocracia.com.co\/index.php?rest_route=\/wp\/v2\/posts"}],"about":[{"href":"https:\/\/nuevademocracia.com.co\/index.php?rest_route=\/wp\/v2\/types\/post"}],"author":[{"embeddable":true,"href":"https:\/\/nuevademocracia.com.co\/index.php?rest_route=\/wp\/v2\/users\/1"}],"replies":[{"embeddable":true,"href":"https:\/\/nuevademocracia.com.co\/index.php?rest_route=%2Fwp%2Fv2%2Fcomments&post=25813"}],"version-history":[{"count":4,"href":"https:\/\/nuevademocracia.com.co\/index.php?rest_route=\/wp\/v2\/posts\/25813\/revisions"}],"predecessor-version":[{"id":26527,"href":"https:\/\/nuevademocracia.com.co\/index.php?rest_route=\/wp\/v2\/posts\/25813\/revisions\/26527"}],"wp:featuredmedia":[{"embeddable":true,"href":"https:\/\/nuevademocracia.com.co\/index.php?rest_route=\/wp\/v2\/media\/25818"}],"wp:attachment":[{"href":"https:\/\/nuevademocracia.com.co\/index.php?rest_route=%2Fwp%2Fv2%2Fmedia&parent=25813"}],"wp:term":[{"taxonomy":"category","embeddable":true,"href":"https:\/\/nuevademocracia.com.co\/index.php?rest_route=%2Fwp%2Fv2%2Fcategories&post=25813"},{"taxonomy":"post_tag","embeddable":true,"href":"https:\/\/nuevademocracia.com.co\/index.php?rest_route=%2Fwp%2Fv2%2Ftags&post=25813"}],"curies":[{"name":"wp","href":"https:\/\/api.w.org\/{rel}","templated":true}]}}