{"id":25839,"date":"2023-11-08T12:37:30","date_gmt":"2023-11-08T17:37:30","guid":{"rendered":"https:\/\/nuevademocracia.com.co\/?p=25839"},"modified":"2024-07-10T13:36:01","modified_gmt":"2024-07-10T18:36:01","slug":"nueva-asonada-campesinos-del-cauca","status":"publish","type":"post","link":"https:\/\/nuevademocracia.com.co\/?p=25839","title":{"rendered":"Nueva asonada campesinos del Cauca"},"content":{"rendered":"\n<figure class=\"wp-block-image aligncenter size-full\"><img loading=\"lazy\" decoding=\"async\" width=\"975\" height=\"632\" src=\"https:\/\/nuevademocracia.com.co\/wp-content\/uploads\/2023\/11\/image-12.png\" alt=\"\" class=\"wp-image-25840\" srcset=\"https:\/\/nuevademocracia.com.co\/wp-content\/uploads\/2023\/11\/image-12.png 975w, https:\/\/nuevademocracia.com.co\/wp-content\/uploads\/2023\/11\/image-12-300x194.png 300w, https:\/\/nuevademocracia.com.co\/wp-content\/uploads\/2023\/11\/image-12-768x498.png 768w\" sizes=\"auto, (max-width: 975px) 100vw, 975px\" \/><figcaption class=\"wp-element-caption\"><mark style=\"background-color:rgba(0, 0, 0, 0)\" class=\"has-inline-color has-black-color\">Foto: Canal 1<\/mark><\/figcaption><\/figure>\n\n\n\n<p class=\"has-black-color has-text-color has-link-color wp-elements-6dd38055f3d9eeea146082f0a3e96250\">Campesinos del caser\u00edo de El Plateado, una zona rural del departamento colombiano del Cauca (suroeste), realizaron una multitudinaria marcha exigiendo el retiro de las tropas del ej\u00e9rcito colombiano que se encontraban all\u00ed, tambi\u00e9n retuvieron a casi 200 militares como parte de la presi\u00f3n para que las fuerzas armadas del viejo Estado se retiren de la zona.<\/p>\n\n\n\n<p class=\"has-black-color has-text-color has-link-color wp-elements-0f84a6659911e8e175f4581b7336635c\">Las tropas del ej\u00e9rcito llegaron a El Plateado con el pretexto de garantizar la seguridad y la realizaci\u00f3n de la farsa electoral (elecciones de alcald\u00eda y gobernaci\u00f3n) que se dio el pasado 29 de noviembre.<\/p>\n\n\n\n<p class=\"has-black-color has-text-color has-link-color wp-elements-652ef318e285fcb81fae39c8663ffa2d\">La prensa monop\u00f3lica dice que los campesinos fueron obligados por El Estado Mayor Central (EMC), principal disidencia de las FARC a realizar esta movilizaci\u00f3n y esta asonada contra el ej\u00e9rcito, pero lo cierto es que los campesinos y no solo los del Cauca sino los campesinos de todo el pa\u00eds tienen una profunda desconfianza hacia el ej\u00e9rcito, y esto lo demuestra las diferentes asonadas y rebeliones de este tipo que han realizado los campesinos a lo largo de la historia y a lo largo del pa\u00eds como la que realizaron este a\u00f1o <a href=\"https:\/\/nuevademocracia.com.co\/?p=25254\">campesinos en el Caquet\u00e1<\/a><\/p>\n\n\n\n<p class=\"has-black-color has-text-color has-link-color wp-elements-4af9b1fe55cc1246498a94b20fb43276\">Tras el envi\u00f3 de una misi\u00f3n humanitaria que dialogaron con las comunidades y escucharon \u00absus reparos en relaci\u00f3n con la presencia de la fuerza p\u00fablica\u00bb se realiz\u00f3 la entrega de dos polic\u00edas y 198 soldados del Ej\u00e9rcito, explic\u00f3 la Defensor\u00eda.<\/p>\n\n\n\n<p class=\"has-black-color has-text-color has-link-color wp-elements-23916babe4535ad18ed4b0e8bafb6912\">Pero lejos de escuchar las exigencias de los campesinos, el gobierno y las fuerzas militares anunciaron que no retirar\u00e1 las tropas del ej\u00e9rcito y que realizar\u00e1 \u201ctodas las denuncias correspondientes por violencia al servidor p\u00fablico, constre\u00f1imiento ilegal, terrorismo y secuestro\u201d<\/p>\n","protected":false},"excerpt":{"rendered":"<p>Campesinos del caser\u00edo de El Plateado, una zona rural del departamento colombiano del Cauca (suroeste), realizaron una multitudinaria marcha exigiendo el retiro de las tropas del ej\u00e9rcito colombiano que se encontraban all\u00ed, tambi\u00e9n retuvieron a casi 200 militares como parte de la presi\u00f3n para que las fuerzas armadas del viejo Estado se retiren de la [&hellip;]<\/p>\n","protected":false},"author":1,"featured_media":25840,"comment_status":"open","ping_status":"open","sticky":false,"template":"","format":"standard","meta":{"footnotes":""},"categories":[16,4,144],"tags":[],"class_list":["post-25839","post","type-post","status-publish","format-standard","has-post-thumbnail","hentry","category-carrusel","category-colombia","category-lucha-por-la-tierra"],"blocksy_meta":[],"_links":{"self":[{"href":"https:\/\/nuevademocracia.com.co\/index.php?rest_route=\/wp\/v2\/posts\/25839","targetHints":{"allow":["GET"]}}],"collection":[{"href":"https:\/\/nuevademocracia.com.co\/index.php?rest_route=\/wp\/v2\/posts"}],"about":[{"href":"https:\/\/nuevademocracia.com.co\/index.php?rest_route=\/wp\/v2\/types\/post"}],"author":[{"embeddable":true,"href":"https:\/\/nuevademocracia.com.co\/index.php?rest_route=\/wp\/v2\/users\/1"}],"replies":[{"embeddable":true,"href":"https:\/\/nuevademocracia.com.co\/index.php?rest_route=%2Fwp%2Fv2%2Fcomments&post=25839"}],"version-history":[{"count":1,"href":"https:\/\/nuevademocracia.com.co\/index.php?rest_route=\/wp\/v2\/posts\/25839\/revisions"}],"predecessor-version":[{"id":25841,"href":"https:\/\/nuevademocracia.com.co\/index.php?rest_route=\/wp\/v2\/posts\/25839\/revisions\/25841"}],"wp:featuredmedia":[{"embeddable":true,"href":"https:\/\/nuevademocracia.com.co\/index.php?rest_route=\/wp\/v2\/media\/25840"}],"wp:attachment":[{"href":"https:\/\/nuevademocracia.com.co\/index.php?rest_route=%2Fwp%2Fv2%2Fmedia&parent=25839"}],"wp:term":[{"taxonomy":"category","embeddable":true,"href":"https:\/\/nuevademocracia.com.co\/index.php?rest_route=%2Fwp%2Fv2%2Fcategories&post=25839"},{"taxonomy":"post_tag","embeddable":true,"href":"https:\/\/nuevademocracia.com.co\/index.php?rest_route=%2Fwp%2Fv2%2Ftags&post=25839"}],"curies":[{"name":"wp","href":"https:\/\/api.w.org\/{rel}","templated":true}]}}