{"id":25842,"date":"2023-11-08T12:45:12","date_gmt":"2023-11-08T17:45:12","guid":{"rendered":"https:\/\/nuevademocracia.com.co\/?p=25842"},"modified":"2023-11-08T14:02:39","modified_gmt":"2023-11-08T19:02:39","slug":"evento-conmemoracion-130-anos-del-presidente-mao-tse-tung","status":"publish","type":"post","link":"https:\/\/nuevademocracia.com.co\/?p=25842","title":{"rendered":"Evento: Conmemoraci\u00f3n 130 a\u00f1os  del Presidente Mao Tse- tung"},"content":{"rendered":"\n<p class=\"has-black-color has-text-color has-link-color wp-elements-a117f1307f9c2bec3b63075cee8e8e3f\">Desde el peri\u00f3dico Nueva Democracia y el peri\u00f3dico El Pueblo hacemos una calurosa invitaci\u00f3n para conmemorar los 130 a\u00f1os del natalicio del Presidente Mao Tse- tung, del gran timonel que llevo triunfante la Revoluci\u00f3n China, la construcci\u00f3n del socialismo y la lucha implacable contra el imperialismo, los reaccionarios y el revisionismo. El Presidente Mao Tse- tung sigue siendo hoy una gran antorcha roja para la liberaci\u00f3n del proletariado y los pueblos oprimidos del mundo.<\/p>\n\n\n\n<figure class=\"wp-block-image aligncenter size-large\"><img loading=\"lazy\" decoding=\"async\" width=\"724\" height=\"1024\" src=\"https:\/\/nuevademocracia.com.co\/wp-content\/uploads\/2023\/11\/modif-1-724x1024.jpg\" alt=\"\" class=\"wp-image-25843\" srcset=\"https:\/\/nuevademocracia.com.co\/wp-content\/uploads\/2023\/11\/modif-1-724x1024.jpg 724w, https:\/\/nuevademocracia.com.co\/wp-content\/uploads\/2023\/11\/modif-1-212x300.jpg 212w, https:\/\/nuevademocracia.com.co\/wp-content\/uploads\/2023\/11\/modif-1-768x1086.jpg 768w, https:\/\/nuevademocracia.com.co\/wp-content\/uploads\/2023\/11\/modif-1-1086x1536.jpg 1086w, https:\/\/nuevademocracia.com.co\/wp-content\/uploads\/2023\/11\/modif-1.jpg 1240w\" sizes=\"auto, (max-width: 724px) 100vw, 724px\" \/><\/figure>\n\n\n\n<p class=\"has-black-color has-text-color has-link-color wp-elements-b0f3908d6e0c199da655170e9f9dd31b\">Compartimos la invitaci\u00f3n en ingles <\/p>\n\n\n\n<figure class=\"wp-block-image aligncenter size-large\"><img loading=\"lazy\" decoding=\"async\" width=\"724\" height=\"1024\" src=\"https:\/\/nuevademocracia.com.co\/wp-content\/uploads\/2023\/11\/Publicacion1-724x1024.jpg\" alt=\"\" class=\"wp-image-25844\" srcset=\"https:\/\/nuevademocracia.com.co\/wp-content\/uploads\/2023\/11\/Publicacion1-724x1024.jpg 724w, https:\/\/nuevademocracia.com.co\/wp-content\/uploads\/2023\/11\/Publicacion1-212x300.jpg 212w, https:\/\/nuevademocracia.com.co\/wp-content\/uploads\/2023\/11\/Publicacion1-768x1086.jpg 768w, https:\/\/nuevademocracia.com.co\/wp-content\/uploads\/2023\/11\/Publicacion1-1086x1536.jpg 1086w, https:\/\/nuevademocracia.com.co\/wp-content\/uploads\/2023\/11\/Publicacion1.jpg 1240w\" sizes=\"auto, (max-width: 724px) 100vw, 724px\" \/><\/figure>\n\n\n\n<p><\/p>\n","protected":false},"excerpt":{"rendered":"<p>Desde el peri\u00f3dico Nueva Democracia y el peri\u00f3dico El Pueblo hacemos una calurosa invitaci\u00f3n para conmemorar los 130 a\u00f1os del natalicio del Presidente Mao Tse- tung, del gran timonel que llevo triunfante la Revoluci\u00f3n China, la construcci\u00f3n del socialismo y la lucha implacable contra el imperialismo, los reaccionarios y el revisionismo. El Presidente Mao Tse- [&hellip;]<\/p>\n","protected":false},"author":1,"featured_media":25843,"comment_status":"open","ping_status":"open","sticky":false,"template":"","format":"standard","meta":{"footnotes":""},"categories":[16,4,31],"tags":[],"class_list":["post-25842","post","type-post","status-publish","format-standard","has-post-thumbnail","hentry","category-carrusel","category-colombia","category-internacional"],"blocksy_meta":[],"_links":{"self":[{"href":"https:\/\/nuevademocracia.com.co\/index.php?rest_route=\/wp\/v2\/posts\/25842","targetHints":{"allow":["GET"]}}],"collection":[{"href":"https:\/\/nuevademocracia.com.co\/index.php?rest_route=\/wp\/v2\/posts"}],"about":[{"href":"https:\/\/nuevademocracia.com.co\/index.php?rest_route=\/wp\/v2\/types\/post"}],"author":[{"embeddable":true,"href":"https:\/\/nuevademocracia.com.co\/index.php?rest_route=\/wp\/v2\/users\/1"}],"replies":[{"embeddable":true,"href":"https:\/\/nuevademocracia.com.co\/index.php?rest_route=%2Fwp%2Fv2%2Fcomments&post=25842"}],"version-history":[{"count":1,"href":"https:\/\/nuevademocracia.com.co\/index.php?rest_route=\/wp\/v2\/posts\/25842\/revisions"}],"predecessor-version":[{"id":25845,"href":"https:\/\/nuevademocracia.com.co\/index.php?rest_route=\/wp\/v2\/posts\/25842\/revisions\/25845"}],"wp:featuredmedia":[{"embeddable":true,"href":"https:\/\/nuevademocracia.com.co\/index.php?rest_route=\/wp\/v2\/media\/25843"}],"wp:attachment":[{"href":"https:\/\/nuevademocracia.com.co\/index.php?rest_route=%2Fwp%2Fv2%2Fmedia&parent=25842"}],"wp:term":[{"taxonomy":"category","embeddable":true,"href":"https:\/\/nuevademocracia.com.co\/index.php?rest_route=%2Fwp%2Fv2%2Fcategories&post=25842"},{"taxonomy":"post_tag","embeddable":true,"href":"https:\/\/nuevademocracia.com.co\/index.php?rest_route=%2Fwp%2Fv2%2Ftags&post=25842"}],"curies":[{"name":"wp","href":"https:\/\/api.w.org\/{rel}","templated":true}]}}