{"id":25847,"date":"2023-11-15T16:11:32","date_gmt":"2023-11-15T21:11:32","guid":{"rendered":"https:\/\/nuevademocracia.com.co\/?p=25847"},"modified":"2024-07-10T13:35:50","modified_gmt":"2024-07-10T18:35:50","slug":"independencia-nacional-la-unica-solucion-posible-para-palestina","status":"publish","type":"post","link":"https:\/\/nuevademocracia.com.co\/?p=25847","title":{"rendered":"Independencia nacional, la \u00fanica soluci\u00f3n posible para Palestina"},"content":{"rendered":"\n<p class=\"has-black-color has-text-color has-link-color wp-elements-ddc04404709cc586a4de851a16e2dce3\">Compartimos la traducci\u00f3n no oficial de este articulo encontrado en el peri\u00f3dico A Nova Democracia<\/p>\n\n\n\n<figure class=\"wp-block-image aligncenter size-full\"><img loading=\"lazy\" decoding=\"async\" width=\"599\" height=\"433\" src=\"https:\/\/nuevademocracia.com.co\/wp-content\/uploads\/2023\/11\/image-13.png\" alt=\"\" class=\"wp-image-25848\" srcset=\"https:\/\/nuevademocracia.com.co\/wp-content\/uploads\/2023\/11\/image-13.png 599w, https:\/\/nuevademocracia.com.co\/wp-content\/uploads\/2023\/11\/image-13-300x217.png 300w\" sizes=\"auto, (max-width: 599px) 100vw, 599px\" \/><figcaption class=\"wp-element-caption\"><mark style=\"background-color:rgba(0, 0, 0, 0)\" class=\"has-inline-color has-black-color\">Palestinos durante una jornada de protestas en 2021, en la frontera de Gaza.\u00a0Foto: Mahmud Hams\/AFP<br><\/mark>\u00a0<\/figcaption><\/figure>\n\n\n\n<p class=\"has-black-color has-text-color has-link-color wp-elements-c4bdf4ba35760d15d80d44b62c2f02f9\">El pueblo palestino y la lucha armada de resistencia nacional palestina contra los t\u00edteres sionistas del imperialismo que ocupan sus tierras han sido una luz para todos los pueblos oprimidos del mundo.&nbsp;La venganza contra la Nakba es tambi\u00e9n parte integral de la lucha contra los enemigos del pueblo en general, es una lucha democr\u00e1tica, esencial para el avance de la lucha revolucionaria en todas partes.&nbsp;Los patri\u00f3ticos combatientes palestinos, en su heroica batalla, no cesar\u00e1n hasta lograr la verdadera libertad e independencia de los colonizadores, genocidas y terroristas de Israel.&nbsp;<\/p>\n\n\n\n<p class=\"has-black-color has-text-color has-link-color wp-elements-7b82760c29c656a94ab4f9dd83ee97dc\">La independencia, como la libertad, lo saben todos los pueblos que han sido colonizados en el mundo, todos los oprimidos y explotados, no es algo que se pueda dar o conceder.&nbsp;Debe ser arrancado por la fuerza de las manos de quienes lo subyugan.&nbsp;No es el derecho internacional ni la ONU lo que lo garantiza.&nbsp;No es, ciertamente, el palabrer\u00edo sobre autodefensa que redunda en nada \u2013si no en ataques frontales, medi\u00e1ticos o de otro tipo, contra la autodefensa y el derecho internacional\u2013 cuando un pueblo oprimido se levanta para garantizarla.&nbsp;Es la propia historia y quienes la hacen, el pueblo.&nbsp;Es la determinaci\u00f3n de un pueblo de liberarse, su coraje, su intrepidez, su ausencia del miedo en el combate y su preparaci\u00f3n para luchar contra el enemigo lo que le garantiza tanto el derecho a la libertad como a la victoria.&nbsp;En todas partes fue as\u00ed.<\/p>\n\n\n\n<p class=\"has-black-color has-text-color has-link-color wp-elements-f595b3b4904e81ed2974d69cfb6a3585\">El Presidente del Partido Comunista de China, Mao Tse Tung.&nbsp;En 1938, escribi\u00f3 un texto titulado&nbsp;<em>Sobre la Guerra Prolongada<\/em>, en el que resumi\u00f3 la particularidad de la funci\u00f3n de la guerra en la lucha pol\u00edtica, diciendo, sobre la invasi\u00f3n fascista japonesa: \u201cla situaci\u00f3n semiindependiente de China constituye un obst\u00e1culo para el desarrollo de la pol\u00edtica del imperialismo japon\u00e9s, y por lo tanto, el Jap\u00f3n ha iniciado su guerra de agresi\u00f3n para eliminar ese obst\u00e1culo. \u00bfY China? La opresi\u00f3n imperialista constituye desde hace mucho tiempo un obst\u00e1culo para la revoluci\u00f3n democr\u00e1tico-burguesa de China, y por ello se han sostenido numerosas guerras de liberaci\u00f3n, con la intenci\u00f3n de eliminarlo. Como el Jap\u00f3n utiliza ahora la guerra para oprimir a China y cerrar por completo el camino a su revoluci\u00f3n, China no tiene m\u00e1s remedio que emprender la Guerra de Resistencia contra el Jap\u00f3n, decidida a barrer este obst\u00e1culo. Cuando se haya eliminado el obst\u00e1culo y conseguido el objetivo pol\u00edtico, terminar\u00e1 la guerra. Mientras no se elimine por completo el obst\u00e1culo, la guerra tendr\u00e1 que continuar hasta lograr el objetivo. Por ejemplo, mientras no se cumpla la tarea de la resistencia al Jap\u00f3n, toda tentativa de compromiso fracasar\u00e1 inevitablemente, pues aun cuando, por una u otra raz\u00f3n, se llegase a un compromiso, la guerra volver\u00eda a estallar, ya que sin duda las amplias masas populares no se resignar\u00edan a ello, y continuar\u00edan la guerra hasta la completa realizaci\u00f3n del objetivo pol\u00edtico de la misma. Por consiguiente, se puede decir que la pol\u00edtica es guerra sin derramamiento de sangre, en tanto que la guerra es pol\u00edtica con derramamiento de sangre\u201d.&nbsp;Analizando retroactivamente la Guerra de Resistencia como parte de la Guerra Popular China, Lin Piao, en 1965, se\u00f1al\u00f3: \u00bb Para hacer de la Guerra de Resistencia contra el Jap\u00f3n una verdadera guerra popular, nuestro Partido se apoy\u00f3 firmemente en las m\u00e1s amplias masas populares, se uni\u00f3 con todas las fuerzas antijaponesas posibles y consolid\u00f3 y ampli\u00f3 el Frente \u00danico Nacional Antijapon\u00e9s. La l\u00ednea fundamental de nuestro Partido era la de movilizar a las masas con audacia y robustecer y engrosar las fuerzas del pueblo para que \u00e9stas, dirigidas por nuestro Partido, derrotaran a los agresores y construyeran una nueva China.\u201d.&nbsp;<\/p>\n\n\n\n<p class=\"has-black-color has-text-color has-link-color wp-elements-032621e684c8d6191e424b72c69aca00\">En la Uni\u00f3n de Rep\u00fablicas Socialistas Sovi\u00e9ticas, bajo el mando del mariscal Joseph Stalin, el Ej\u00e9rcito Rojo y el pueblo sovi\u00e9tico defendieron valientemente su patria de los invasores nazis.&nbsp;Ya en noviembre de 1944, Stalin declar\u00f3: \u201c\u00a1Camaradas, soldados y marineros rojos, sargentos, oficiales y generales!&nbsp;\u00a1Trabajadores de la Uni\u00f3n Sovi\u00e9tica!&nbsp;En la Gran Guerra Patria defendimos la Patria contra los invasores, liquidamos definitivamente la amenaza de esclavizaci\u00f3n del pueblo de la URSS por tiranos fascistas y ahora nos encontramos en v\u00edsperas de la victoria total\u201d.&nbsp;El 9 de mayo de 1945, despu\u00e9s de que la guerra terminara con la victoria sovi\u00e9tica, a las 20 horas, en Mosc\u00fa, se transmiti\u00f3 el discurso de la victoria, en el que Stalin declar\u00f3: \u201cLos grandes sacrificios que hicimos en nombre de la libertad y la independencia de nuestra Patria, las privaciones y sufrimientos incalculables experimentados por nuestro pueblo en el curso de la guerra, el intenso trabajo en el frente y la retaguardia, colocados sobre el altar de la patria, no han sido en vano, y han sido coronados por la victoria completa sobre el enemigo. La lucha secular de los pueblos eslavos por su existencia y su independencia ha concluido con la victoria sobre los invasores alemanes y la tiran\u00eda alemana.\u201d.<\/p>\n\n\n\n<p class=\"has-black-color has-text-color has-link-color wp-elements-644f1e99b9b3308294b6b1056c2f6ddf\">En 1946, en Vietnam, el l\u00edder pol\u00edtico del Partido Comunista Truong Chinh escribi\u00f3 en plena lucha de liberaci\u00f3n nacional contra los colonialistas franceses, retomada tras la derrota de la invasi\u00f3n japonesa del pa\u00eds: \u201cCada tiro disparado en nuestra guerra de resistencia lleva consigo el odio del pueblo vietnamita hacia los reaccionarios franceses [\u2026] \u00a1Los disparos que se disparan ahora son el resultado de una brava y larga resistencia!&nbsp;Debemos alcanzar la independencia y la unificaci\u00f3n nacional\u201d.&nbsp;En 1966, en la lucha contra el imperialismo yanqui, el presidente de Vietnam y uno de los fundadores del Partido Comunista de Indochina, Ho Chi Minh, declar\u00f3 claramente a todo el pa\u00eds a trav\u00e9s de la radio de Hanoi: \u201cEl pueblo vietnamita ama la paz, la paz verdadera, paz dentro de la independencia y la libertad, no paz simulada, paz norteamericana.&nbsp;Para defender la independencia de nuestra patria y cumplir con nuestra obligaci\u00f3n para con los pueblos que luchan contra el imperialismo norteamericano, nuestro pueblo y nuestro ej\u00e9rcito, unidos como un solo hombre, luchar\u00e1n con determinaci\u00f3n hasta la victoria total, cualesquiera que sean los sacrificios y penas que puedan existir\u00bb<\/p>\n\n\n\n<p class=\"has-black-color has-text-color has-link-color wp-elements-71fb4386a079a2e868fcc258e4909ef9\">En 1957, en la lucha de liberaci\u00f3n nacional de Argelia contra el colonialismo franc\u00e9s, el psiquiatra e intelectual democr\u00e1tico Frantz Fanon, como miembro del Frente de Liberaci\u00f3n Nacional de Argelia, escribi\u00f3 al peri\u00f3dico El Moudjahid: \u201cLa independencia descendi\u00f3 del cielo de las posibilidades&nbsp;ideales.&nbsp;Se hizo carne y vida, se incorpor\u00f3 a la sustancia del pueblo [\u2026] Del argelino del per\u00edodo colonial surgi\u00f3 un hombre nuevo, el argelino de la \u00e9poca de la independencia.&nbsp;Recupera su personalidad en la acci\u00f3n, en la disciplina, en el sentido de sus responsabilidades, y redescubre la realidad, que toma con sus manos y transforma, restableciendo relaciones efectivas con ella.&nbsp;Se convierte en organizador, administrador, soldado y ciudadano responsable\u201d.&nbsp;En 1958 reafirm\u00f3: \u201cLa era de la pacificaci\u00f3n termin\u00f3 para siempre.&nbsp;Argelia ha entrado decisivamente en la era de la independencia\u201d.&nbsp;<\/p>\n\n\n\n<p class=\"has-black-color has-text-color has-link-color wp-elements-a6d9e4e098487c35e3da23821313f749\">En la lucha de liberaci\u00f3n nacional cubana, a comienzos del siglo XX, Jos\u00e9 Mart\u00ed, poco antes de morir en batalla, en 1885, escribi\u00f3 que era necesario \u201cevitar a tiempo con la independencia de Cuba que los Estados Unidos se extiendan y caigan, con esta fuerza m\u00e1s, sobre nuestras tierras de Am\u00e9rica\u201d.&nbsp;En 1964, casi siete d\u00e9cadas despu\u00e9s, en valiente desaf\u00edo contra el restablecimiento de la tutela de los Estados Unidos de Am\u00e9rica que se hab\u00eda establecido en el contexto de la Guerra Hispanoamericana, Ernesto \u201cChe\u201d Guevara, en su hist\u00f3rico discurso ante la ONU , declar\u00f3 ante representantes del imperialismo de todo el mundo la resoluci\u00f3n de los pueblos latinoamericanos, y en especial del pueblo cubano, contra la invasi\u00f3n y sometimiento, principalmente yanquis, resumida en la consigna: \u201c\u00a1Patria o muerte!\u201d.<\/p>\n\n\n\n<p class=\"has-black-color has-text-color has-link-color wp-elements-013b66edf7e688c6b18328b82a7496a8\">Pedro Pomar, jefe hist\u00f3rico del Partido Comunista de Brasil (PCdoB) y bravo combatiente contra la dictadura fascista impulsada por el imperialismo yanqui en el pa\u00eds, en 1972, escribi\u00f3 al diario A Classe Oper\u00e1ria: \u201cEl pueblo brasile\u00f1o est\u00e1 en el p\u00f3rtico de&nbsp;la&nbsp;victoria.&nbsp;Sus fuerzas se multiplican, sus ideas se vuelven m\u00e1s claras, sus objetivos se vuelven m\u00e1s n\u00edtidos.&nbsp;Superando las dificultades y afrontando la ferocidad de sus verdugos, pone a prueba sus cualidades de coraje, inteligencia y determinaci\u00f3n.&nbsp;Siente cada vez m\u00e1s la necesidad de unidad para que su lucha revolucionaria resulte victoriosa.&nbsp;Est\u00e1 decidido, m\u00e1s que nunca, a cumplir la sagrada y urgente tarea de liquidar el r\u00e9gimen de los generales fascistas y lograr una verdadera emancipaci\u00f3n nacional\u201d.<\/p>\n\n\n\n<p class=\"has-black-color has-text-color has-link-color wp-elements-3528a2267f6ba38f8c39e3aad1f0a90a\">En 1992, en el hist\u00f3rico discurso desde la prisi\u00f3n instalada en un lugar p\u00fablico por el Estado fascista peruano y frente a monopolios de prensa de todo el mundo, el Dr. Manuel Rub\u00e9n Abimael Guzm\u00e1n, conocido como Presidente Gonzalo, presidente del Partido Comunista de Per\u00fa, afirm\u00f3: \u201cHoy d\u00eda la realidad es una, los mismos competidores de la Primera y Segunda Guerra Mundial, est\u00e1n generando, est\u00e1n preparando la tercera nueva guerra mundial.&nbsp;Esto debemos saber y nosotros como hijos de un pa\u00eds oprimido somos parte del bot\u00edn.&nbsp;\u00a1No lo podemos consentir!&nbsp;\u00a1Basta ya de explotaci\u00f3n imperialista!&nbsp;\u00a1Debemos acabar con ellos!<\/p>\n\n\n\n<p class=\"has-black-color has-text-color has-link-color wp-elements-edc39e0948441b25f4fabac4666dbc3d\">Todos estos hist\u00f3ricos combatientes y l\u00edderes de luchas democr\u00e1ticas y revolucionarias, a pesar de diferencias m\u00e1s sutiles o m\u00e1s sustanciales en pensamiento y pr\u00e1cticas, compart\u00edan un entendimiento fundamental sobre la cuesti\u00f3n de la independencia y la libertad: que s\u00f3lo existe cuando se conquista, que es un exigencia y no un pedido.&nbsp;La Internacional Comunista tambi\u00e9n lo expres\u00f3 as\u00ed, all\u00e1 por 1928: \u201cTodas las palabrer\u00edas de los imperialistas y sus lacayos sobre la pol\u00edtica de descolonizaci\u00f3n llevada a cabo por las potencias imperialistas, sobre el &#8216;libre desarrollo de las colonias&#8217; no son m\u00e1s que mentiras\u201d.&nbsp;Hoy las mentiras son m\u00e1s refinadas, basadas en la \u201cglobalizaci\u00f3n\u201d, el \u201cfin de la historia\u201d, y cualquier acto que exija independencia y libertad es considerado terrorista, ya que va en desacuerdo con las convenciones imperialistas de luchar contra el opresor, ya que lo correcto es vivir de las migajas de las ONG sin quejarse.&nbsp;<\/p>\n\n\n\n<p class=\"has-black-color has-text-color has-link-color wp-elements-0c1883b4f508c781bad17b7cc530a130\">Sin embargo, el pueblo palestino, como todos los pueblos del mundo, no se dejar\u00e1 enga\u00f1ar ni se contentar\u00e1 con migajas y seguir\u00e1 exigiendo cada vez m\u00e1s y mejor.&nbsp;Por mucho que el imperialismo y los sionistas emprendan, estrat\u00e9gicamente y en t\u00e9rminos de su ofensiva contrarrevolucionaria, una guerra de tierra arrasada, terrorista en el sentido m\u00e1s fuerte de la palabra, para impedir &nbsp;en el territorio ocupado de Palestina y en el mundo la continuidad de la lucha y su inevitable desarrollo, resultado de los incesantes bombardeos de Gaza, la destrucci\u00f3n de refugios, hospitales, ambulancias, el asesinato de ni\u00f1os, el uso de f\u00f3sforo blanco contra civiles, todas las medidas genocidas y fascistas, todas las mentiras cobardes lanzadas contra los combatientes patri\u00f3ticos por quienes pretenden convertirse en verdugos del pueblo, no har\u00e1n m\u00e1s que multiplicar, en el pecho de cada revolucionario, de cada dem\u00f3crata y de todos los pueblos del mundo, el odio contra sus agresores, la revuelta, la certeza de que \u00e9stos son los verdaderos enemigos del pueblo.&nbsp;<\/p>\n\n\n\n<p class=\"has-black-color has-text-color has-link-color wp-elements-f5871f0d9c331ca8bdbf48dad45ab04d\">En muchos y en todos los sentidos, el pueblo palestino busc\u00f3 exigir lo que es suyo por derecho: independencia y libertad, la construcci\u00f3n de un Estado palestino independiente y la libertad del colonialismo y el apartheid sionista.&nbsp;En muchos y en todos los sentidos, especialmente en los sangrientos, el sionismo, apoyado por el imperialismo yanqui, neg\u00f3 ambas cosas.&nbsp;El pueblo palestino ahora, de manera intransigente, ha desatado su furia contra el enemigo, est\u00e1 expresando sus demandas pol\u00edticas de manera sangrienta, con la lucha armada, y, Ciertamente, s\u00f3lo aceptar\u00e1 que su objetivo se logre de una vez por todas.&nbsp;Sus organizaciones combativas, igualmente decididas a luchar hasta la muerte, rechazan una nueva Nakba.&nbsp;A ellos se suman fuerzas antisionistas de los pueblos \u00e1rabes.&nbsp;Suena el gong final.<\/p>\n\n\n\n<p class=\"has-black-color has-text-color has-link-color wp-elements-65a8db05423d3ab93366098595cd62c9\">Al mismo tiempo, la situaci\u00f3n actual pone de relieve el estado de putrefacci\u00f3n del imperialismo y no puede ocultar, bajo la bandera de la falsa e ilusoria \u201cdefensa de la democracia\u201d o bajo operaciones econ\u00f3micas \u201cimpersonales\u201d, los r\u00edos de sangre que impone a los hijos del pueblo su furia de subyugaci\u00f3n.&nbsp;Los ataques al pueblo palestino por parte de Israel son sancionados desde Washington, por el genocida Joe Biden y sus perros de guerra, que grotescamente buscan garantizar al agresor el derecho a la \u201cdefensa\u201d enviando armas y \u201casesores\u201d a Benjam\u00edn Netanyahu y sus tropas fascistas. &nbsp;Poco a poco se va descubriendo en todo el mundo que cualquier exigencia, por justa que sea, provoca las reacciones m\u00e1s sanguinarias posibles por parte de los enemigos del pueblo, atemorizados, pero, por el momento, poseedores de tecnolog\u00eda militar.&nbsp;Un pueblo puede ser masacrado, con la aprobaci\u00f3n del imperio yanqui, por resistir una ocupaci\u00f3n.&nbsp;<\/p>\n\n\n\n<p class=\"has-black-color has-text-color has-link-color wp-elements-1470f355f34338a88e71f5996fc9e623\">\u00bfQu\u00e9 deben hacer todos los pueblos que anhelan la liberaci\u00f3n del imperialismo y todos los pueblos explotados del mundo que se encuentran hoy en una situaci\u00f3n cada vez m\u00e1s calamitosa en la que incluso se les niegan sus derechos?&nbsp;Todos, en el seno de las masas, tienen algo que exigir.&nbsp;Sin embargo, los medios pol\u00edticos de exigencia est\u00e1n cada vez m\u00e1s agotados.&nbsp;El sufragio universal result\u00f3 ser una farsa y ya no se cree en elecciones reaccionarias.&nbsp;Se restringen las protestas y huelgas en Brasil, Francia, Alemania, Espa\u00f1a, etc.&nbsp;\u2013 la polic\u00eda avanza violentamente en todas partes contra los defensores de la causa palestina, especialmente ahora, mostrando el acuerdo t\u00e1cito entre todas las fuerzas de represi\u00f3n del mundo contra la lucha popular.&nbsp;No se respetan las negociaciones de huelga.&nbsp;El oportunismo se desenmascara diariamente como servidor de la reacci\u00f3n, no busca ninguna soluci\u00f3n a los problemas de las masas, se vincula a los intereses de los concentradores, del capital financiero, y su fachada progresista ya no convence a nadie.&nbsp;En Palestina, caminar con una bandera cerca de la frontera del enemigo del pueblo ya era suficiente para fuese abaleado a tiros, independientemente de su edad, incluso antes de la actual acci\u00f3n genocida.&nbsp;En nuestro pa\u00eds basta vivir en una favela para que se justifique el asesinato por la represi\u00f3n policial.&nbsp;El pueblo palestino, como antes los vietnamitas o los argelinos, se resolvi\u00f3 y decidi\u00f3 portar un arma junto a la bandera.&nbsp;Decidi\u00f3 que para la \u00fanica soluci\u00f3n posible son necesarios los \u00fanicos medios posibles y promueve la lucha armada de resistencia nacional, sabe que la lucha armada es el camino hacia la independencia y la libertad.<\/p>\n\n\n\n<p class=\"has-black-color has-text-color has-link-color wp-elements-cbbcb333bd1bddc9132d80f61fa09884\">La lucha por la independencia y la libertad en Palestina, democr\u00e1tica y capaz de ser identificada en su justeza por todas las v\u00edctimas oprimidas del imperialismo, ciertamente lograr\u00e1 sus objetivos.&nbsp;Junto a las victorias logradas, una de las cuales ya ha sido lograda en el levantamiento de combatientes y pueblos en defensa de la patria, alentar\u00e1 las demandas de todos los pueblos del mundo y desarrollar\u00e1 nuevas exigencias propias.&nbsp;Los imperialistas pronto descubrir\u00e1n que la era de la independencia y la liberaci\u00f3n ha cobrado nuevo impulso y que, con la violencia, el r\u00edo que todo lo arrastra no perdonar\u00e1.&nbsp;De hecho, ser\u00e1 tan despiadado como los m\u00e1rgenes que intentaron, sin \u00e9xito, comprimirlo.&nbsp;Cualquier paso que d\u00e9 el imperialismo ahora s\u00f3lo servir\u00e1 para demostrar, en la pr\u00e1ctica y frente a las masas, que s\u00f3lo hace falta que haya opresi\u00f3n para que sea justo luchar contra ella hasta el final, que rebelarse es justo.<\/p>\n\n\n\n<p class=\"has-black-color has-text-color has-link-color wp-elements-b8a32f90e55fa0b9f902c58e641fc4e2\">Unirse a las fuerzas que defienden el derecho del pueblo palestino a la rebeli\u00f3n es, hoy, la tarea m\u00e1s importante para los revolucionarios, los dem\u00f3cratas y los pueblos oprimidos del mundo en el plano internacionalista.&nbsp;Como en el caso de la cuesti\u00f3n irlandesa, en la que, como dec\u00eda Karl Marx en 1869, \u201ca trav\u00e9s de la prensa, de los sermones, de las revistas humor\u00edsticas, en definitiva, de todos los medios a disposici\u00f3n de las clases en el poder\u201d, se intent\u00f3 mantener antagonismo entre el proletariado ingl\u00e9s y el de la colonia, hoy asistimos a una campa\u00f1a medi\u00e1tica que sataniza al pueblo \u00e1rabe y persigue a los dem\u00f3cratas que est\u00e1n a favor de la lucha armada de la resistencia nacional palestina y del pueblo palestino.&nbsp;Por lo tanto, es a\u00fan m\u00e1s importante deshacer, mediante la persuasi\u00f3n y la denuncia masiva, cualquier mentira imperialista que se interponga en el camino del desarrollo de la conciencia general sobre la justeza de la resistencia, afirm\u00e1ndola como tal.&nbsp;Debemos estar, en esta etapa del desarrollo de la lucha entre el imperialismo y todos los pueblos del mundo, en defensa del movimiento progresista general, de su punto cr\u00edtico en Palestina, las diversas luchas de liberaci\u00f3n nacional y de resistencia y de las guerras populares en curso.&nbsp;El imperialismo ya no puede hacer m\u00e1s que sucumbir y las masas est\u00e1n condenadas a triunfar.&nbsp;<\/p>\n\n\n\n<p class=\"has-black-color has-text-color has-link-color wp-elements-b3aee0ca5755a7813474674588203259\"><strong>Este texto expresa la opini\u00f3n del autor.<\/strong><\/p>\n\n\n\n<p class=\"has-black-color has-text-color has-link-color wp-elements-be108775d6c4bc2786c99c63ed789898\"><strong>Notas:<\/strong><\/p>\n\n\n\n<p class=\"has-black-color has-text-color has-link-color wp-elements-fd4c51d9e49ea9c3fe552db882c37b2a\">\u00b9 TSETUNG, M. Sobre la Guerra Prolongada.&nbsp;<strong>Servir ao Povo,<\/strong>&nbsp;25 de agosto.&nbsp;2015. Disponible en: &lt;https:\/\/serviraopovo.com.br\/2015\/08\/25\/sobre-a-guerra-prolongada-mao-tsetung-1938\/&gt;.<\/p>\n\n\n\n<p class=\"has-black-color has-text-color has-link-color wp-elements-67bc747ab17d7b2ea9ad645f6867c634\">\u00b2 PIAO, L. \u00a1Viva el triunfo de la Guerra Popular!.&nbsp;<strong>Servir ao Povo<\/strong><strong>,<\/strong>&nbsp;12 de septiembre.&nbsp;2023. Disponible: &lt;https:\/\/serviraopovo.com.br\/2023\/09\/12\/viva-o-triunfio-da-guerra-popular-lin-piao-setembro-de-1965&gt;.&nbsp;<\/p>\n\n\n\n<p class=\"has-black-color has-text-color has-link-color wp-elements-2e6021c4a21e0b0aa35cc16aa0cfeec3\">\u00b3 STALIN, JV Orden del Comandante en Jefe Supremo n\u00ba 220. En: STALIN, JV&nbsp;<strong>Obras elegidas<\/strong>&nbsp;(1901-1952).&nbsp;S\u00e3o Paulo: Editora Ra\u00edzes da Am\u00e9rica, 2021. p.&nbsp;647.<\/p>\n\n\n\n<p class=\"has-black-color has-text-color has-link-color wp-elements-6b0c4b8c7d2de65a89519bacd2cfc338\"><sup>4 &nbsp;<\/sup>&nbsp;STALIN, JV Discurso de victoria.&nbsp;En: STALIN, JV<strong>&nbsp;Obras elegidas<\/strong>&nbsp;(1901-1952).&nbsp;S\u00e3o Paulo: Editora Ra\u00edzes da Am\u00e9rica, 2021. p.&nbsp;651.<\/p>\n\n\n\n<p class=\"has-black-color has-text-color has-link-color wp-elements-170a3c40c847d46c06c35e96f3a6c9e5\"><sup>5<\/sup>&nbsp;&nbsp;CHINH, T. \u00a1La resistencia vencer\u00e1!.&nbsp;En: CHINH, T.<strong>&nbsp;Escritos seleccionados.&nbsp;<\/strong>Mosc\u00fa: Editorial en lengua extranjera, 1977. p.&nbsp;100.<\/p>\n\n\n\n<p class=\"has-black-color has-text-color has-link-color wp-elements-9c3d833a85a81a4ee379048e102c10b0\"><sup>6<\/sup>&nbsp;&nbsp;MINH, HC Lucha hasta la victoria total.&nbsp;<strong>Marxists,<\/strong>&nbsp;06 de noviembre.&nbsp;2022. Disponible en: &lt;https:\/\/www.marxists.org\/portugues\/ho_chi_minh\/1966\/07\/17.htm&gt;.&nbsp;<\/p>\n\n\n\n<p class=\"has-black-color has-text-color has-link-color wp-elements-7592b6f772019187cca12c07a71dd7b1\"><sup>7<\/sup>&nbsp;&nbsp;FANON, F. Independencia nacional, la \u00fanica soluci\u00f3n posible.&nbsp;En: FANON, F.<strong>&nbsp;Escritos pol\u00edticos.&nbsp;<\/strong>S\u00e3o Paulo: Boitempo, 2021. p.&nbsp;46.<\/p>\n\n\n\n<p class=\"has-black-color has-text-color has-link-color wp-elements-a7a045c536e55ea91fe51b99929d1732\"><sup>8<\/sup>&nbsp;&nbsp;FANON, F. La expansi\u00f3n del movimiento antiimperialista y los retrocesos de la pacificaci\u00f3n.&nbsp;En: FANON, F.<strong>&nbsp;Escritos pol\u00edticos.&nbsp;<\/strong>S\u00e3o Paulo: Boitempo, 2021. p.&nbsp;117.<\/p>\n\n\n\n<p class=\"has-black-color has-text-color has-link-color wp-elements-a4461edd43952d35261c4e405765dc58\"><sub>9<\/sub>&nbsp;&nbsp;Cf. \u00c1VILA, R. Cuba: el 26 de julio que cambi\u00f3 la Historia.&nbsp;<strong>Revista Opera,<\/strong>&nbsp;27 de julio.&nbsp;2021. Disponible en: &lt;https:\/\/revistaopera.com.br\/2021\/07\/27\/cuba-o-26-de-julho-que-mudou-a-historia\/&gt;.&nbsp;<\/p>\n\n\n\n<p class=\"has-black-color has-text-color has-link-color wp-elements-646889343616f9a756cad7463f971092\"><sup>10<\/sup>&nbsp;&nbsp;ORGANIZACI\u00d3N DE LAS NACIONES UNIDAS.&nbsp;Declaraci\u00f3n del Sr. Che Guevara (Cuba) ante la Asamblea General de las Naciones Unidas el 11 de diciembre de 1964.<strong>&nbsp;Youtube,<\/strong>&nbsp;23 de enero.&nbsp;2009. Disponible en: &lt;https:\/\/www.youtube.com\/watch?v=bufHojkoGtw&amp;ab_channel=UnitedNations&gt;.&nbsp;<\/p>\n\n\n\n<p class=\"has-black-color has-text-color has-link-color wp-elements-4c4864f5502030a621e705fc515f228a\">\u00b9\u00b9 POMAR, P. El pueblo alcanzar\u00e1 la verdadera independencia,&nbsp;<strong>Servir ao Povo<\/strong><strong>,<\/strong>&nbsp;07 de septiembre.&nbsp;2017. Disponible en: &lt;https:\/\/serviraopovo.com.br\/2017\/09\/07\/o-povo-conquistara-a-verdadeira-independencia-pedro-pomar-1972\/&gt;.&nbsp;<\/p>\n\n\n\n<p class=\"has-black-color has-text-color has-link-color wp-elements-027d69856174655f7bb7f6841953d1a2\">\u00b9\u00b2 GUZM\u00c1N, MRA.&nbsp;Discurso carcelario.&nbsp;<strong>Servir ao Povo,<\/strong>&nbsp;24 de septiembre.&nbsp;2021. Disponible en: &lt;https:\/\/serviraopovo.wordpress.com\/2021\/09\/24\/president-gonzalo-discurso-do-carcere\/&gt;.&nbsp;<\/p>\n\n\n\n<p class=\"has-black-color has-text-color has-link-color wp-elements-a45e1ea6d5754bb4642e43130f823429\">\u00b9\u00b3 INTERNACIONAL COMUNISTA.&nbsp;Tesis sobre el movimiento revolucionario en los pa\u00edses coloniales y semicoloniales.&nbsp;<strong>Marxists,<\/strong>&nbsp;25 de marzo.&nbsp;2014. Disponible en: &lt;https:\/\/www.marxists.org\/portugues\/tematica\/1928\/09\/teses_comintern.htm&gt;.&nbsp;<\/p>\n\n\n\n<p class=\"has-black-color has-text-color has-link-color wp-elements-d3af7a07746459bbbd93124fce4e6c10\"><sup>14<\/sup>&nbsp;&nbsp;MARX, K. La cuesti\u00f3n irlandesa.&nbsp;<strong>Marxists,<\/strong>&nbsp;25 de noviembre.&nbsp;2004. Disponible en: &lt;https:\/\/www.marxists.org\/portugues\/marx\/1869\/11\/questao.htm&gt;.&nbsp;<\/p>\n","protected":false},"excerpt":{"rendered":"<p>Compartimos la traducci\u00f3n no oficial de este articulo encontrado en el peri\u00f3dico A Nova Democracia El pueblo palestino y la lucha armada de resistencia nacional palestina contra los t\u00edteres sionistas del imperialismo que ocupan sus tierras han sido una luz para todos los pueblos oprimidos del mundo.&nbsp;La venganza contra la Nakba es tambi\u00e9n parte integral [&hellip;]<\/p>\n","protected":false},"author":1,"featured_media":25848,"comment_status":"open","ping_status":"open","sticky":false,"template":"","format":"standard","meta":{"footnotes":""},"categories":[16,116,31,135],"tags":[105],"class_list":["post-25847","post","type-post","status-publish","format-standard","has-post-thumbnail","hentry","category-carrusel","category-imperialismo","category-internacional","category-resistencia-palestina","tag-resistencia-palestina"],"blocksy_meta":[],"_links":{"self":[{"href":"https:\/\/nuevademocracia.com.co\/index.php?rest_route=\/wp\/v2\/posts\/25847","targetHints":{"allow":["GET"]}}],"collection":[{"href":"https:\/\/nuevademocracia.com.co\/index.php?rest_route=\/wp\/v2\/posts"}],"about":[{"href":"https:\/\/nuevademocracia.com.co\/index.php?rest_route=\/wp\/v2\/types\/post"}],"author":[{"embeddable":true,"href":"https:\/\/nuevademocracia.com.co\/index.php?rest_route=\/wp\/v2\/users\/1"}],"replies":[{"embeddable":true,"href":"https:\/\/nuevademocracia.com.co\/index.php?rest_route=%2Fwp%2Fv2%2Fcomments&post=25847"}],"version-history":[{"count":2,"href":"https:\/\/nuevademocracia.com.co\/index.php?rest_route=\/wp\/v2\/posts\/25847\/revisions"}],"predecessor-version":[{"id":25850,"href":"https:\/\/nuevademocracia.com.co\/index.php?rest_route=\/wp\/v2\/posts\/25847\/revisions\/25850"}],"wp:featuredmedia":[{"embeddable":true,"href":"https:\/\/nuevademocracia.com.co\/index.php?rest_route=\/wp\/v2\/media\/25848"}],"wp:attachment":[{"href":"https:\/\/nuevademocracia.com.co\/index.php?rest_route=%2Fwp%2Fv2%2Fmedia&parent=25847"}],"wp:term":[{"taxonomy":"category","embeddable":true,"href":"https:\/\/nuevademocracia.com.co\/index.php?rest_route=%2Fwp%2Fv2%2Fcategories&post=25847"},{"taxonomy":"post_tag","embeddable":true,"href":"https:\/\/nuevademocracia.com.co\/index.php?rest_route=%2Fwp%2Fv2%2Ftags&post=25847"}],"curies":[{"name":"wp","href":"https:\/\/api.w.org\/{rel}","templated":true}]}}