{"id":25851,"date":"2023-11-15T16:17:11","date_gmt":"2023-11-15T21:17:11","guid":{"rendered":"https:\/\/nuevademocracia.com.co\/?p=25851"},"modified":"2024-07-10T13:35:33","modified_gmt":"2024-07-10T18:35:33","slug":"frantz-fanon-la-lucha-contra-el-colonialismo-en-argelia-y-palestina","status":"publish","type":"post","link":"https:\/\/nuevademocracia.com.co\/?p=25851","title":{"rendered":"Frantz Fanon: La lucha contra el colonialismo en Argelia y Palestina"},"content":{"rendered":"\n<p class=\"has-black-color has-text-color has-link-color wp-elements-ddc04404709cc586a4de851a16e2dce3\">Compartimos la traducci\u00f3n no oficial de este articulo encontrado en el peri\u00f3dico A Nova Democracia<\/p>\n\n\n\n<figure class=\"wp-block-image aligncenter size-full\"><img loading=\"lazy\" decoding=\"async\" width=\"937\" height=\"625\" src=\"https:\/\/nuevademocracia.com.co\/wp-content\/uploads\/2023\/11\/image-14.png\" alt=\"\" class=\"wp-image-25852\" srcset=\"https:\/\/nuevademocracia.com.co\/wp-content\/uploads\/2023\/11\/image-14.png 937w, https:\/\/nuevademocracia.com.co\/wp-content\/uploads\/2023\/11\/image-14-300x200.png 300w, https:\/\/nuevademocracia.com.co\/wp-content\/uploads\/2023\/11\/image-14-768x512.png 768w\" sizes=\"auto, (max-width: 937px) 100vw, 937px\" \/><figcaption class=\"wp-element-caption\"><mark style=\"background-color:rgba(0, 0, 0, 0)\" class=\"has-inline-color has-black-color\">Frantz Fan\u00f3n. Foto: Trabajador Socialista\/Reproducci\u00f3n<\/mark><\/figcaption><\/figure>\n\n\n\n<p class=\"has-black-color has-text-color has-link-color wp-elements-3400c3ba3fdba66f38efc341878bf69c\">En diciembre de 1957, Frantz Fanon <a href=\"https:\/\/anovademocracia-com-br.translate.goog\/frantz-fanon-a-luta-contra-o-colonialismo-na-argelia-e-na-palestina\/?_x_tr_sl=pt&amp;_x_tr_tl=es&amp;_x_tr_hl=es&amp;_x_tr_pto=wapp#b1084138-fd53-46f2-ae12-badeeec48bbb\"><sup>1<\/sup><\/a> escribi\u00f3 una serie de tres art\u00edculos en el peri\u00f3dico <em>El Moudjahid<\/em> (Guerrero Santo), \u00f3rgano de prensa del Frente de Liberaci\u00f3n Nacional de Argelia. En uno de estos textos analiz\u00f3 el papel de los intelectuales y dem\u00f3cratas franceses en la Revoluci\u00f3n argelina <a href=\"https:\/\/anovademocracia-com-br.translate.goog\/frantz-fanon-a-luta-contra-o-colonialismo-na-argelia-e-na-palestina\/?_x_tr_sl=pt&amp;_x_tr_tl=es&amp;_x_tr_hl=es&amp;_x_tr_pto=wapp#7155c594-2349-48e2-9714-240e95ef2849\"><sup>2<\/sup><\/a> . El pueblo argelino estaba librando una feroz lucha por su liberaci\u00f3n del yugo del colonialismo franc\u00e9s, muy similar a la lucha del pueblo palestino, por la soberan\u00eda y la autodeterminaci\u00f3n, contra el Estado sionista de Israel. La advertencia de Fanon a los intelectuales y dem\u00f3cratas franceses es muy actual y viene como anillo al dedo, 66 a\u00f1os despu\u00e9s, para exhortar a los intelectuales y dem\u00f3cratas de hoy en d\u00eda en relaci\u00f3n con la causa palestina.<\/p>\n\n\n\n<p class=\"has-black-color has-text-color has-link-color wp-elements-a7e04257a70d4b4cc98255d8e3062ff1\">En las primeras l\u00edneas del art\u00edculo, Fanon elige como uno de los primeros deberes de los intelectuales el apoyo sin reservas a la reivindicaci\u00f3n nacional de los pueblos oprimidos. Destaca adem\u00e1s la importante tarea de informar al pueblo, campesinos y trabajadores, sobre las razones que llevan a los pueblos oprimidos a emprender la lucha por su liberaci\u00f3n. Advierte que, si esta tarea no se cumple, estos dem\u00f3cratas se encerrar\u00e1n en s\u00ed mismos, convenci\u00e9ndose a s\u00ed mismos a trav\u00e9s de art\u00edculos y estudios alejados de la gente real.<\/p>\n\n\n\n<p class=\"has-black-color has-text-color has-link-color wp-elements-7552ee4cca317723168699ff339fb39e\">Para el pueblo concreto, hombres, mujeres, ni\u00f1os y ancianos de un pa\u00eds colonizado, la existencia en el sentido biol\u00f3gico de la palabra coincide con la existencia como pueblo soberano. Esta descripci\u00f3n que hace Fanon sobre el estado de \u00e1nimo de los pueblos colonizados es la misma que se resume en un proverbio palestino que dice: \u201cLa tierra equivale al alma\u201d <a href=\"https:\/\/anovademocracia-com-br.translate.goog\/frantz-fanon-a-luta-contra-o-colonialismo-na-argelia-e-na-palestina\/?_x_tr_sl=pt&amp;_x_tr_tl=es&amp;_x_tr_hl=es&amp;_x_tr_pto=wapp#67cba119-5cf3-4308-b1b9-e0f179fe3858\"><sup>3<\/sup><\/a> . Ante esto, la \u00fanica soluci\u00f3n posible, el \u00fanico camino de salvaci\u00f3n para estas personas, es responder lo m\u00e1s en\u00e9rgicamente posible al genocidio perpetrado contra ellas.<\/p>\n\n\n\n<p class=\"has-black-color has-text-color has-link-color wp-elements-c601e97212d14f4c59ea64d65092a9b9\">As\u00ed como los monopolios de la prensa en Francia, en ese momento, predicaban diariamente que el ej\u00e9rcito colonial estaba combatiendo la barbarie en Argelia, actualmente asistimos a una cobertura sinverg\u00fcenza de los monopolios de las comunicaciones, mu\u00f1ecos ventr\u00edlocuos del imperialismo yanqui y del sionismo, en los que predican que los palestinos son \u201canimales\u201d que deben ser exterminados. Aliado a esta mezcla vertida desde las pantallas de televisi\u00f3n y los sitios web est\u00e1 el discurso repetido por el oportunismo, con Luiz In\u00e1cio como su l\u00edder en Brasil, equiparando la violencia de los oprimidos con la violencia practicada por el opresor. De esta manera, la falsa izquierda condiciona su apoyo a la docilidad del pueblo palestino. En \u201cLos condenados de la tierra\u201d, obra considerada su testamento pol\u00edtico, Fanon justifica la violencia del colonizado frente a la violencia del colonizador, demostrando que la descolonizaci\u00f3n es un proceso violento, el \u00fanico camino hacia la liberaci\u00f3n nacional efectiva y la restituci\u00f3n de la naci\u00f3n al pueblo.&nbsp;<\/p>\n\n\n\n<p class=\"has-black-color has-text-color has-link-color wp-elements-b9a486735a6f74f418d8824b2550ed5a\">Fanon nos dice que el colonialismo no se trata de un tipo de relaciones individuales, sino de la conquista de un territorio nacional y la opresi\u00f3n de un pueblo. Tampoco se trata de un determinado comportamiento humano o modalidad de relaciones entre individuos. En primer lugar, el colonialismo es dominaci\u00f3n militar. Esta definici\u00f3n socava los argumentos de quienes quieren clasificar la lucha entre el pueblo palestino y el Estado sionista de Israel como una guerra religiosa o un legado que se remonta a Abraham, Agar e Ismael. El hecho es que hasta que Palestina sea libre, cada israel\u00ed es un soldado enemigo, del mismo modo que lo fue cada franc\u00e9s en Argelia. Todas las relaciones entre israel\u00edes y palestinos, as\u00ed como la relaci\u00f3n entre franceses y argelinos, se basan en la fuerza. La evocaci\u00f3n de casos particulares de israel\u00edes que fueron anormalmente amables con los palestinos no cambia la naturaleza de las relaciones entre un grupo extranjero que se ha apoderado de los atributos de la soberan\u00eda nacional y el pueblo que est\u00e1 privado del ejercicio del poder. Ninguna relaci\u00f3n personal puede contradecir este hecho fundamental: el Estado de Israel, a trav\u00e9s de su ej\u00e9rcito y de sus instituciones, se opone a la existencia de la naci\u00f3n palestina <sup>[2]<\/sup>.<\/p>\n\n\n\n<p class=\"has-black-color has-text-color has-link-color wp-elements-b172c2580085cb0ec911492104865951\">La guerra de liberaci\u00f3n no es un pedido de reformas, sino el esfuerzo grandioso de un pueblo, al que momificaron, para redescubrir su genio, recuperar su historia en sus propias manos y erigirse en soberano [2]. Esta comprensi\u00f3n es lo que ha llevado a los palestinos que viven en Cisjordania a levantarse tambi\u00e9n por su independencia y contra el oportunismo de la Autoridad Palestina\/Fatah, lame las botas del imperialismo.&nbsp;<\/p>\n\n\n\n<p class=\"has-black-color has-text-color has-link-color wp-elements-0acbbebcf469c0a3e9d6eb91986cd0f1\">La misi\u00f3n de mujeres y hombres avanzados es la defensa intransigente del derecho del pueblo palestino a disponer de s\u00ed mismo, el reconocimiento de la voluntad nacional, la liquidaci\u00f3n del colonialismo y el establecimiento de relaciones rec\u00edprocas y enriquecedoras entre pueblos libres. Corresponde a los intelectuales informar y explicar a las masas campesinas y trabajadoras las caracter\u00edsticas de la lucha del pueblo palestino, dejando claros los principios que la rigen y sus objetivos.<\/p>\n\n\n\n<p class=\"has-black-color has-text-color has-link-color wp-elements-c696e8fd07be78d7d8e01bc2e110efed\">\u00a1Palestina resiste! \u00a1Palestina triunfar\u00e1!<\/p>\n\n\n\n<hr class=\"wp-block-separator has-alpha-channel-opacity\"\/>\n\n\n\n<p class=\"has-black-color has-text-color has-link-color wp-elements-ee85029c351d5b3f026a56f59a4064c0\"><strong>Este texto refleja la opini\u00f3n del autor.<\/strong><\/p>\n\n\n\n<p class=\"has-black-color has-text-color has-link-color wp-elements-3c03d795f08772eb7504dd06c44f71a7\"><strong>Referencias:<\/strong><\/p>\n\n\n\n<ol start=\"1\" class=\"has-black-color has-text-color has-link-color wp-block-list wp-elements-3fb87030c15b66f143e38ceb529a65d2\">\n<li><mark style=\"background-color:rgba(0, 0, 0, 0)\" class=\"has-inline-color has-black-color\">M\u00e9dico, fil\u00f3sofo pol\u00edtico, te\u00f3rico del colonialismo y revolucionario de la independencia de Argelia y \u00c1frica.\u00a0\u00a0 <a href=\"https:\/\/anovademocracia-com-br.translate.goog\/frantz-fanon-a-luta-contra-o-colonialismo-na-argelia-e-na-palestina\/?_x_tr_sl=pt&amp;_x_tr_tl=es&amp;_x_tr_hl=es&amp;_x_tr_pto=wapp#b1084138-fd53-46f2-ae12-badeeec48bbb-link\">\u21a9\ufe0e<\/a><\/mark><\/li>\n\n\n\n<li><a href=\"https:\/\/translate.google.com\/website?sl=pt&amp;tl=es&amp;hl=es&amp;client=webapp&amp;u=https:\/\/www.marxists.org\/portugues\/fanon\/1969\/defesa\/09.htm\" target=\"_blank\" rel=\"noreferrer noopener\">https:\/\/www.marxists.org\/portugues\/fanon\/1969\/defesa\/09.htm <\/a>&nbsp; <a href=\"https:\/\/anovademocracia-com-br.translate.goog\/frantz-fanon-a-luta-contra-o-colonialismo-na-argelia-e-na-palestina\/?_x_tr_sl=pt&amp;_x_tr_tl=es&amp;_x_tr_hl=es&amp;_x_tr_pto=wapp#7155c594-2349-48e2-9714-240e95ef2849-link\">\u21a9\ufe0e<\/a><\/li>\n\n\n\n<li><a href=\"https:\/\/translate.google.com\/website?sl=pt&amp;tl=es&amp;hl=es&amp;client=webapp&amp;u=https:\/\/blogdaboitempo.com.br\/2023\/10\/31\/alem-do-luto-sobre-amar-e-ficar-com-aqueles-que-morrem-em-nossos-bracos\/\" target=\"_blank\" rel=\"noreferrer noopener\">https:\/\/blogdaboitempo.com.br\/2023\/10\/31\/alem-do-luto-sobre-amar-e-ficar-com-vamos-que-morrem-em-nossos-bracos\/ <\/a>&nbsp; <a href=\"https:\/\/anovademocracia-com-br.translate.goog\/frantz-fanon-a-luta-contra-o-colonialismo-na-argelia-e-na-palestina\/?_x_tr_sl=pt&amp;_x_tr_tl=es&amp;_x_tr_hl=es&amp;_x_tr_pto=wapp#67cba119-5cf3-4308-b1b9-e0f179fe3858-link\">\u21a9\ufe0e<\/a><\/li>\n<\/ol>\n","protected":false},"excerpt":{"rendered":"<p>Compartimos la traducci\u00f3n no oficial de este articulo encontrado en el peri\u00f3dico A Nova Democracia En diciembre de 1957, Frantz Fanon 1 escribi\u00f3 una serie de tres art\u00edculos en el peri\u00f3dico El Moudjahid (Guerrero Santo), \u00f3rgano de prensa del Frente de Liberaci\u00f3n Nacional de Argelia. En uno de estos textos analiz\u00f3 el papel de los [&hellip;]<\/p>\n","protected":false},"author":1,"featured_media":25852,"comment_status":"open","ping_status":"open","sticky":false,"template":"","format":"standard","meta":{"footnotes":""},"categories":[16,116,31,135],"tags":[105],"class_list":["post-25851","post","type-post","status-publish","format-standard","has-post-thumbnail","hentry","category-carrusel","category-imperialismo","category-internacional","category-resistencia-palestina","tag-resistencia-palestina"],"blocksy_meta":[],"_links":{"self":[{"href":"https:\/\/nuevademocracia.com.co\/index.php?rest_route=\/wp\/v2\/posts\/25851","targetHints":{"allow":["GET"]}}],"collection":[{"href":"https:\/\/nuevademocracia.com.co\/index.php?rest_route=\/wp\/v2\/posts"}],"about":[{"href":"https:\/\/nuevademocracia.com.co\/index.php?rest_route=\/wp\/v2\/types\/post"}],"author":[{"embeddable":true,"href":"https:\/\/nuevademocracia.com.co\/index.php?rest_route=\/wp\/v2\/users\/1"}],"replies":[{"embeddable":true,"href":"https:\/\/nuevademocracia.com.co\/index.php?rest_route=%2Fwp%2Fv2%2Fcomments&post=25851"}],"version-history":[{"count":3,"href":"https:\/\/nuevademocracia.com.co\/index.php?rest_route=\/wp\/v2\/posts\/25851\/revisions"}],"predecessor-version":[{"id":25855,"href":"https:\/\/nuevademocracia.com.co\/index.php?rest_route=\/wp\/v2\/posts\/25851\/revisions\/25855"}],"wp:featuredmedia":[{"embeddable":true,"href":"https:\/\/nuevademocracia.com.co\/index.php?rest_route=\/wp\/v2\/media\/25852"}],"wp:attachment":[{"href":"https:\/\/nuevademocracia.com.co\/index.php?rest_route=%2Fwp%2Fv2%2Fmedia&parent=25851"}],"wp:term":[{"taxonomy":"category","embeddable":true,"href":"https:\/\/nuevademocracia.com.co\/index.php?rest_route=%2Fwp%2Fv2%2Fcategories&post=25851"},{"taxonomy":"post_tag","embeddable":true,"href":"https:\/\/nuevademocracia.com.co\/index.php?rest_route=%2Fwp%2Fv2%2Ftags&post=25851"}],"curies":[{"name":"wp","href":"https:\/\/api.w.org\/{rel}","templated":true}]}}