{"id":25863,"date":"2023-12-06T13:51:16","date_gmt":"2023-12-06T18:51:16","guid":{"rendered":"https:\/\/nuevademocracia.com.co\/?p=25863"},"modified":"2024-07-10T13:38:03","modified_gmt":"2024-07-10T18:38:03","slug":"carta-de-prisionera-israeli-a-las-brigadas-de-al-qassam","status":"publish","type":"post","link":"https:\/\/nuevademocracia.com.co\/?p=25863","title":{"rendered":"Carta de prisionera israel\u00ed a las Brigadas de Al-Qassam"},"content":{"rendered":"\n<p class=\"has-black-color has-text-color has-link-color wp-elements-0dc51c75dc1d0f6b37b8f0e398960cb1\"><em>Reproducimos una nota de la prensa popular y democr\u00e1tica Jornal A Nova Democracia.<\/em><\/p>\n\n\n\n<p class=\"has-black-color has-text-color has-link-color wp-elements-f9c1599916569fb18283ceb23fe55e86\">Una de las detenidas envi\u00f3 un mensaje a los combatientes y l\u00edderes de las Brigadas Al-Qassam que la acompa\u00f1aron durante su per\u00edodo de detenci\u00f3n, antes de su liberaci\u00f3n en virtud del acuerdo de intercambio como parte de la tregua humanitaria.<\/p>\n\n\n\n<p class=\"has-black-color has-text-color has-link-color wp-elements-166c87468fffafe488d2adc4933c22d0\">La detenida en cuesti\u00f3n es la misma que apareci\u00f3 en un v\u00eddeo denunciando a Netanyahu.<\/p>\n\n\n\n<p class=\"has-black-color has-text-color has-link-color wp-elements-f0aea1253fbb3cb474366ee5297c4d4a\">El texto de la carta es el siguiente:<\/p>\n\n\n\n<p class=\"has-black-color has-text-color has-link-color wp-elements-12dc065638cc908cd06207bb715fa649\"><em>A los generales que me han acompa\u00f1ado en las \u00faltimas semanas, parece que ma\u00f1ana nos separaremos, pero les agradezco desde el fondo de mi coraz\u00f3n la extraordinaria humanidad mostrada a mi hija, Emilia. Eran como padres para ella, invit\u00e1ndola a sus habitaciones cuando ella quer\u00eda. Ella reconoce que siente que todos ustedes son sus amigos, no solo amigos, sino verdaderamente amados y buenos.<\/em><\/p>\n\n\n\n<p class=\"has-black-color has-text-color has-link-color wp-elements-bc94c33fade58aa22425668ae8eb7366\"><em>Gracias por ser pacientes con ella y por darle dulces, fruta y todo lo que estaba disponible, incluso cuando no lo estaba. Se supone que los ni\u00f1os no deber\u00edan estar en cautiverio, pero gracias a (las) personas amables que conocimos en el camino, mi hija se sinti\u00f3 como una reina en Gaza&#8230; En general, reconoce que se sinti\u00f3 como el centro del mundo. No conoci\u00f3 a nadie en nuestro largo viaje, desde los soldados rasos hasta los l\u00edderes, que no la trataran con amabilidad, afecto y amor.<\/em><\/p>\n\n\n\n<p class=\"has-black-color has-text-color has-link-color wp-elements-74b296992de8bbca49c96f6d7c388749\"><em>Siempre ser\u00e9 prisionera de gratitud porque ella no se fue de aqu\u00ed con un trauma psicol\u00f3gico de por vida. Me acordar\u00e9 de su comportamiento gentil, concedido aqu\u00ed a pesar de la dif\u00edcil situaci\u00f3n con la que estaban lidiando y las graves p\u00e9rdidas que sufrieron.<\/em><\/p>\n\n\n\n<p class=\"has-black-color has-text-color has-link-color wp-elements-f68b3c53d6650b9b486309b8d5ad6971\"><em>&nbsp;Les deseo a todos salud y bienestar&#8230; Salud y amor para ustedes y los ni\u00f1os de sus familias.<\/em><\/p>\n\n\n\n<p class=\"has-black-color has-text-color has-link-color wp-elements-6e0eaf84205e2e1e7059c3fdfa00164b\"><em>Danyal y Emilia<\/em><em><\/em><\/p>\n","protected":false},"excerpt":{"rendered":"<p>Reproducimos una nota de la prensa popular y democr\u00e1tica Jornal A Nova Democracia. Una de las detenidas envi\u00f3 un mensaje a los combatientes y l\u00edderes de las Brigadas Al-Qassam que la acompa\u00f1aron durante su per\u00edodo de detenci\u00f3n, antes de su liberaci\u00f3n en virtud del acuerdo de intercambio como parte de la tregua humanitaria. La detenida [&hellip;]<\/p>\n","protected":false},"author":1,"featured_media":25755,"comment_status":"open","ping_status":"open","sticky":false,"template":"","format":"standard","meta":{"footnotes":""},"categories":[16,31,135],"tags":[105],"class_list":["post-25863","post","type-post","status-publish","format-standard","has-post-thumbnail","hentry","category-carrusel","category-internacional","category-resistencia-palestina","tag-resistencia-palestina"],"blocksy_meta":[],"_links":{"self":[{"href":"https:\/\/nuevademocracia.com.co\/index.php?rest_route=\/wp\/v2\/posts\/25863","targetHints":{"allow":["GET"]}}],"collection":[{"href":"https:\/\/nuevademocracia.com.co\/index.php?rest_route=\/wp\/v2\/posts"}],"about":[{"href":"https:\/\/nuevademocracia.com.co\/index.php?rest_route=\/wp\/v2\/types\/post"}],"author":[{"embeddable":true,"href":"https:\/\/nuevademocracia.com.co\/index.php?rest_route=\/wp\/v2\/users\/1"}],"replies":[{"embeddable":true,"href":"https:\/\/nuevademocracia.com.co\/index.php?rest_route=%2Fwp%2Fv2%2Fcomments&post=25863"}],"version-history":[{"count":2,"href":"https:\/\/nuevademocracia.com.co\/index.php?rest_route=\/wp\/v2\/posts\/25863\/revisions"}],"predecessor-version":[{"id":25865,"href":"https:\/\/nuevademocracia.com.co\/index.php?rest_route=\/wp\/v2\/posts\/25863\/revisions\/25865"}],"wp:featuredmedia":[{"embeddable":true,"href":"https:\/\/nuevademocracia.com.co\/index.php?rest_route=\/wp\/v2\/media\/25755"}],"wp:attachment":[{"href":"https:\/\/nuevademocracia.com.co\/index.php?rest_route=%2Fwp%2Fv2%2Fmedia&parent=25863"}],"wp:term":[{"taxonomy":"category","embeddable":true,"href":"https:\/\/nuevademocracia.com.co\/index.php?rest_route=%2Fwp%2Fv2%2Fcategories&post=25863"},{"taxonomy":"post_tag","embeddable":true,"href":"https:\/\/nuevademocracia.com.co\/index.php?rest_route=%2Fwp%2Fv2%2Ftags&post=25863"}],"curies":[{"name":"wp","href":"https:\/\/api.w.org\/{rel}","templated":true}]}}