{"id":25892,"date":"2024-01-02T15:27:00","date_gmt":"2024-01-02T20:27:00","guid":{"rendered":"https:\/\/nuevademocracia.com.co\/?p=25892"},"modified":"2024-02-10T17:02:35","modified_gmt":"2024-02-10T22:02:35","slug":"accion-en-conmemoracion-de-los-130-anos-del-natalicio-del-presidente-mao-tsetung","status":"publish","type":"post","link":"https:\/\/nuevademocracia.com.co\/?p=25892","title":{"rendered":"Acci\u00f3n en conmemoraci\u00f3n de los 130 a\u00f1os del natalicio del presidente Mao Tsetung"},"content":{"rendered":"\n<p class=\"has-black-color has-text-color has-link-color wp-elements-3f2b2594c7e9f2701a8c72bd3e671506\">A nuestro correo electr\u00f3nico fueron enviadas las siguientes im\u00e1genes de una acci\u00f3n realizada en conmemoraci\u00f3n de los 130 a\u00f1os del presidente Mao Tse Tung. <\/p>\n\n\n\n<figure class=\"wp-block-gallery has-nested-images columns-default is-cropped wp-block-gallery-1 is-layout-flex wp-block-gallery-is-layout-flex\">\n<figure class=\"wp-block-image size-full is-style-default\"><img loading=\"lazy\" decoding=\"async\" width=\"2560\" height=\"1707\" data-id=\"25896\" src=\"https:\/\/nuevademocracia.com.co\/wp-content\/uploads\/2024\/01\/130PM-Col-1-scaled.jpg\" alt=\"\" class=\"wp-image-25896\" srcset=\"https:\/\/nuevademocracia.com.co\/wp-content\/uploads\/2024\/01\/130PM-Col-1-scaled.jpg 2560w, https:\/\/nuevademocracia.com.co\/wp-content\/uploads\/2024\/01\/130PM-Col-1-300x200.jpg 300w, https:\/\/nuevademocracia.com.co\/wp-content\/uploads\/2024\/01\/130PM-Col-1-1024x683.jpg 1024w, https:\/\/nuevademocracia.com.co\/wp-content\/uploads\/2024\/01\/130PM-Col-1-768x512.jpg 768w, https:\/\/nuevademocracia.com.co\/wp-content\/uploads\/2024\/01\/130PM-Col-1-1536x1024.jpg 1536w, https:\/\/nuevademocracia.com.co\/wp-content\/uploads\/2024\/01\/130PM-Col-1-2048x1365.jpg 2048w\" sizes=\"auto, (max-width: 2560px) 100vw, 2560px\" \/><\/figure>\n\n\n\n<figure class=\"wp-block-image size-large is-style-default\"><img loading=\"lazy\" decoding=\"async\" width=\"1024\" height=\"683\" data-id=\"25897\" src=\"https:\/\/nuevademocracia.com.co\/wp-content\/uploads\/2024\/01\/130PM-Col-2-1-1024x683.jpg\" alt=\"\" class=\"wp-image-25897\" srcset=\"https:\/\/nuevademocracia.com.co\/wp-content\/uploads\/2024\/01\/130PM-Col-2-1-1024x683.jpg 1024w, https:\/\/nuevademocracia.com.co\/wp-content\/uploads\/2024\/01\/130PM-Col-2-1-300x200.jpg 300w, https:\/\/nuevademocracia.com.co\/wp-content\/uploads\/2024\/01\/130PM-Col-2-1-768x512.jpg 768w, https:\/\/nuevademocracia.com.co\/wp-content\/uploads\/2024\/01\/130PM-Col-2-1-1536x1024.jpg 1536w, https:\/\/nuevademocracia.com.co\/wp-content\/uploads\/2024\/01\/130PM-Col-2-1-2048x1365.jpg 2048w\" sizes=\"auto, (max-width: 1024px) 100vw, 1024px\" \/><\/figure>\n\n\n\n<figure class=\"wp-block-image size-large is-style-default\"><img loading=\"lazy\" decoding=\"async\" width=\"1024\" height=\"683\" data-id=\"25898\" src=\"https:\/\/nuevademocracia.com.co\/wp-content\/uploads\/2024\/01\/130PM-Col-3-1-1024x683.jpg\" alt=\"\" class=\"wp-image-25898\" srcset=\"https:\/\/nuevademocracia.com.co\/wp-content\/uploads\/2024\/01\/130PM-Col-3-1-1024x683.jpg 1024w, https:\/\/nuevademocracia.com.co\/wp-content\/uploads\/2024\/01\/130PM-Col-3-1-300x200.jpg 300w, https:\/\/nuevademocracia.com.co\/wp-content\/uploads\/2024\/01\/130PM-Col-3-1-768x512.jpg 768w, https:\/\/nuevademocracia.com.co\/wp-content\/uploads\/2024\/01\/130PM-Col-3-1-1536x1024.jpg 1536w, https:\/\/nuevademocracia.com.co\/wp-content\/uploads\/2024\/01\/130PM-Col-3-1-2048x1365.jpg 2048w\" sizes=\"auto, (max-width: 1024px) 100vw, 1024px\" \/><\/figure>\n\n\n\n<figure class=\"wp-block-image size-large\"><img loading=\"lazy\" decoding=\"async\" width=\"1024\" height=\"683\" data-id=\"25895\" src=\"https:\/\/nuevademocracia.com.co\/wp-content\/uploads\/2024\/01\/130PM-Col-4-1024x683.jpg\" alt=\"\" class=\"wp-image-25895\" srcset=\"https:\/\/nuevademocracia.com.co\/wp-content\/uploads\/2024\/01\/130PM-Col-4-1024x683.jpg 1024w, https:\/\/nuevademocracia.com.co\/wp-content\/uploads\/2024\/01\/130PM-Col-4-300x200.jpg 300w, https:\/\/nuevademocracia.com.co\/wp-content\/uploads\/2024\/01\/130PM-Col-4-768x512.jpg 768w, https:\/\/nuevademocracia.com.co\/wp-content\/uploads\/2024\/01\/130PM-Col-4-1536x1024.jpg 1536w, https:\/\/nuevademocracia.com.co\/wp-content\/uploads\/2024\/01\/130PM-Col-4-2048x1365.jpg 2048w\" sizes=\"auto, (max-width: 1024px) 100vw, 1024px\" \/><figcaption class=\"wp-element-caption\">\u00abVivan los 130 a\u00f1os del natalicio del Presidente Mao! \u00a1Unirse bajo el Mao\u00edsmo!\u00bb<\/figcaption><\/figure>\n<\/figure>\n","protected":false},"excerpt":{"rendered":"<p>A nuestro correo electr\u00f3nico fueron enviadas las siguientes im\u00e1genes de una acci\u00f3n realizada en conmemoraci\u00f3n de los 130 a\u00f1os del presidente Mao Tsetung. <\/p>\n","protected":false},"author":1,"featured_media":25895,"comment_status":"open","ping_status":"open","sticky":false,"template":"","format":"gallery","meta":{"footnotes":""},"categories":[16,4,31],"tags":[62],"class_list":["post-25892","post","type-post","status-publish","format-gallery","has-post-thumbnail","hentry","category-carrusel","category-colombia","category-internacional","tag-conmemoracion","post_format-post-format-gallery"],"blocksy_meta":[],"_links":{"self":[{"href":"https:\/\/nuevademocracia.com.co\/index.php?rest_route=\/wp\/v2\/posts\/25892","targetHints":{"allow":["GET"]}}],"collection":[{"href":"https:\/\/nuevademocracia.com.co\/index.php?rest_route=\/wp\/v2\/posts"}],"about":[{"href":"https:\/\/nuevademocracia.com.co\/index.php?rest_route=\/wp\/v2\/types\/post"}],"author":[{"embeddable":true,"href":"https:\/\/nuevademocracia.com.co\/index.php?rest_route=\/wp\/v2\/users\/1"}],"replies":[{"embeddable":true,"href":"https:\/\/nuevademocracia.com.co\/index.php?rest_route=%2Fwp%2Fv2%2Fcomments&post=25892"}],"version-history":[{"count":4,"href":"https:\/\/nuevademocracia.com.co\/index.php?rest_route=\/wp\/v2\/posts\/25892\/revisions"}],"predecessor-version":[{"id":25926,"href":"https:\/\/nuevademocracia.com.co\/index.php?rest_route=\/wp\/v2\/posts\/25892\/revisions\/25926"}],"wp:featuredmedia":[{"embeddable":true,"href":"https:\/\/nuevademocracia.com.co\/index.php?rest_route=\/wp\/v2\/media\/25895"}],"wp:attachment":[{"href":"https:\/\/nuevademocracia.com.co\/index.php?rest_route=%2Fwp%2Fv2%2Fmedia&parent=25892"}],"wp:term":[{"taxonomy":"category","embeddable":true,"href":"https:\/\/nuevademocracia.com.co\/index.php?rest_route=%2Fwp%2Fv2%2Fcategories&post=25892"},{"taxonomy":"post_tag","embeddable":true,"href":"https:\/\/nuevademocracia.com.co\/index.php?rest_route=%2Fwp%2Fv2%2Ftags&post=25892"}],"curies":[{"name":"wp","href":"https:\/\/api.w.org\/{rel}","templated":true}]}}