{"id":25954,"date":"2024-03-04T15:27:57","date_gmt":"2024-03-04T20:27:57","guid":{"rendered":"https:\/\/nuevademocracia.com.co\/?p=25954"},"modified":"2024-03-04T15:27:57","modified_gmt":"2024-03-04T20:27:57","slug":"crisis-profunda-del-capitalismo-burocratico-en-pakistan","status":"publish","type":"post","link":"https:\/\/nuevademocracia.com.co\/?p=25954","title":{"rendered":"Crisis profunda del capitalismo burocr\u00e1tico en Pakist\u00e1n"},"content":{"rendered":"\n<figure class=\"wp-block-image aligncenter size-large is-resized\"><img loading=\"lazy\" decoding=\"async\" width=\"1024\" height=\"493\" src=\"https:\/\/nuevademocracia.com.co\/wp-content\/uploads\/2024\/03\/image-1024x493.png\" alt=\"\" class=\"wp-image-25955\" style=\"width:840px;height:auto\" srcset=\"https:\/\/nuevademocracia.com.co\/wp-content\/uploads\/2024\/03\/image-1024x493.png 1024w, https:\/\/nuevademocracia.com.co\/wp-content\/uploads\/2024\/03\/image-300x145.png 300w, https:\/\/nuevademocracia.com.co\/wp-content\/uploads\/2024\/03\/image-768x370.png 768w, https:\/\/nuevademocracia.com.co\/wp-content\/uploads\/2024\/03\/image.png 1048w\" sizes=\"auto, (max-width: 1024px) 100vw, 1024px\" \/><figcaption class=\"wp-element-caption\"><em><mark style=\"background-color:rgba(0, 0, 0, 0)\" class=\"has-inline-color has-black-color\">Imagen de cabecera: protesta en Baluchist\u00e1n. Fuente: Dawn News<\/mark><\/em><\/figcaption><\/figure>\n\n\n\n<p class=\"has-black-color has-text-color has-link-color wp-elements-d2c0d56659d1e1e0cbe009bf389cafc8\">Compartimos este articulo encontrado en el <a href=\"https:\/\/heraldorojo.org\/2024\/02\/09\/crisis-profunda-del-capitalismo-burocratico-en-pakistan\/\">Heraldo Rojo<\/a><\/p>\n\n\n\n<p class=\"has-black-color has-text-color has-link-color wp-elements-36b466c07fa896b933f69c0a12968360\"><a href=\"https:\/\/www.voanews.com\/a\/report-terrorist-attacks-kill-nearly-1-000-pakistanis-in-2023-\/7419344.html\">El a\u00f1o 2023 fue el m\u00e1s mortal<\/a>&nbsp;para las fuerzas represivas del Estado pakistan\u00ed en una d\u00e9cada, perdiendo a m\u00e1s de 500 agentes y soldados. El n\u00famero de insurgencias y grupos armados operando en el pa\u00eds es muy elevado, con conflictos presentes en la frontera con Afganist\u00e1n, en la frontera con Ir\u00e1n, en Baluchist\u00e1n, etc. Recientemente se han producido&nbsp;<a href=\"https:\/\/www.bbc.com\/news\/world-asia-68226516\">dos explosiones simult\u00e1neas<\/a>&nbsp;en Baluchist\u00e1n, contra oficinas de partidos electorales que acababan con la vida de decenas de personas y her\u00edan a otras varias decenas, que han marcado de lleno la jornada electoral que se han dado el 8 de febrero y por las que provisionalmente&nbsp;<a href=\"https:\/\/www.msn.com\/en-us\/news\/world\/pakistans-ex-pm-nawaz-sharif-declares-victory-in-fraught-election-as-opponents-claim-vote-rigging\/ar-BB1i2gAW\">se declara vencedor Nawaz Sharif<\/a>.&nbsp;<a href=\"https:\/\/heraldorojo.org\/2024\/01\/10\/sobre-la-situacion-explosiva-en-el-sur-de-asia\/\">Ya hemos informado anteriormente<\/a>&nbsp;de la inestabilidad del sur de Asia.<\/p>\n\n\n\n<p class=\"has-black-color has-text-color has-link-color wp-elements-e73048f4a9798a6f30af7a97fb562cf1\">Este crecimiento de la actividad armada est\u00e1 siendo especialmente intenso en la regi\u00f3n de Baluchist\u00e1n, donde el pueblo lucha contra el Estado de Pakist\u00e1n y contra los intereses de los monopolios. En esta regi\u00f3n se agudizan m\u00faltiples contradicciones, siendo Pakist\u00e1n una naci\u00f3n oprimida por el imperialismo, y Baluchist\u00e1n donde su pueblo lucha por su derecho a trabajar y vivir en sus tierras contras las grandes compa\u00f1\u00edas expoliadoras de recursos naturales.\u00a0<a href=\"https:\/\/narratives.com.pk\/featured\/balochistan-minerals-from-dust-to-glory\/\">Los recursos minerales son enormes y hay un gran inter\u00e9s de los imperialismos por ellos:<\/a>\u00a0hay una variedad de gran valor de dep\u00f3sitos de oro, plata, cobre, hierro, litio, etc., en m\u00e1s de 1.600 minas. Por ejemplo, la mina de Reko Diq representa una de las reservas de oro y cobre m\u00e1s grandes del mundo, y es propiedad del gran monopolio yanqui-canadiense Barrick. Tambi\u00e9n el monopolio chino Metallurgical Group Corp (MCC) est\u00e1 presente en la zona.<\/p>\n\n\n\n<figure class=\"wp-block-image aligncenter size-full\"><img loading=\"lazy\" decoding=\"async\" width=\"931\" height=\"674\" src=\"https:\/\/nuevademocracia.com.co\/wp-content\/uploads\/2024\/03\/image-1.png\" alt=\"\" class=\"wp-image-25956\" srcset=\"https:\/\/nuevademocracia.com.co\/wp-content\/uploads\/2024\/03\/image-1.png 931w, https:\/\/nuevademocracia.com.co\/wp-content\/uploads\/2024\/03\/image-1-300x217.png 300w, https:\/\/nuevademocracia.com.co\/wp-content\/uploads\/2024\/03\/image-1-768x556.png 768w\" sizes=\"auto, (max-width: 931px) 100vw, 931px\" \/><figcaption class=\"wp-element-caption\"><em><mark style=\"background-color:rgba(0, 0, 0, 0)\" class=\"has-inline-color has-black-color\">Mapa que muestra Baluchist\u00e1n en la regi\u00f3n. Fuente: The Guardian<\/mark><\/em><\/figcaption><\/figure>\n\n\n\n<p class=\"has-black-color has-text-color has-link-color wp-elements-5be0540b8613e81426674e0e77ed8b03\">El Estado pakistan\u00ed obedece a sus amos imperialistas y desata la represi\u00f3n contra el pueblo en Baluchist\u00e1n. Destacan las cifras de desaparecidos, que&nbsp;<a href=\"https:\/\/www.jurist.org\/news\/2023\/12\/pakistan-dispatch-violent-crackdown-on-peaceful-baloch-protesters-in-islamabad-highlights-ongoing-injustices-in-balochistan-region\/\">organizaciones por los derechos democr\u00e1ticos del pueblo de Baluchist\u00e1n<\/a>, cifran en 23.000 personas desde 2011. Las movilizaciones en contra de tales abusos estatales, incluso si son pac\u00edficas, son reprimidas con brutalidad, con retenciones durante d\u00edas, torturas, etc. Los falsos encuentros tambi\u00e9n son un m\u00e9todo que denuncian las organizaciones por los derechos democr\u00e1ticos de Baluchist\u00e1n, con<a href=\"https:\/\/www.msn.com\/en-xl\/news\/other\/balochistan-rights-group-alleges-fake-encounters-as-baloch-youth-face-extrajudicial-killings\/ar-BB1hOhvn\">&nbsp;numerosos asesinatos extrajudiciales<\/a>&nbsp;de j\u00f3venes activistas baluch\u00edes. Pero incluso bajo estas condiciones&nbsp;<a href=\"https:\/\/www.bbc.co.uk\/news\/world-asia-68125590\">el pueblo baluch\u00ed se atreve a protestar<\/a>, y recientemente realiz\u00f3 marchas largu\u00edsimas desde sus hogares hasta la capital pakistan\u00ed, Islamabad.<\/p>\n\n\n\n<p class=\"has-black-color has-text-color has-link-color wp-elements-e853b8110b2c6fbe974940ec5654b3f0\">Pero lo que m\u00e1s ha destacado es la intensa insurgencia armada en Baluchist\u00e1n, y que est\u00e1 amenazando los intereses de los monopolios chinos y yanquis,&nbsp;<a href=\"https:\/\/thediplomat.com\/2023\/07\/mining-projects-face-security-threats-in-pakistans-balochistan-province\/\">que est\u00e1n presionando al gobierno pakistan\u00ed<\/a>&nbsp;para incrementar la seguridad en la zona, y por tanto la represi\u00f3n. Varias organizaciones de resistencia de Baluchist\u00e1n como el Frente de Liberaci\u00f3n de Baluchist\u00e1n o el Ej\u00e9rcito de Liberaci\u00f3n de Baluchist\u00e1n, han sido tildadas de terroristas de acuerdo con las leyes de diversas potencias imperialistas. Durante este inicio de a\u00f1o se han realizado numerosas acciones armadas de calado por parte de los grupos armados baluch\u00edes.&nbsp;<a href=\"https:\/\/www.devdiscourse.com\/article\/law-order\/2794223-15-killed-in-terrorist-attacks-in-pakistans-balochistan\">A finales de enero<\/a>&nbsp;se produjeron tres ataques coordinados, incluyendo un fuerte ataque a una prisi\u00f3n, que eliminaron a 15 agentes paquistan\u00edes. Hace escasos d\u00edas se produjo otra destacada acci\u00f3n, un ataque contra una comisar\u00eda de polic\u00eda que&nbsp;<a href=\"https:\/\/www.bbc.com\/news\/world-asia-68201548\">elimin\u00f3 a 10 agentes<\/a>.<\/p>\n\n\n\n<p class=\"has-black-color has-text-color has-link-color wp-elements-1af364e56fbd6f549e92b066cdf64785\">Esta intensa actividad armada ha marcado las elecciones que se celebraron ayer. Las elecciones desde un primer momento han sido un proceso que claramente ha estado dirigido y ejecutado como una completa farsa por parte de las clases dominantes pakistan\u00edes y el imperialismo. Desde un primer momento, se ha querido mantener fuera de juego a Imran Khan con constantes y repentinas<a href=\"https:\/\/www.npr.org\/2024\/01\/30\/1227870386\/pakistan-imran-khan-sentenced-10-years\">&nbsp;acusaciones penales<\/a>&nbsp;como corrupci\u00f3n y revelaci\u00f3n de secretos de Estado, y m\u00e1s recientemente&nbsp;<a href=\"https:\/\/edition.cnn.com\/2024\/02\/03\/asia\/imran-khan-convicted-fraudulent-marriage-pakistan-intl\/index.html\">irregularidades en su enlace matrimonial<\/a>. Tambi\u00e9n algunos medios han querido ver a Khan como una alternativa progresista o menos reaccionaria que la representada por Nawaz Sharif, pero la realidad es que estaba fielmente comprometido con&nbsp;<a href=\"https:\/\/www.dw.com\/en\/pakistan-militant-attacks-in-balochistan-put-pressure-on-chinas-infrastructure-plans\/a-60796264\">proteger los intereses del socialimperialismo chino<\/a>&nbsp;y reprimir al pueblo baluch\u00ed. Adem\u00e1s, el retorno de Nawaz Sharif al pa\u00eds como candidato apoyado por los militares, ha dejado preparado el escenario para la farsa que ha tenido lugar el 8 de febrero. Pero las masas desconf\u00edan ampliamente de las promesas electorales de los diversos candidatos que se han presentado a las elecciones y&nbsp;<a href=\"https:\/\/news.gallup.com\/poll\/505973\/corruption-spotlight-pakistan-economy-spirals.aspx\">no creen que su situaci<\/a><a href=\"https:\/\/news.gallup.com\/poll\/505973\/corruption-spotlight-pakistan-economy-spirals.aspx\">\u00f3n vaya a mejorar tras esta nueva farsa electoral.<\/a>&nbsp;Lo cierto es que incluso muchos de los medios burgueses apuntan a una falta de transparencia total, y a que todo se ha preparado para que Sharif gane las elecciones con la ayuda de los militares.<\/p>\n\n\n\n<p class=\"has-black-color has-text-color has-link-color wp-elements-eb098d16c05633c559110c8ebc5025ef\">A ello se le suma la&nbsp;<a href=\"https:\/\/www.aljazeera.com\/economy\/2024\/2\/7\/pakistans-election-can-the-incoming-government-bring-economic-stability\">profunda crisis<\/a><a href=\"https:\/\/www.aljazeera.com\/economy\/2024\/2\/7\/pakistans-election-can-the-incoming-government-bring-economic-stability\">&nbsp;<\/a>del capitalismo burocr\u00e1tico en Pakist\u00e1n. Los indicadores econ\u00f3micos son del todo dram\u00e1ticos: el 40% de la poblaci\u00f3n vive por debajo del umbral de la pobreza; la inflaci\u00f3n ha crecido hasta m\u00e1s del 30%. El pueblo ve con claridad la situaci\u00f3n: de acuerdo con encuestas realizadas la semana pasada, acerca del 70% creen que las condiciones econ\u00f3micas est\u00e1n empeorando. Por otra parte, el control del imperialismo yanqui sobre el pa\u00eds tambi\u00e9n es claro si se observa el reciente acuerdo&nbsp;<a href=\"https:\/\/time.com\/6293769\/imf-loan-pakistan\/\">del Fondo Monetario Internacional con Pakist\u00e1n<\/a>, al que ha prestado 3.000 millones de d\u00f3lares, tras haber acordado en julio un desembolso inmediato de 1.200 millones de d\u00f3lares. Esta crisis econ\u00f3mica es parte de la crisis del capitalismo burocr\u00e1tico, que tambi\u00e9n se expresa en la grave crisis pol\u00edtica que se vive en el pa\u00eds. Las clases dominantes pakistan\u00edes y el imperialismo, principalmente el yanqui, buscan estabilizar el pa\u00eds con las \u00faltimas elecciones y formaci\u00f3n de un nuevo gobierno para el Estado, aunque frente a ellos tienen la clara desconfianza del pueblo. Ahora otro problema a\u00f1adido, es que la mayor\u00eda de los candidatos electos son \u201cindependientes\u201d, lo que significa, procedentes del partido de Khan. Pero no se les permitir\u00e1 formar gobierno, ya que esto s\u00f3lo est\u00e1 permitido para los partidos. El partido m\u00e1s grande ser\u00e1 el partido de Nawaz Sharif, el cu\u00e1l formar\u00e1 gobierno, pero ser\u00e1 sin mayor\u00eda en el parlamento, totalmente inestable, lo que agudizar\u00e1 incluso m\u00e1s la crisis pol\u00edtica en Pakist\u00e1n.<\/p>\n\n\n\n<p class=\"has-black-color has-text-color has-link-color wp-elements-51d1d289c11ac8b56f591ae712b84c3a\">La situaci\u00f3n general como vemos es de una intensa crisis general del capitalismo burocr\u00e1tico en la regi\u00f3n del sur de Asia, que espec\u00edficamente en Pakist\u00e1n, es muy intensa y no tiene visos de resolverse. La \u00fanica soluci\u00f3n es barrer completamente el origen del problema, que es el propio imperialismo y la opresi\u00f3n y explotaci\u00f3n de los pueblos oprimidos en la zona.<\/p>\n","protected":false},"excerpt":{"rendered":"<p>Compartimos este articulo encontrado en el Heraldo Rojo El a\u00f1o 2023 fue el m\u00e1s mortal&nbsp;para las fuerzas represivas del Estado pakistan\u00ed en una d\u00e9cada, perdiendo a m\u00e1s de 500 agentes y soldados. El n\u00famero de insurgencias y grupos armados operando en el pa\u00eds es muy elevado, con conflictos presentes en la frontera con Afganist\u00e1n, en [&hellip;]<\/p>\n","protected":false},"author":1,"featured_media":25955,"comment_status":"open","ping_status":"open","sticky":false,"template":"","format":"standard","meta":{"footnotes":""},"categories":[16,116,31],"tags":[],"class_list":["post-25954","post","type-post","status-publish","format-standard","has-post-thumbnail","hentry","category-carrusel","category-imperialismo","category-internacional"],"blocksy_meta":[],"_links":{"self":[{"href":"https:\/\/nuevademocracia.com.co\/index.php?rest_route=\/wp\/v2\/posts\/25954","targetHints":{"allow":["GET"]}}],"collection":[{"href":"https:\/\/nuevademocracia.com.co\/index.php?rest_route=\/wp\/v2\/posts"}],"about":[{"href":"https:\/\/nuevademocracia.com.co\/index.php?rest_route=\/wp\/v2\/types\/post"}],"author":[{"embeddable":true,"href":"https:\/\/nuevademocracia.com.co\/index.php?rest_route=\/wp\/v2\/users\/1"}],"replies":[{"embeddable":true,"href":"https:\/\/nuevademocracia.com.co\/index.php?rest_route=%2Fwp%2Fv2%2Fcomments&post=25954"}],"version-history":[{"count":1,"href":"https:\/\/nuevademocracia.com.co\/index.php?rest_route=\/wp\/v2\/posts\/25954\/revisions"}],"predecessor-version":[{"id":25957,"href":"https:\/\/nuevademocracia.com.co\/index.php?rest_route=\/wp\/v2\/posts\/25954\/revisions\/25957"}],"wp:featuredmedia":[{"embeddable":true,"href":"https:\/\/nuevademocracia.com.co\/index.php?rest_route=\/wp\/v2\/media\/25955"}],"wp:attachment":[{"href":"https:\/\/nuevademocracia.com.co\/index.php?rest_route=%2Fwp%2Fv2%2Fmedia&parent=25954"}],"wp:term":[{"taxonomy":"category","embeddable":true,"href":"https:\/\/nuevademocracia.com.co\/index.php?rest_route=%2Fwp%2Fv2%2Fcategories&post=25954"},{"taxonomy":"post_tag","embeddable":true,"href":"https:\/\/nuevademocracia.com.co\/index.php?rest_route=%2Fwp%2Fv2%2Ftags&post=25954"}],"curies":[{"name":"wp","href":"https:\/\/api.w.org\/{rel}","templated":true}]}}