{"id":25958,"date":"2024-03-04T15:37:04","date_gmt":"2024-03-04T20:37:04","guid":{"rendered":"https:\/\/nuevademocracia.com.co\/?p=25958"},"modified":"2024-03-04T15:37:04","modified_gmt":"2024-03-04T20:37:04","slug":"ecuador-modelo-bukele-un-culto-al-fascismo","status":"publish","type":"post","link":"https:\/\/nuevademocracia.com.co\/?p=25958","title":{"rendered":"ECUADOR: MODELO \u00abBUKELE\u00bb, UN CULTO AL FASCISMO"},"content":{"rendered":"\n<figure class=\"wp-block-image aligncenter size-full is-resized\"><img loading=\"lazy\" decoding=\"async\" width=\"320\" height=\"320\" src=\"https:\/\/nuevademocracia.com.co\/wp-content\/uploads\/2024\/03\/image-2.png\" alt=\"\" class=\"wp-image-25959\" style=\"width:557px;height:auto\" srcset=\"https:\/\/nuevademocracia.com.co\/wp-content\/uploads\/2024\/03\/image-2.png 320w, https:\/\/nuevademocracia.com.co\/wp-content\/uploads\/2024\/03\/image-2-300x300.png 300w, https:\/\/nuevademocracia.com.co\/wp-content\/uploads\/2024\/03\/image-2-150x150.png 150w\" sizes=\"auto, (max-width: 320px) 100vw, 320px\" \/><\/figure>\n\n\n\n<p class=\"has-black-color has-text-color has-link-color wp-elements-bb905adbf1407fb2f86e80137b86c485\"><em>Publicamos\u00a0<a href=\"https:\/\/fdlp-ec.blogspot.com\/2024\/02\/modelo-bukele-un-culto-al-fascismo.html\">esta declaraci\u00f3n<\/a>\u00a0 del\u00a0Frente de\u00a0Defensa de\u00a0Luchas del\u00a0Pueblo del Ecuador.<\/em><\/p>\n\n\n\n<p class=\"has-black-color has-text-color has-link-color wp-elements-ee2e64ccd1d28081db6dc21992f0e3ac\">Buekele, es componente de una generaci\u00f3n que viene de la hojarasca de un conflicto interno recreado por el revisionismo del FMLN [Frente Farabundo Mart\u00ed para la Liberaci\u00f3n Nacional]; el paramilitarismo de ARENA [Alianza Republicana Nacionalista] y los mercenarios de EEUU en la d\u00e9cada de los 80\u00b4s del siglo pasado.<\/p>\n\n\n\n<p class=\"has-black-color has-text-color has-link-color wp-elements-cbbd4d2e4066982698b385142c98452b\">Como era de esperarse, con la capitulaci\u00f3n del FMLN muchos guerrilleros y paramilitares, sin norte pol\u00edtico y portadores de una ideolog\u00eda trasnochada, pasaron a conformar bandas delincuenciales, ya sea en las calles, como aquellos que fueron absorbidos y domesticados en la Asamblea o la brega por hacerse del control del viejo Estado burocr\u00e1tico terrateniente.<\/p>\n\n\n\n<p class=\"has-black-color has-text-color has-link-color wp-elements-f9cce0f24cc9278d7d84f3fa610f6464\">Es decir, la g\u00e9nesis de la violencia, bandas internas, sicarios, etc., responde a problemas estructurales, pero, tambi\u00e9n, va de la mano de todo un proceso pol\u00edtico fracasado que gener\u00f3 una violencia descontrolada y a la vez funcional, como lo sucedido en el Ecuador.<\/p>\n\n\n\n<p class=\"has-black-color has-text-color has-link-color wp-elements-61a58db5da985b54131e4c132f245594\">Obvio, las masas se desencantaron de la dirigencia del FMLN que \u201csac\u00f3 las u\u00f1as\u201d, se burocratiz\u00f3 y pas\u00f3 a ser un componente m\u00e1s de esa burgues\u00eda burocr\u00e1tica que ansiaba estar cerca del aparato estatal para reproducirse pol\u00edtica y econ\u00f3micamente. No diferente fue con ARENA y la extrema derecha, una suerte de matones de la burgues\u00eda compradora ligada \u00edntimamente a los aparatos represivos y de inteligencia del imperialismo. En ese escenario, cualquier advenedizo, sin que importe su origen de clase pero, con una buena narrativa pol\u00edtica refrescada por los bemoles del posmodernismo y las necesidades del imperialismo para ese pa\u00eds y la regi\u00f3n, iba a calar en una sociedad traicionada por la guerrilla y la vapuleada cruentamente por la burgues\u00eda compradora, crearon las condiciones para que un jovenzuelo, con \u00ednfulas de fascista, asuma la presidencia, desarroll\u00f3 un programa pol\u00edtico y econ\u00f3mico muy pr\u00f3ximo al fascismo, que ajeno a un formato cl\u00e1sico, se adapta a una sociedad semicolonial y semifeudal, conflictiva, con profundas contradicciones, donde cualquier ganap\u00e1n que levante el relato de \u00abpaz\u00bb, \u00ablibertad\u00bb por fuera de las debilidades o bancarrota estructura, iba a tener respaldo.<\/p>\n\n\n\n<p class=\"has-black-color has-text-color has-link-color wp-elements-6301946528ec7d7b53b714a9b3bda5f6\">Bukele ha sido mostrado al mundo como el nuevo modelo de gobernante. Joven, radical, informal, determinante, mand\u00f3n, irreverente y que, sobre todo, ha sabido manejar muy bien el discurso de la \u00abpaz\u00bb, de neutralizaci\u00f3n de las bandas, de aniquilar la violencia y colocar, como se\u00f1ala, a El Salvador, en \u00ab un pa\u00eds seguro para vivir\u00bb.<\/p>\n\n\n\n<p class=\"has-black-color has-text-color has-link-color wp-elements-4b9bfb2a9d7e65051e73b4dc524af079\">La muletilla de la seguridad, por encima de todo, de las clases, de las contradicciones, de las relaciones de producci\u00f3n, de la miseria, del desempleo e ineficiencia burocr\u00e1tica (salvo para echar tiros o reprimir a las masas), ha parido una suerte de \u00abdictadura light\u00bb que oprime al pueblo, violentado las libertades e instituciones demo burguesas y entreg\u00f3 un poder fuerte y consolidado a los aparatos represivos del Estado.<\/p>\n\n\n\n<p class=\"has-black-color has-text-color has-link-color wp-elements-9e4dfd5d6a958d37877760d7f771d6a4\">Sin embargo, El Salvador, en t\u00e9rminos econ\u00f3micos, es un desastre. Tiene un crecimiento anual que apenas llega al 1%, de los m\u00e1s bajos de Am\u00e9rica; tiene la tasa de pobreza m\u00e1s alta de Am\u00e9rica. Tiene una deuda externa e interna que llega nada menos que al 85% del PIB. Debe la bicoca de 10.000 millones de d\u00f3lares a las pensiones de los trabajadores. El 50% de los salvadore\u00f1os no tiene empleo o trabaja en la informalidad.<\/p>\n\n\n\n<p class=\"has-black-color has-text-color has-link-color wp-elements-ff67a7e4c833529b84bc6b6d36b76b1e\">La expectativa de vida de los hombres en El Salvador es de los m\u00e1s bajos del continente, 66 a\u00f1os, mujeres: 75 a\u00f1os. Es el pa\u00eds con el crecimiento m\u00e1s lento de la regi\u00f3n. Tiene la tasa de encarcelamiento m\u00e1s alta del mundo, incre\u00edblemente el 1.6% de la poblaci\u00f3n est\u00e1 detenida en las c\u00e1rceles. El sistema educativo en todos los niveles es cr\u00edtico, carente de infraestructura adecuada, pero tiene las c\u00e1rceles m\u00e1s modernas de la regi\u00f3n, no solo eso, \u201cexporta\u201d su modelo penitenciario a otros pa\u00edses, como el nuestro.<\/p>\n\n\n\n<p class=\"has-black-color has-text-color has-link-color wp-elements-0a049e748f19485947fb75b9c4b8f26f\">El Salvador, al igual que el Ecuador, sus estados son par\u00e1sitos de las remesas. El aporte que hacen los millones de salvadore\u00f1os que emigraron a los EEUU est\u00e1 en el orden del 26% con relaci\u00f3n al PIB. Una brutalidad, sin lugar a dudas.<\/p>\n\n\n\n<p class=\"has-black-color has-text-color has-link-color wp-elements-035eb4c077060ec2830e730e4b4d98d6\">Es decir, hay crisis del capitalismo burocr\u00e1tico y su viejo Estado, pero tienen un importante sector de la poblaci\u00f3n encarcelada; que, adem\u00e1s de haber sido observadas por la permanente violaci\u00f3n de los DDHH, ha dado paso a una nueva generaci\u00f3n de ni\u00f1os y ni\u00f1as que no viven con sus padres, ya sea porque est\u00e1n en calidad de reos o han emigrado a los EEUU. \u00bfSe puede esperar que esto no genere un nuevo ej\u00e9rcito de violentos a corto plazo?<\/p>\n\n\n\n<p class=\"has-black-color has-text-color has-link-color wp-elements-bba1edcb09be1129e92aa4804c35f8ca\">En el Ecuador nos venden la idea de que el modelo \u201cbukele\u201d es el que debemos seguir; es m\u00e1s, comparan al Daniel Noboa con Bukele; lo pintan como su sucesor, o peor a\u00fan, su \u201cdoble\u201d. De hecho, Noboa trata de copiar su estilo, irreverente, y lo primero que hizo fue salir a perseguir y encarcelar delincuentes de baja monta, pero tambi\u00e9n a muchachos tatuados, a j\u00f3venes que en las barriadas pobres pasan en las esquinas; donde ser pobre es ya un estigma para ser agredido, detenido y procesado como terrorista. No solo eso, quiso pasarse de \u201cvivo\u201d al declarar material de guerra como chatarra y entregar a los EEUU metiendo al pa\u00eds en una crisis internacional por las respuestas que emiti\u00f3 Rusia.<\/p>\n\n\n\n<p class=\"has-black-color has-text-color has-link-color wp-elements-b783841085cdc1cd32f524802f303c2f\">Hay que entender, todos estos modelos de gobiernos apuntan a tres objetivos en concreto: fortalecer la presencia imperialista yanqui en nuestros pa\u00edses, hoy debilitada con la falta de respuesta de sus aliados en Ucrania y, en alguna medida, en Gaza, Yemen, Irak, L\u00edbano e Ir\u00e1n. Recuperar o dinamizar el capitalismo burocr\u00e1tico en los pa\u00edses del tercer mundo, principalmente de Am\u00e9rica, su \u00abpatio trasero\u00bb, para conjurar la revoluci\u00f3n y, corporativizar m\u00e1s a\u00fan a las masas ya los pueblos, poniendo, por delante, a presidentes y autoridades lacayas serviles a los EEUU y que puedan mostrarse \u201cfirmes\u201d, \u201cdeterminantes\u201d, sin importar que exploren o incurran en comportamientos fascistas, a la final, la maquinaria propagand\u00edstica del imperialismo, sabe, en gran forma, manejar y manipular la conciencia de las masas.<\/p>\n\n\n\n<p class=\"has-black-color has-text-color has-link-color wp-elements-0aec7940eb044352067b8adaf7a21930\">Bukele y Noboa son par\u00e1sitos de los EEUU; \u00a1son fascistas en ascenso y deben ser combatidos como corresponde!<\/p>\n\n\n\n<p class=\"has-text-align-center has-black-color has-text-color has-link-color wp-elements-f88df997912d20e6f1e875a06b9636d5\"><strong>\u00a1SOLO CON LUCHAS SE CONQUISTAN DERECHOS Y LIBERTADES!<\/strong><\/p>\n\n\n\n<p class=\"has-text-align-center has-black-color has-text-color has-link-color wp-elements-dca23356b9edf0945a73a5e4cb6bbd02\"><strong>\u00a1ORGANIZAR, COMBATIR Y RESISTIR!<\/strong><\/p>\n","protected":false},"excerpt":{"rendered":"<p>Publicamos\u00a0esta declaraci\u00f3n\u00a0 del\u00a0Frente de\u00a0Defensa de\u00a0Luchas del\u00a0Pueblo del Ecuador. Buekele, es componente de una generaci\u00f3n que viene de la hojarasca de un conflicto interno recreado por el revisionismo del FMLN [Frente Farabundo Mart\u00ed para la Liberaci\u00f3n Nacional]; el paramilitarismo de ARENA [Alianza Republicana Nacionalista] y los mercenarios de EEUU en la d\u00e9cada de los 80\u00b4s del [&hellip;]<\/p>\n","protected":false},"author":1,"featured_media":25959,"comment_status":"open","ping_status":"open","sticky":false,"template":"","format":"standard","meta":{"footnotes":""},"categories":[16,116,31],"tags":[],"class_list":["post-25958","post","type-post","status-publish","format-standard","has-post-thumbnail","hentry","category-carrusel","category-imperialismo","category-internacional"],"blocksy_meta":[],"_links":{"self":[{"href":"https:\/\/nuevademocracia.com.co\/index.php?rest_route=\/wp\/v2\/posts\/25958","targetHints":{"allow":["GET"]}}],"collection":[{"href":"https:\/\/nuevademocracia.com.co\/index.php?rest_route=\/wp\/v2\/posts"}],"about":[{"href":"https:\/\/nuevademocracia.com.co\/index.php?rest_route=\/wp\/v2\/types\/post"}],"author":[{"embeddable":true,"href":"https:\/\/nuevademocracia.com.co\/index.php?rest_route=\/wp\/v2\/users\/1"}],"replies":[{"embeddable":true,"href":"https:\/\/nuevademocracia.com.co\/index.php?rest_route=%2Fwp%2Fv2%2Fcomments&post=25958"}],"version-history":[{"count":1,"href":"https:\/\/nuevademocracia.com.co\/index.php?rest_route=\/wp\/v2\/posts\/25958\/revisions"}],"predecessor-version":[{"id":25960,"href":"https:\/\/nuevademocracia.com.co\/index.php?rest_route=\/wp\/v2\/posts\/25958\/revisions\/25960"}],"wp:featuredmedia":[{"embeddable":true,"href":"https:\/\/nuevademocracia.com.co\/index.php?rest_route=\/wp\/v2\/media\/25959"}],"wp:attachment":[{"href":"https:\/\/nuevademocracia.com.co\/index.php?rest_route=%2Fwp%2Fv2%2Fmedia&parent=25958"}],"wp:term":[{"taxonomy":"category","embeddable":true,"href":"https:\/\/nuevademocracia.com.co\/index.php?rest_route=%2Fwp%2Fv2%2Fcategories&post=25958"},{"taxonomy":"post_tag","embeddable":true,"href":"https:\/\/nuevademocracia.com.co\/index.php?rest_route=%2Fwp%2Fv2%2Ftags&post=25958"}],"curies":[{"name":"wp","href":"https:\/\/api.w.org\/{rel}","templated":true}]}}