{"id":25961,"date":"2024-03-06T14:00:00","date_gmt":"2024-03-06T19:00:00","guid":{"rendered":"https:\/\/nuevademocracia.com.co\/?p=25961"},"modified":"2024-03-04T15:40:32","modified_gmt":"2024-03-04T20:40:32","slug":"brasil-el-fascismo-abierto-es-la-respuesta-del-imperialismo-al-nuevo-periodo-de-revoluciones","status":"publish","type":"post","link":"https:\/\/nuevademocracia.com.co\/?p=25961","title":{"rendered":"Brasil: El fascismo abierto es la respuesta del imperialismo al nuevo per\u00edodo de revoluciones"},"content":{"rendered":"\n<figure class=\"wp-block-image size-full\"><img loading=\"lazy\" decoding=\"async\" width=\"960\" height=\"643\" src=\"https:\/\/nuevademocracia.com.co\/wp-content\/uploads\/2024\/03\/image-3.png\" alt=\"\" class=\"wp-image-25962\" srcset=\"https:\/\/nuevademocracia.com.co\/wp-content\/uploads\/2024\/03\/image-3.png 960w, https:\/\/nuevademocracia.com.co\/wp-content\/uploads\/2024\/03\/image-3-300x201.png 300w, https:\/\/nuevademocracia.com.co\/wp-content\/uploads\/2024\/03\/image-3-768x514.png 768w\" sizes=\"auto, (max-width: 960px) 100vw, 960px\" \/><\/figure>\n\n\n\n<p class=\"has-black-color has-text-color has-link-color wp-elements-c8103f0771956d4f0ca0c3355e137803\"><em>Publicamos esta traducci\u00f3n no oficial hecha por el Heraldo Rojo del\u00a0<a href=\"https:\/\/anovademocracia.com.br\/fascismo-escancarado-e-a-resposta-do-imperialismo-frente-o-novo-periodo-de-revolucoes\/\">art\u00edculo<\/a>\u00a0publicado por A Nova Democracia (AND).<\/em><\/p>\n\n\n\n<p class=\"has-black-color has-text-color has-link-color wp-elements-93a808558133ab5e369e417ff3cc14f0\">La crisis de la democracia burguesa mencionada por&nbsp;<em>The Economist&nbsp;<\/em>es uno de los resultados directos de la crisis de sobreproducci\u00f3n relativa del imperialismo. El fascismo y la tendencia a la reaccionarizaci\u00f3n \u2013expuesta por boca de un \u00f3rgano del monopolio imperialista de las comunicaciones\u2013 no podr\u00e1n impedir la principal tendencia de las revoluciones en todo el mundo.<\/p>\n\n\n\n<p class=\"has-black-color has-text-color has-link-color wp-elements-18d13ecdca830ef8973fcf5febb3a19c\">Una encuesta reciente de&nbsp;<em>Economist Intelligence<\/em>&nbsp;, el sector de investigaci\u00f3n de datos de la revista&nbsp;<em>The Economist<\/em>&nbsp;, mostr\u00f3 que menos del 8% de toda la poblaci\u00f3n mundial vive en lo que clasifican como \u201cdemocracia plena\u201d. Esta forma de gobierno s\u00f3lo existe, seg\u00fan la investigaci\u00f3n, en 24 pa\u00edses. Por otro lado, el 39,9% vive bajo un \u201cr\u00e9gimen autoritario\u201d, vigente en 59 pa\u00edses. No hay duda sobre los criterios imperialistas para clasificar lo que es \u201cdemocr\u00e1tico\u201d y lo que no lo es. Sin embargo, lo que emerge de la investigaci\u00f3n es la expresi\u00f3n de una \u00e9poca en la que no es posible ocultar el desarrollo de la crisis pol\u00edtica en el tiempo que vivimos \u2013cuya base es la descomposici\u00f3n del sistema imperialista mundial.<\/p>\n\n\n\n<p class=\"has-black-color has-text-color has-link-color wp-elements-75aa72e65347e9cb9fab705a69bf788b\">Los datos son los siguientes: el 37,6% de la poblaci\u00f3n mundial vive bajo un r\u00e9gimen de \u201cdemocracia fallida\u201d, existente en 50 pa\u00edses (29,9% de los pa\u00edses existentes). Otro 15,2% de la poblaci\u00f3n, habitantes de 34 pa\u00edses (20,4%), vive bajo el llamado \u201cr\u00e9gimen h\u00edbrido\u201d. Los resultados actuales mencionados en la encuesta son el resultado de un aumento de la \u201ccrisis democr\u00e1tica\u201d: en la \u00faltima edici\u00f3n, el 39,6% de la poblaci\u00f3n mundial viv\u00eda en un \u201cr\u00e9gimen autoritario\u201d, un 0,3% menos que la cifra actual.<\/p>\n\n\n\n<p class=\"has-black-color has-text-color has-link-color wp-elements-83c6635ec65458c94ef19a5c37d28b7a\">Los s\u00edntomas de una crisis pol\u00edtica no pueden tomarse de forma aislada. La pol\u00edtica es la expresi\u00f3n concentrada de la econom\u00eda. Y la crisis de la democracia burguesa mencionada por The&nbsp;<em>Economist<\/em>&nbsp;es uno de los resultados directos de la crisis de sobreproducci\u00f3n relativa del imperialismo. Las expresiones m\u00e1s recientes de esta crisis econ\u00f3mica son la crisis inmobiliaria en China, que afecta principalmente a gigantes como&nbsp;<em>Evergrande<\/em>&nbsp;, y las quiebras bancarias en Estados Unidos, que da\u00f1aron nombres como&nbsp;<em>Silicon Valley Bank<\/em>,&nbsp;<em>Silvergate<\/em>&nbsp;y&nbsp;<em>Signature Bank<\/em>&nbsp;.<\/p>\n\n\n\n<p class=\"has-black-color has-text-color has-link-color wp-elements-b8343cb3ad47e61a9dfe4116a10b9d93\">Adem\u00e1s, previo a la encuesta&nbsp;<em>de Economist Intelligence<\/em>&nbsp;, un informe de Oxfam encontr\u00f3 que la concentraci\u00f3n del ingreso en el mundo ha aumentado. En Estados Unidos, en toda Europa, Asia, \u00c1frica y Am\u00e9rica Latina, las tasas de inflaci\u00f3n aplastaron los logros de las masas populares en una hecatombe econ\u00f3mica. Desde 2020 hasta ahora, 791 millones de trabajadores han tenido que vivir con un salario inferior a la inflaci\u00f3n.<\/p>\n\n\n\n<p class=\"has-black-color has-text-color has-link-color wp-elements-9cedb52d78f8e887e0a1b8efea2b1b0e\">De ah\u00ed las consecuencias pol\u00edticas percibidas a\u00f1o tras a\u00f1o. Sabiendo que la crisis no resuelta de su r\u00e9gimen tiende a despertar crecientes y cada vez m\u00e1s poderosos levantamientos entre las masas populares \u2013como viene ocurriendo incesantemente en los \u00faltimos a\u00f1os\u2013, las clases dominantes recurren a la represi\u00f3n como \u00fanica alternativa. S\u00f3lo en los \u00faltimos dos a\u00f1os pa\u00edses como Francia o Reino Unido han utilizado o adelantado medidas y proyectos de ley para restringir derechos tan b\u00e1sicos como las huelgas y las manifestaciones populares callejeras. En toda Europa, la militarizaci\u00f3n avanza a un ritmo r\u00e1pido: adem\u00e1s del aumento del presupuesto militar, organizaciones como la OTAN dieron la bienvenida a Finlandia como nuevo miembro en 2023.<\/p>\n\n\n\n<p class=\"has-black-color has-text-color has-link-color wp-elements-e85f164b1bc1fb21dce348b95d9c7a55\">Estos son rastros de un organismo enfermo con una condici\u00f3n terminal. Es un hecho que el mundo vive en un Nuevo Per\u00edodo de Revoluciones. Las luchas populares abiertas, como en Palestina o en pa\u00edses de Am\u00e9rica Latina, el Sudeste Asi\u00e1tico o incluso Europa, son indicios de ello, seguidas al lado de la creciente explosividad de las masas expresada en las manifestaciones y levantamientos populares que no dejan de estremecerse, desde Estados Unidos, Europa y luego China, el mundo entero. Lo m\u00e1s destacado del momento actual es precisamente la trascendental e hist\u00f3rica Operaci\u00f3n Inundaci\u00f3n de Al-Aqsa \u2013la ofensiva t\u00e1ctica de la Resistencia Nacional Palestina\u2013 que demuestra muy claramente que es posible que las fuerzas populares derroten al sistema imperialista mundial. El imperialismo ya ha dado la alarma sobre las posibilidades de victorias de las organizaciones populares. El fascismo y la tendencia a la reaccionarizaci\u00f3n \u2013 revelada por boca de un \u00f3rgano del monopolio imperialista de comunicaciones \u2013 no podr\u00e1n detener esta tendencia principal.<\/p>\n","protected":false},"excerpt":{"rendered":"<p>Publicamos esta traducci\u00f3n no oficial hecha por el Heraldo Rojo del\u00a0art\u00edculo\u00a0publicado por A Nova Democracia (AND). La crisis de la democracia burguesa mencionada por&nbsp;The Economist&nbsp;es uno de los resultados directos de la crisis de sobreproducci\u00f3n relativa del imperialismo. El fascismo y la tendencia a la reaccionarizaci\u00f3n \u2013expuesta por boca de un \u00f3rgano del monopolio imperialista [&hellip;]<\/p>\n","protected":false},"author":1,"featured_media":25962,"comment_status":"open","ping_status":"open","sticky":false,"template":"","format":"standard","meta":{"footnotes":""},"categories":[16,31],"tags":[],"class_list":["post-25961","post","type-post","status-publish","format-standard","has-post-thumbnail","hentry","category-carrusel","category-internacional"],"blocksy_meta":[],"_links":{"self":[{"href":"https:\/\/nuevademocracia.com.co\/index.php?rest_route=\/wp\/v2\/posts\/25961","targetHints":{"allow":["GET"]}}],"collection":[{"href":"https:\/\/nuevademocracia.com.co\/index.php?rest_route=\/wp\/v2\/posts"}],"about":[{"href":"https:\/\/nuevademocracia.com.co\/index.php?rest_route=\/wp\/v2\/types\/post"}],"author":[{"embeddable":true,"href":"https:\/\/nuevademocracia.com.co\/index.php?rest_route=\/wp\/v2\/users\/1"}],"replies":[{"embeddable":true,"href":"https:\/\/nuevademocracia.com.co\/index.php?rest_route=%2Fwp%2Fv2%2Fcomments&post=25961"}],"version-history":[{"count":1,"href":"https:\/\/nuevademocracia.com.co\/index.php?rest_route=\/wp\/v2\/posts\/25961\/revisions"}],"predecessor-version":[{"id":25963,"href":"https:\/\/nuevademocracia.com.co\/index.php?rest_route=\/wp\/v2\/posts\/25961\/revisions\/25963"}],"wp:featuredmedia":[{"embeddable":true,"href":"https:\/\/nuevademocracia.com.co\/index.php?rest_route=\/wp\/v2\/media\/25962"}],"wp:attachment":[{"href":"https:\/\/nuevademocracia.com.co\/index.php?rest_route=%2Fwp%2Fv2%2Fmedia&parent=25961"}],"wp:term":[{"taxonomy":"category","embeddable":true,"href":"https:\/\/nuevademocracia.com.co\/index.php?rest_route=%2Fwp%2Fv2%2Fcategories&post=25961"},{"taxonomy":"post_tag","embeddable":true,"href":"https:\/\/nuevademocracia.com.co\/index.php?rest_route=%2Fwp%2Fv2%2Ftags&post=25961"}],"curies":[{"name":"wp","href":"https:\/\/api.w.org\/{rel}","templated":true}]}}