{"id":25964,"date":"2024-03-06T16:00:00","date_gmt":"2024-03-06T21:00:00","guid":{"rendered":"https:\/\/nuevademocracia.com.co\/?p=25964"},"modified":"2024-03-04T16:09:59","modified_gmt":"2024-03-04T21:09:59","slug":"dos-anos-de-la-guerra-de-agresion-rusa-contra-ucrania","status":"publish","type":"post","link":"https:\/\/nuevademocracia.com.co\/?p=25964","title":{"rendered":"Dos a\u00f1os de la guerra de agresi\u00f3n rusa contra Ucrania"},"content":{"rendered":"\n<figure class=\"wp-block-image aligncenter size-large is-resized\"><img loading=\"lazy\" decoding=\"async\" width=\"767\" height=\"1024\" src=\"https:\/\/nuevademocracia.com.co\/wp-content\/uploads\/2024\/03\/image-4-767x1024.png\" alt=\"\" class=\"wp-image-25965\" style=\"width:537px;height:auto\" srcset=\"https:\/\/nuevademocracia.com.co\/wp-content\/uploads\/2024\/03\/image-4-767x1024.png 767w, https:\/\/nuevademocracia.com.co\/wp-content\/uploads\/2024\/03\/image-4-225x300.png 225w, https:\/\/nuevademocracia.com.co\/wp-content\/uploads\/2024\/03\/image-4-768x1026.png 768w, https:\/\/nuevademocracia.com.co\/wp-content\/uploads\/2024\/03\/image-4-1150x1536.png 1150w, https:\/\/nuevademocracia.com.co\/wp-content\/uploads\/2024\/03\/image-4.png 1280w\" sizes=\"auto, (max-width: 767px) 100vw, 767px\" \/><\/figure>\n\n\n\n<p class=\"has-black-color has-text-color has-link-color wp-elements-aaad1fb6f4825bf66d73761c3fadda7b\">Compartimos este articulo encontrado en el\u00a0<a href=\"https:\/\/heraldorojo.org\/2024\/02\/09\/crisis-profunda-del-capitalismo-burocratico-en-pakistan\/\">Heraldo Rojo<\/a><\/p>\n\n\n\n<p class=\"has-black-color has-text-color has-link-color wp-elements-392fae467d8eb592866cb6d724a3c1bf\">Este 24 de febrero, la guerra total de agresi\u00f3n contra Ucrania por parte del imperialismo ruso marca su segundo aniversario. Esta injusta guerra ha generado cientos de miles de muertos y heridos y millones de desplazados, causando miseria y dolor en todo el pueblo ucraniano.<\/p>\n\n\n\n<p class=\"has-black-color has-text-color has-link-color wp-elements-a5a6d7a9f714590c1b1b84eb008f64a8\">A trav\u00e9s de la heroica defensa de su patria por parte del pueblo de Ucrania, a pesar de r\u00e9gimen nacional traidor encabezado por el lacayo de los yanquis, Zelensky, el agresor ruso hasta ahora no ha sido capaz de completar sus m\u00e1ximos objetivos de guerra.<\/p>\n\n\n\n<p class=\"has-black-color has-text-color has-link-color wp-elements-b984f04d83dbe8dfc0b7de5f553caa4f\">Es justo y correcto reafirmar lo que la Liga Comunista Internacional afirm\u00f3 hace un a\u00f1o:&nbsp;<em>\u201cLa principal contradicci\u00f3n es aquella entre Ucrania, un pa\u00eds oprimido por el imperialismo, y Rusia, un pa\u00eds imperialista. Independientemente del car\u00e1cter de clase del r\u00e9gimen ucraniano y su servicio a los intereses de otras potencias imperialistas, principalmente la superpotencia yankee, cualquier confusi\u00f3n en este punto lleva a negar a Ucrania su derecho a la independencia y soberan\u00eda nacional, es por lo tanto, al menos indirectamente, apoyar los intereses del imperialismo ruso.\u201d&nbsp;<\/em>as\u00ed como&nbsp;<em>\u201cEl plan a largo plazo de los yankees es cercar y al final derrotar a su \u00fanico equivalente nuclear y las contra-medidas rusas de retomar posiciones perdidas, es el factor clave que ha llevado a la guerra.\u201d<\/em><\/p>\n\n\n\n<p class=\"has-black-color has-text-color has-link-color wp-elements-4e89e4c59961c516b5852ec8dc91912b\">Es particularmente notorio que tambi\u00e9n se haya probado como correcto lo que se escribi\u00f3 entonces:&nbsp;<em>\u201cEl r\u00e9gimen de Zelensky se pone en aguda contradicci\u00f3n con los intereses de la enorme mayor\u00eda del pueblo ucraniano, trafica con sus justos sentimientos patri\u00f3ticos, aplica el centralismo absoluto y no hay ninguna suerte de derechos democr\u00e1ticos para el Pueblo. El derecho de opini\u00f3n, asamblea y organizaci\u00f3n est\u00e1 suprimido por una represi\u00f3n draconiana y chovinista y el r\u00e9gimen depende de formaciones militares abiertamente fascistas para aplastar cualquier expresi\u00f3n de descontento popular. Este sabotea la resistencia armada del Pueblo al depender de las armas, afanosamente ofrecidas por la OTAN dirigida por los yankees, temiendo al pueblo armado que son los \u00fanicos que realmente defienden a la Naci\u00f3n.\u201d<\/em><\/p>\n\n\n\n<p class=\"has-black-color has-text-color has-link-color wp-elements-06e4686578579c569977b3ddd8a96bca\">Este es un hecho importante. Porque hoy es claro y obvio que el punto principal por el que el r\u00e9gimen de Zelensky no es capaz de derrotar la agresi\u00f3n imperialista rusa \u2013 a pesar de los heroicos sacrificios del pueblo ucraniano \u2013 es porque los traidores vende-patrias se apoyan en el imperialismo, principalmente yanqui, y no en el pueblo.<\/p>\n\n\n\n<p class=\"has-black-color has-text-color has-link-color wp-elements-8636275ec7dd571854cea0438b3a1f6e\">Esto se expresa, entre otras muchas y diferentes cosas, en el caso de la ca\u00edda de Avdiivka, un peque\u00f1o pueblo en la regi\u00f3n de Donetsk. Una amarga tragedia tal y como las guerras las escriben.\u00a0<a href=\"https:\/\/edition.cnn.com\/2024\/02\/19\/europe\/ukrainian-avdiivka-soldiers-messages-intl\/index.html\">Como reporta la prensa<\/a>, los soldados estacionados ah\u00ed llevaron a cabo intentos desesperados para escapar de las ruinas del pueblo. Uno de ellos escribi\u00f3: \u201c<em>Se trataba \u00fanicamente de sobrevivir. La carretera a Avdiivka estaba llena de cuerpos ucranianos.\u201d<\/em>\u00a0Un comandante inform\u00f3 en la radio que los heridos no ser\u00edan evacuados. Los hombres fueron dejados atr\u00e1s para ser ejecutados por los invasores rusos. De esta forma, las fuerzas armadas ucranianas hicieron la decisi\u00f3n de abandonar el pueblo, llevando a Rusia su victoria m\u00e1s significativa desde que captur\u00f3 la ciudad de Bakhmut el a\u00f1o pasado.\u00a0<em>\u201c<\/em><em>Ser capaces<\/em><em>\u00a0de salvar al pueblo es nuestra tarea m\u00e1s importante,\u201d<\/em>\u00a0dijo Zelensky de la forma m\u00e1s c\u00ednicamente posible en la Conferencia de Seguridad de M\u00fanich. El New York Times analiz\u00f3:\u00a0<em>\u201cLa captura de Rusia de Avdii<\/em><em>v<\/em><em>ka es un golpe estrat\u00e9gico y simb\u00f3lico al ej\u00e9rcito de Ucrania. Avdiivka era un\u00a0<\/em><em>basti\u00f3n<\/em><em>\u00a0de las defensas ucranianas en la regi\u00f3n de Donetsk, que proteg\u00eda varios posiciones militares\u00a0<\/em><em>clave<\/em><em>\u00a0ucranianas en\u00a0<\/em><em>el oeste y poniendo a la ciudad cercana de Donetsk, controlada por Rusia, bajo constante amenaza.<\/em><em>\u201d<\/em><\/p>\n\n\n\n<p class=\"has-black-color has-text-color has-link-color wp-elements-f4e0b8b2c64347553a7a15e7e879704f\">Podemos ver que la tendencia actual es que el imperialismo ruso est\u00e1 en su camino de cumplir lentamente sus objetivos m\u00ednimos b\u00e9licos. Los mapas publicados por la BBC lo muestran claramente:<\/p>\n\n\n\n<div class=\"wp-block-group is-nowrap is-layout-flex wp-container-core-group-is-layout-6c531013 wp-block-group-is-layout-flex\">\n<p class=\"has-black-color has-text-color has-link-color wp-elements-9ac00cf961d1ea846fe5a532228b76c6\"><\/p>\n\n\n\n<div class=\"wp-block-group is-layout-constrained wp-block-group-is-layout-constrained\">\n<figure class=\"wp-block-image size-large\"><img loading=\"lazy\" decoding=\"async\" width=\"767\" height=\"1024\" src=\"https:\/\/nuevademocracia.com.co\/wp-content\/uploads\/2024\/03\/image-18-767x1024.png\" alt=\"\" class=\"wp-image-25983\" srcset=\"https:\/\/nuevademocracia.com.co\/wp-content\/uploads\/2024\/03\/image-18-767x1024.png 767w, https:\/\/nuevademocracia.com.co\/wp-content\/uploads\/2024\/03\/image-18-225x300.png 225w, https:\/\/nuevademocracia.com.co\/wp-content\/uploads\/2024\/03\/image-18-768x1026.png 768w, https:\/\/nuevademocracia.com.co\/wp-content\/uploads\/2024\/03\/image-18-1150x1536.png 1150w, https:\/\/nuevademocracia.com.co\/wp-content\/uploads\/2024\/03\/image-18.png 1280w\" sizes=\"auto, (max-width: 767px) 100vw, 767px\" \/><\/figure>\n\n\n\n<figure class=\"wp-block-image size-large\"><img loading=\"lazy\" decoding=\"async\" width=\"1024\" height=\"895\" src=\"https:\/\/nuevademocracia.com.co\/wp-content\/uploads\/2024\/03\/image-19-1024x895.png\" alt=\"\" class=\"wp-image-25984\" srcset=\"https:\/\/nuevademocracia.com.co\/wp-content\/uploads\/2024\/03\/image-19-1024x895.png 1024w, https:\/\/nuevademocracia.com.co\/wp-content\/uploads\/2024\/03\/image-19-300x262.png 300w, https:\/\/nuevademocracia.com.co\/wp-content\/uploads\/2024\/03\/image-19-768x671.png 768w, https:\/\/nuevademocracia.com.co\/wp-content\/uploads\/2024\/03\/image-19.png 1282w\" sizes=\"auto, (max-width: 1024px) 100vw, 1024px\" \/><\/figure>\n<\/div>\n\n\n\n<figure class=\"wp-block-image size-large\"><img loading=\"lazy\" decoding=\"async\" width=\"1024\" height=\"691\" src=\"https:\/\/nuevademocracia.com.co\/wp-content\/uploads\/2024\/03\/image-20-1024x691.png\" alt=\"\" class=\"wp-image-25985\" srcset=\"https:\/\/nuevademocracia.com.co\/wp-content\/uploads\/2024\/03\/image-20-1024x691.png 1024w, https:\/\/nuevademocracia.com.co\/wp-content\/uploads\/2024\/03\/image-20-300x203.png 300w, https:\/\/nuevademocracia.com.co\/wp-content\/uploads\/2024\/03\/image-20-768x518.png 768w, https:\/\/nuevademocracia.com.co\/wp-content\/uploads\/2024\/03\/image-20.png 1280w\" sizes=\"auto, (max-width: 1024px) 100vw, 1024px\" \/><\/figure>\n<\/div>\n\n\n\n<div class=\"wp-block-group is-nowrap is-layout-flex wp-container-core-group-is-layout-6c531013 wp-block-group-is-layout-flex\">\n<div class=\"wp-block-group is-nowrap is-layout-flex wp-container-core-group-is-layout-6c531013 wp-block-group-is-layout-flex\">\n<figure class=\"wp-block-image size-large is-resized\"><img loading=\"lazy\" decoding=\"async\" width=\"1024\" height=\"1019\" src=\"https:\/\/nuevademocracia.com.co\/wp-content\/uploads\/2024\/03\/image-22-1024x1019.png\" alt=\"\" class=\"wp-image-25987\" style=\"width:402px;height:auto\" srcset=\"https:\/\/nuevademocracia.com.co\/wp-content\/uploads\/2024\/03\/image-22-1024x1019.png 1024w, https:\/\/nuevademocracia.com.co\/wp-content\/uploads\/2024\/03\/image-22-300x300.png 300w, https:\/\/nuevademocracia.com.co\/wp-content\/uploads\/2024\/03\/image-22-150x150.png 150w, https:\/\/nuevademocracia.com.co\/wp-content\/uploads\/2024\/03\/image-22-768x764.png 768w, https:\/\/nuevademocracia.com.co\/wp-content\/uploads\/2024\/03\/image-22.png 1280w\" sizes=\"auto, (max-width: 1024px) 100vw, 1024px\" \/><\/figure>\n\n\n\n<figure class=\"wp-block-image size-large is-resized\"><img loading=\"lazy\" decoding=\"async\" width=\"1024\" height=\"1000\" src=\"https:\/\/nuevademocracia.com.co\/wp-content\/uploads\/2024\/03\/image-23-1024x1000.png\" alt=\"\" class=\"wp-image-25988\" style=\"width:370px;height:auto\" srcset=\"https:\/\/nuevademocracia.com.co\/wp-content\/uploads\/2024\/03\/image-23-1024x1000.png 1024w, https:\/\/nuevademocracia.com.co\/wp-content\/uploads\/2024\/03\/image-23-300x293.png 300w, https:\/\/nuevademocracia.com.co\/wp-content\/uploads\/2024\/03\/image-23-768x750.png 768w, https:\/\/nuevademocracia.com.co\/wp-content\/uploads\/2024\/03\/image-23.png 1280w\" sizes=\"auto, (max-width: 1024px) 100vw, 1024px\" \/><\/figure>\n<\/div>\n\n\n\n<figure class=\"wp-block-image size-large is-resized\"><img decoding=\"async\" src=\"https:\/\/heraldorojo.org\/wp-content\/uploads\/2024\/02\/6map_ukraine_Bakhmut.webp\" alt=\"\" style=\"width:422px;height:auto\"\/><\/figure>\n<\/div>\n\n\n\n<p class=\"has-black-color has-text-color has-link-color wp-elements-1789919afd5d802b95ab37f73ba3d134\">Tambi\u00e9n internamente, el imperialismo ruso est\u00e1 haciendo avances. El nuevo l\u00edder de los mercenarios de Wagner, Anton Yelizarov, declar\u00f3 posteriormente sobre la restructuraci\u00f3n de la organizaci\u00f3n: \u201cEstamos construyendo un campo para que las nuevas unidades sean formadas \u2013 que estar\u00e1n dentro de los cuerpos voluntarios de la Guardia Nacional Rusa (Rosgvardiya) \u2013 puedan llegar y asentarse.\u201d Este llamado \u201cCampamento Cosaco\u201d estar\u00e1 \u201ccasi seguro\u201d establecido en la ciudad Rusa de Rostov, en el sur,&nbsp;<a href=\"https:\/\/www.theguardian.com\/world\/live\/2024\/feb\/07\/russia-ukraine-war-live-explosions-in-kyiv-and-other-cities-amid-mass-russian-missile-strikes\">como informa The Guardian<\/a>. Este desarrollo finalmente entierra todas las especulaciones y sue\u00f1os de occidente de un golpe militar contra Putin. Tambi\u00e9n, la muerte de Navalny sirve en este sentido, como lo hacen las ordenes judiciales para que Boris Nadezhdin no pueda participar en las pr\u00f3ximas elecciones, establecidas para del 15 al 17 de marzo o la liquidaci\u00f3n del piloto desertor en Espa\u00f1a.<\/p>\n\n\n\n<p class=\"has-black-color has-text-color has-link-color wp-elements-dfcfb87446b267fbb872194dbe509933\">El imperialismo ruso no s\u00f3lo est\u00e1 ganando terreno militarmente. Econ\u00f3micamente,&nbsp;<a href=\"https:\/\/www.cnn.com\/2024\/02\/19\/europe\/russia-oil-india-shadow-fleet-cmd-intl\/index.html\">como reporta la CNN<\/a>, Rusia entra en su tercer a\u00f1o de guerra en Ucrania con una cantidad de dinero sin precedentes en los cofres del gobierno, hinchados con un r\u00e9cord de 37 mil millones de d\u00f3lares de las ventas de petroleo crudo a India en 2024. Por tanto, India ha incremento sus compras de petr\u00f3leo crudo 13 veces m\u00e1s en comparaci\u00f3n a sus compras antes de la guerra, un trato no sujeto a sanciones y es completamente legal. Las reservas federales de Rusia aumentaron hasta el r\u00e9cord de 320 mil millones de d\u00f3lares y se espera que sigan subiendo. Apenas un tercio del dinero se destina a la guerra en Ucrania.<\/p>\n\n\n\n<p class=\"has-black-color has-text-color has-link-color wp-elements-ae677c665a03f503e97ccd245c604f98\">Tambi\u00e9n en las pol\u00edticas internacionales, el imperialismo ruso todav\u00eda es una fuerza que tomar en cuenta, como se muestra en la \u00faltima propuesta para una reuni\u00f3n de todas las facciones palestinas en Mosc\u00fa para poder crear unidad nacional de alguna forma, especialmente entre las dos grandes facciones, Fatah y Hamas,&nbsp;<a href=\"https:\/\/edition.cnn.com\/middleeast\/live-news\/israel-hamas-war-gaza-news-02-18-24\/h_d7fe8b0d1648652842b5f5daa65928c1\">como report\u00f3 la CNN<\/a>&nbsp;el 18 de febrero.<\/p>\n\n\n\n<p class=\"has-black-color has-text-color has-link-color wp-elements-0bef112210ba90ff04294ef3c9a8ff5e\">Bajo estas impresiones, es necesario reafirmar las tareas venideras, establecidas por la LCI en febrero del a\u00f1o pasado:&nbsp;<em>\u201cDebemos tambi\u00e9n hacer todo para promover la amistad de los pueblos ucraniano y ruso. Dos pueblos que estuvieron una vez unidos como uno en la gran Uni\u00f3n Sovi\u00e9tica bajo la bandera roja con la hoz y el martillo de Lenin y Stalin est\u00e1n ahora siendo dirigidos el uno contra el otro en el campo de batalla debido a intrigas de los imperialistas. Los comunistas en formaci\u00f3n, los revolucionarios y todos los anti-imperialistas consecuentes tienen la particular responsabilidad de aumentar<\/em><\/p>\n\n\n\n<p class=\"has-black-color has-text-color has-link-color wp-elements-8e2e19f8e68efbd54b76e5c692db92bf\"><em>la propaganda contra la guerra imperialista en Rusia, elevar sus luchas a nuevas alturas contra el estado imperialista y su guerra de agresi\u00f3n por todos medios que de los que dispogan. Tambi\u00e9n luchar contra el guerrerismo imperialista y los env\u00edos de armas en los respectivos pa\u00edses imperialistas.<\/em><em>\u201d<\/em><\/p>\n","protected":false},"excerpt":{"rendered":"<p>Compartimos este articulo encontrado en el\u00a0Heraldo Rojo Este 24 de febrero, la guerra total de agresi\u00f3n contra Ucrania por parte del imperialismo ruso marca su segundo aniversario. Esta injusta guerra ha generado cientos de miles de muertos y heridos y millones de desplazados, causando miseria y dolor en todo el pueblo ucraniano. A trav\u00e9s de [&hellip;]<\/p>\n","protected":false},"author":1,"featured_media":25965,"comment_status":"open","ping_status":"open","sticky":false,"template":"","format":"standard","meta":{"footnotes":""},"categories":[16,116,31],"tags":[],"class_list":["post-25964","post","type-post","status-publish","format-standard","has-post-thumbnail","hentry","category-carrusel","category-imperialismo","category-internacional"],"blocksy_meta":[],"_links":{"self":[{"href":"https:\/\/nuevademocracia.com.co\/index.php?rest_route=\/wp\/v2\/posts\/25964","targetHints":{"allow":["GET"]}}],"collection":[{"href":"https:\/\/nuevademocracia.com.co\/index.php?rest_route=\/wp\/v2\/posts"}],"about":[{"href":"https:\/\/nuevademocracia.com.co\/index.php?rest_route=\/wp\/v2\/types\/post"}],"author":[{"embeddable":true,"href":"https:\/\/nuevademocracia.com.co\/index.php?rest_route=\/wp\/v2\/users\/1"}],"replies":[{"embeddable":true,"href":"https:\/\/nuevademocracia.com.co\/index.php?rest_route=%2Fwp%2Fv2%2Fcomments&post=25964"}],"version-history":[{"count":8,"href":"https:\/\/nuevademocracia.com.co\/index.php?rest_route=\/wp\/v2\/posts\/25964\/revisions"}],"predecessor-version":[{"id":25996,"href":"https:\/\/nuevademocracia.com.co\/index.php?rest_route=\/wp\/v2\/posts\/25964\/revisions\/25996"}],"wp:featuredmedia":[{"embeddable":true,"href":"https:\/\/nuevademocracia.com.co\/index.php?rest_route=\/wp\/v2\/media\/25965"}],"wp:attachment":[{"href":"https:\/\/nuevademocracia.com.co\/index.php?rest_route=%2Fwp%2Fv2%2Fmedia&parent=25964"}],"wp:term":[{"taxonomy":"category","embeddable":true,"href":"https:\/\/nuevademocracia.com.co\/index.php?rest_route=%2Fwp%2Fv2%2Fcategories&post=25964"},{"taxonomy":"post_tag","embeddable":true,"href":"https:\/\/nuevademocracia.com.co\/index.php?rest_route=%2Fwp%2Fv2%2Ftags&post=25964"}],"curies":[{"name":"wp","href":"https:\/\/api.w.org\/{rel}","templated":true}]}}