{"id":25997,"date":"2024-03-04T16:21:15","date_gmt":"2024-03-04T21:21:15","guid":{"rendered":"https:\/\/nuevademocracia.com.co\/?p=25997"},"modified":"2024-07-10T13:40:38","modified_gmt":"2024-07-10T18:40:38","slug":"nueva-cancion-del-frente-de-combate-cultural-fcc","status":"publish","type":"post","link":"https:\/\/nuevademocracia.com.co\/?p=25997","title":{"rendered":"Nueva canci\u00f3n del Frente de Combate Cultural &#8211; FCC"},"content":{"rendered":"\n<p class=\"has-black-color has-text-color has-link-color wp-elements-8af131b1e8959b264c6d0e4e0fee5462\">Compartimos la canci\u00f3n <em>Revolu\u00e7\u00e3o Agr\u00e1ria<\/em> publicada por el Frente de Combate Cultural.<\/p>\n\n\n\n<figure class=\"wp-block-embed is-type-video is-provider-youtube wp-block-embed-youtube wp-embed-aspect-16-9 wp-has-aspect-ratio\"><div class=\"wp-block-embed__wrapper\">\n<iframe loading=\"lazy\" title=\"FCC - Revolu\u00e7\u00e3o agr\u00e1ria\" width=\"1290\" height=\"726\" src=\"https:\/\/www.youtube.com\/embed\/UBZWXu8tRxA?feature=oembed\" frameborder=\"0\" allow=\"accelerometer; autoplay; clipboard-write; encrypted-media; gyroscope; picture-in-picture; web-share\" referrerpolicy=\"strict-origin-when-cross-origin\" allowfullscreen><\/iframe>\n<\/div><\/figure>\n\n\n\n<p class=\"has-black-color has-text-color has-link-color wp-elements-f7e4ef6f44493cc6ff2fdb436b69c87f\">En la descripci\u00f3n del video los compa\u00f1eros del FCC escriben: \u00abCompartimos nuestra canci\u00f3n Revolu\u00e7\u00e3o agr\u00e1ria, la cual hemos realizado en portugu\u00e9s como homenaje a nuestros queridos compa\u00f1eros y compa\u00f1eras de la Liga de Campesinos Pobres de Brasil (LCP). Hemos acompa\u00f1ado la canci\u00f3n con fotograf\u00edas que muestran el trabajo revolucionario de la LCP, las cuales hemos tomado del Jornal A Nova Democracia. <a href=\"https:\/\/www.youtube.com\/channel\/UC7G7saR0vFSMh-SdEyF3Utg\">@JornalANovaDemocracia<\/a> \u00a1Viva la LCP! \u00a1Viva la lucha por la tierra! \u00a1Muerte al latifundio!\u00bb<\/p>\n","protected":false},"excerpt":{"rendered":"<p>Compartimos la canci\u00f3n Revolu\u00e7\u00e3o Agr\u00e1ria publicada por el Frente de Combate Cultural. En la descripci\u00f3n del video los compa\u00f1eros del FCC escriben: \u00abCompartimos nuestra canci\u00f3n Revolu\u00e7\u00e3o agr\u00e1ria, la cual hemos realizado en portugu\u00e9s como homenaje a nuestros queridos compa\u00f1eros y compa\u00f1eras de la Liga de Campesinos Pobres de Brasil (LCP). Hemos acompa\u00f1ado la canci\u00f3n con [&hellip;]<\/p>\n","protected":false},"author":1,"featured_media":26000,"comment_status":"open","ping_status":"open","sticky":false,"template":"","format":"standard","meta":{"footnotes":""},"categories":[16,4,134,144],"tags":[],"class_list":["post-25997","post","type-post","status-publish","format-standard","has-post-thumbnail","hentry","category-carrusel","category-colombia","category-nueva-cultura","category-lucha-por-la-tierra"],"blocksy_meta":[],"_links":{"self":[{"href":"https:\/\/nuevademocracia.com.co\/index.php?rest_route=\/wp\/v2\/posts\/25997","targetHints":{"allow":["GET"]}}],"collection":[{"href":"https:\/\/nuevademocracia.com.co\/index.php?rest_route=\/wp\/v2\/posts"}],"about":[{"href":"https:\/\/nuevademocracia.com.co\/index.php?rest_route=\/wp\/v2\/types\/post"}],"author":[{"embeddable":true,"href":"https:\/\/nuevademocracia.com.co\/index.php?rest_route=\/wp\/v2\/users\/1"}],"replies":[{"embeddable":true,"href":"https:\/\/nuevademocracia.com.co\/index.php?rest_route=%2Fwp%2Fv2%2Fcomments&post=25997"}],"version-history":[{"count":3,"href":"https:\/\/nuevademocracia.com.co\/index.php?rest_route=\/wp\/v2\/posts\/25997\/revisions"}],"predecessor-version":[{"id":26001,"href":"https:\/\/nuevademocracia.com.co\/index.php?rest_route=\/wp\/v2\/posts\/25997\/revisions\/26001"}],"wp:featuredmedia":[{"embeddable":true,"href":"https:\/\/nuevademocracia.com.co\/index.php?rest_route=\/wp\/v2\/media\/26000"}],"wp:attachment":[{"href":"https:\/\/nuevademocracia.com.co\/index.php?rest_route=%2Fwp%2Fv2%2Fmedia&parent=25997"}],"wp:term":[{"taxonomy":"category","embeddable":true,"href":"https:\/\/nuevademocracia.com.co\/index.php?rest_route=%2Fwp%2Fv2%2Fcategories&post=25997"},{"taxonomy":"post_tag","embeddable":true,"href":"https:\/\/nuevademocracia.com.co\/index.php?rest_route=%2Fwp%2Fv2%2Ftags&post=25997"}],"curies":[{"name":"wp","href":"https:\/\/api.w.org\/{rel}","templated":true}]}}