{"id":26117,"date":"2024-03-19T16:31:25","date_gmt":"2024-03-19T21:31:25","guid":{"rendered":"https:\/\/nuevademocracia.com.co\/?p=26117"},"modified":"2024-04-02T14:43:51","modified_gmt":"2024-04-02T19:43:51","slug":"acciones-por-el-8-de-marzo","status":"publish","type":"post","link":"https:\/\/nuevademocracia.com.co\/?p=26117","title":{"rendered":"Acciones por el 8 de marzo"},"content":{"rendered":"\n<p class=\"has-black-color has-text-color has-link-color wp-elements-a7f284b0e54d10ba1e95c48c919ec0e4\">Tras la marcha del 8 de marzo en Medell\u00edn, que destaco por su masividad y combatividad, la alcald\u00eda de la capital antioque\u00f1a sac\u00f3 un cartel con el rostro de 8 mujeres que participaron en la marcha, acus\u00e1ndolas de vandalismo y da\u00f1o a estaciones del Metropl\u00fas. Junto a este cartel varias personas pertenecientes a las clases dominantes como Federico Guti\u00e9rrez y Andr\u00e9s Juli\u00e1n Rend\u00f3n, salieron a criminalizar por redes sociales la justa lucha de las mujeres populares. Tambi\u00e9n algunas mujeres fueron intimidadas y retenidas por la polic\u00eda por tener pa\u00f1oletas verdes o moradas.<\/p>\n\n\n\n<p class=\"has-black-color has-text-color has-link-color wp-elements-788d0873666b7b09d41097271b28aaf6\">Algunas organizaciones de mujeres han denunciado la criminalizaci\u00f3n de la protesta y bajo las consignas \u201cLuchar no es un crimen\u201d y \u201cLa mujer que buscan soy yo\u201d han impulsado una campa\u00f1a de denuncia en solidaridad con las mujeres se\u00f1aladas. Esta semana est\u00e1n invitando a pintar una tela y a hacer un plant\u00f3n de denuncia. Algunas de las denuncias que realizan estas organizaciones es la rapidez con el viejo Estado condena la lucha popular y la ineficiencia y nula condena hacia los feminicidas y violadores, y la poca atenci\u00f3n que se le brinda a los distintos casos de abusos y acoso hacia las mujeres del pueblo.<\/p>\n\n\n\n<p class=\"has-black-color has-text-color has-link-color wp-elements-ac70010b959dec34bb193de550d0fe5f\">Adem\u00e1s, en el marco del mes en que se conmemora la lucha de la mujer obrera, campesina y popular, nos han llegado registros fotogr\u00e1ficos de una pega de carteles y algunas pintas hechas por mujeres revolucionarias, en donde se denuncia la criminalizaci\u00f3n de la protesta, donde se reivindica a revolucionarias y comunistas, as\u00ed como la lucha del pueblo palestino y donde llaman a la organizaci\u00f3n y lucha de las mujeres.<\/p>\n\n\n\n<p class=\"has-black-color has-text-color has-link-color wp-elements-53fb943eb72d60c450f378be84b3a1e7\">Compartimos algunas fotos que nos comparten de los carteles y pintas realizados:<\/p>\n\n\n\n<div class=\"wp-block-group is-nowrap is-layout-flex wp-container-core-group-is-layout-6c531013 wp-block-group-is-layout-flex\">\n<figure class=\"wp-block-image size-full is-resized\"><img loading=\"lazy\" decoding=\"async\" width=\"831\" height=\"556\" src=\"https:\/\/nuevademocracia.com.co\/wp-content\/uploads\/2024\/03\/image-50.png\" alt=\"\" class=\"wp-image-26118\" style=\"width:416px;height:auto\" srcset=\"https:\/\/nuevademocracia.com.co\/wp-content\/uploads\/2024\/03\/image-50.png 831w, https:\/\/nuevademocracia.com.co\/wp-content\/uploads\/2024\/03\/image-50-300x201.png 300w, https:\/\/nuevademocracia.com.co\/wp-content\/uploads\/2024\/03\/image-50-768x514.png 768w\" sizes=\"auto, (max-width: 831px) 100vw, 831px\" \/><\/figure>\n\n\n\n<figure class=\"wp-block-image size-full\"><img loading=\"lazy\" decoding=\"async\" width=\"831\" height=\"582\" src=\"https:\/\/nuevademocracia.com.co\/wp-content\/uploads\/2024\/03\/image-51.png\" alt=\"\" class=\"wp-image-26119\" srcset=\"https:\/\/nuevademocracia.com.co\/wp-content\/uploads\/2024\/03\/image-51.png 831w, https:\/\/nuevademocracia.com.co\/wp-content\/uploads\/2024\/03\/image-51-300x210.png 300w, https:\/\/nuevademocracia.com.co\/wp-content\/uploads\/2024\/03\/image-51-768x538.png 768w\" sizes=\"auto, (max-width: 831px) 100vw, 831px\" \/><\/figure>\n<\/div>\n\n\n\n<div class=\"wp-block-group is-nowrap is-layout-flex wp-container-core-group-is-layout-6c531013 wp-block-group-is-layout-flex\">\n<figure class=\"wp-block-image size-full\"><img loading=\"lazy\" decoding=\"async\" width=\"868\" height=\"570\" src=\"https:\/\/nuevademocracia.com.co\/wp-content\/uploads\/2024\/03\/image-52.png\" alt=\"\" class=\"wp-image-26120\" srcset=\"https:\/\/nuevademocracia.com.co\/wp-content\/uploads\/2024\/03\/image-52.png 868w, https:\/\/nuevademocracia.com.co\/wp-content\/uploads\/2024\/03\/image-52-300x197.png 300w, https:\/\/nuevademocracia.com.co\/wp-content\/uploads\/2024\/03\/image-52-768x504.png 768w\" sizes=\"auto, (max-width: 868px) 100vw, 868px\" \/><\/figure>\n\n\n\n<figure class=\"wp-block-image size-full\"><img loading=\"lazy\" decoding=\"async\" width=\"872\" height=\"582\" src=\"https:\/\/nuevademocracia.com.co\/wp-content\/uploads\/2024\/03\/image-53.png\" alt=\"\" class=\"wp-image-26121\" srcset=\"https:\/\/nuevademocracia.com.co\/wp-content\/uploads\/2024\/03\/image-53.png 872w, https:\/\/nuevademocracia.com.co\/wp-content\/uploads\/2024\/03\/image-53-300x200.png 300w, https:\/\/nuevademocracia.com.co\/wp-content\/uploads\/2024\/03\/image-53-768x513.png 768w\" sizes=\"auto, (max-width: 872px) 100vw, 872px\" \/><\/figure>\n<\/div>\n\n\n\n<div class=\"wp-block-group is-nowrap is-layout-flex wp-container-core-group-is-layout-6c531013 wp-block-group-is-layout-flex\">\n<figure class=\"wp-block-image size-full\"><img loading=\"lazy\" decoding=\"async\" width=\"863\" height=\"553\" src=\"https:\/\/nuevademocracia.com.co\/wp-content\/uploads\/2024\/03\/image-55.png\" alt=\"\" class=\"wp-image-26123\" srcset=\"https:\/\/nuevademocracia.com.co\/wp-content\/uploads\/2024\/03\/image-55.png 863w, https:\/\/nuevademocracia.com.co\/wp-content\/uploads\/2024\/03\/image-55-300x192.png 300w, https:\/\/nuevademocracia.com.co\/wp-content\/uploads\/2024\/03\/image-55-768x492.png 768w\" sizes=\"auto, (max-width: 863px) 100vw, 863px\" \/><\/figure>\n\n\n\n<figure class=\"wp-block-image size-full\"><img loading=\"lazy\" decoding=\"async\" width=\"863\" height=\"553\" src=\"https:\/\/nuevademocracia.com.co\/wp-content\/uploads\/2024\/03\/image-55.png\" alt=\"\" class=\"wp-image-26123\" srcset=\"https:\/\/nuevademocracia.com.co\/wp-content\/uploads\/2024\/03\/image-55.png 863w, https:\/\/nuevademocracia.com.co\/wp-content\/uploads\/2024\/03\/image-55-300x192.png 300w, https:\/\/nuevademocracia.com.co\/wp-content\/uploads\/2024\/03\/image-55-768x492.png 768w\" sizes=\"auto, (max-width: 863px) 100vw, 863px\" \/><\/figure>\n<\/div>\n\n\n\n<div class=\"wp-block-group is-nowrap is-layout-flex wp-container-core-group-is-layout-6c531013 wp-block-group-is-layout-flex\">\n<figure class=\"wp-block-image size-full\"><img loading=\"lazy\" decoding=\"async\" width=\"874\" height=\"546\" src=\"https:\/\/nuevademocracia.com.co\/wp-content\/uploads\/2024\/03\/image-56.png\" alt=\"\" class=\"wp-image-26124\" srcset=\"https:\/\/nuevademocracia.com.co\/wp-content\/uploads\/2024\/03\/image-56.png 874w, https:\/\/nuevademocracia.com.co\/wp-content\/uploads\/2024\/03\/image-56-300x187.png 300w, https:\/\/nuevademocracia.com.co\/wp-content\/uploads\/2024\/03\/image-56-768x480.png 768w\" sizes=\"auto, (max-width: 874px) 100vw, 874px\" \/><\/figure>\n\n\n\n<figure class=\"wp-block-image size-full\"><img loading=\"lazy\" decoding=\"async\" width=\"797\" height=\"468\" src=\"https:\/\/nuevademocracia.com.co\/wp-content\/uploads\/2024\/03\/image-57.png\" alt=\"\" class=\"wp-image-26125\" srcset=\"https:\/\/nuevademocracia.com.co\/wp-content\/uploads\/2024\/03\/image-57.png 797w, https:\/\/nuevademocracia.com.co\/wp-content\/uploads\/2024\/03\/image-57-300x176.png 300w, https:\/\/nuevademocracia.com.co\/wp-content\/uploads\/2024\/03\/image-57-768x451.png 768w\" sizes=\"auto, (max-width: 797px) 100vw, 797px\" \/><\/figure>\n<\/div>\n\n\n\n<div class=\"wp-block-group is-nowrap is-layout-flex wp-container-core-group-is-layout-6c531013 wp-block-group-is-layout-flex\">\n<figure class=\"wp-block-image size-full\"><img loading=\"lazy\" decoding=\"async\" width=\"775\" height=\"596\" src=\"https:\/\/nuevademocracia.com.co\/wp-content\/uploads\/2024\/03\/image-58.png\" alt=\"\" class=\"wp-image-26126\" srcset=\"https:\/\/nuevademocracia.com.co\/wp-content\/uploads\/2024\/03\/image-58.png 775w, https:\/\/nuevademocracia.com.co\/wp-content\/uploads\/2024\/03\/image-58-300x231.png 300w, https:\/\/nuevademocracia.com.co\/wp-content\/uploads\/2024\/03\/image-58-768x591.png 768w\" sizes=\"auto, (max-width: 775px) 100vw, 775px\" \/><\/figure>\n\n\n\n<figure class=\"wp-block-image size-full\"><img loading=\"lazy\" decoding=\"async\" width=\"863\" height=\"580\" src=\"https:\/\/nuevademocracia.com.co\/wp-content\/uploads\/2024\/03\/image-59.png\" alt=\"\" class=\"wp-image-26127\" srcset=\"https:\/\/nuevademocracia.com.co\/wp-content\/uploads\/2024\/03\/image-59.png 863w, https:\/\/nuevademocracia.com.co\/wp-content\/uploads\/2024\/03\/image-59-300x202.png 300w, https:\/\/nuevademocracia.com.co\/wp-content\/uploads\/2024\/03\/image-59-768x516.png 768w\" sizes=\"auto, (max-width: 863px) 100vw, 863px\" \/><\/figure>\n<\/div>\n\n\n\n<div class=\"wp-block-group is-nowrap is-layout-flex wp-container-core-group-is-layout-6c531013 wp-block-group-is-layout-flex\">\n<figure class=\"wp-block-image size-full\"><img loading=\"lazy\" decoding=\"async\" width=\"813\" height=\"542\" src=\"https:\/\/nuevademocracia.com.co\/wp-content\/uploads\/2024\/03\/image-60.png\" alt=\"\" class=\"wp-image-26128\" srcset=\"https:\/\/nuevademocracia.com.co\/wp-content\/uploads\/2024\/03\/image-60.png 813w, https:\/\/nuevademocracia.com.co\/wp-content\/uploads\/2024\/03\/image-60-300x200.png 300w, https:\/\/nuevademocracia.com.co\/wp-content\/uploads\/2024\/03\/image-60-768x512.png 768w\" sizes=\"auto, (max-width: 813px) 100vw, 813px\" \/><\/figure>\n\n\n\n<figure class=\"wp-block-image size-full\"><img loading=\"lazy\" decoding=\"async\" width=\"874\" height=\"573\" src=\"https:\/\/nuevademocracia.com.co\/wp-content\/uploads\/2024\/03\/image-61.png\" alt=\"\" class=\"wp-image-26129\" srcset=\"https:\/\/nuevademocracia.com.co\/wp-content\/uploads\/2024\/03\/image-61.png 874w, https:\/\/nuevademocracia.com.co\/wp-content\/uploads\/2024\/03\/image-61-300x197.png 300w, https:\/\/nuevademocracia.com.co\/wp-content\/uploads\/2024\/03\/image-61-768x504.png 768w\" sizes=\"auto, (max-width: 874px) 100vw, 874px\" \/><\/figure>\n<\/div>\n\n\n\n<figure class=\"wp-block-image size-full\"><img loading=\"lazy\" decoding=\"async\" width=\"869\" height=\"571\" src=\"https:\/\/nuevademocracia.com.co\/wp-content\/uploads\/2024\/03\/image-62.png\" alt=\"\" class=\"wp-image-26130\" srcset=\"https:\/\/nuevademocracia.com.co\/wp-content\/uploads\/2024\/03\/image-62.png 869w, https:\/\/nuevademocracia.com.co\/wp-content\/uploads\/2024\/03\/image-62-300x197.png 300w, https:\/\/nuevademocracia.com.co\/wp-content\/uploads\/2024\/03\/image-62-768x505.png 768w\" sizes=\"auto, (max-width: 869px) 100vw, 869px\" \/><\/figure>\n","protected":false},"excerpt":{"rendered":"<p>Tras la marcha del 8 de marzo en Medell\u00edn, que destaco por su masividad y combatividad, la alcald\u00eda de la capital antioque\u00f1a sac\u00f3 un cartel con el rostro de 8 mujeres que participaron en la marcha, acus\u00e1ndolas de vandalismo y da\u00f1o a estaciones del Metropl\u00fas. Junto a este cartel varias personas pertenecientes a las clases [&hellip;]<\/p>\n","protected":false},"author":1,"featured_media":26130,"comment_status":"open","ping_status":"open","sticky":false,"template":"","format":"standard","meta":{"footnotes":""},"categories":[16,31,115],"tags":[62],"class_list":["post-26117","post","type-post","status-publish","format-standard","has-post-thumbnail","hentry","category-carrusel","category-internacional","category-mujer","tag-conmemoracion"],"blocksy_meta":[],"_links":{"self":[{"href":"https:\/\/nuevademocracia.com.co\/index.php?rest_route=\/wp\/v2\/posts\/26117","targetHints":{"allow":["GET"]}}],"collection":[{"href":"https:\/\/nuevademocracia.com.co\/index.php?rest_route=\/wp\/v2\/posts"}],"about":[{"href":"https:\/\/nuevademocracia.com.co\/index.php?rest_route=\/wp\/v2\/types\/post"}],"author":[{"embeddable":true,"href":"https:\/\/nuevademocracia.com.co\/index.php?rest_route=\/wp\/v2\/users\/1"}],"replies":[{"embeddable":true,"href":"https:\/\/nuevademocracia.com.co\/index.php?rest_route=%2Fwp%2Fv2%2Fcomments&post=26117"}],"version-history":[{"count":3,"href":"https:\/\/nuevademocracia.com.co\/index.php?rest_route=\/wp\/v2\/posts\/26117\/revisions"}],"predecessor-version":[{"id":26139,"href":"https:\/\/nuevademocracia.com.co\/index.php?rest_route=\/wp\/v2\/posts\/26117\/revisions\/26139"}],"wp:featuredmedia":[{"embeddable":true,"href":"https:\/\/nuevademocracia.com.co\/index.php?rest_route=\/wp\/v2\/media\/26130"}],"wp:attachment":[{"href":"https:\/\/nuevademocracia.com.co\/index.php?rest_route=%2Fwp%2Fv2%2Fmedia&parent=26117"}],"wp:term":[{"taxonomy":"category","embeddable":true,"href":"https:\/\/nuevademocracia.com.co\/index.php?rest_route=%2Fwp%2Fv2%2Fcategories&post=26117"},{"taxonomy":"post_tag","embeddable":true,"href":"https:\/\/nuevademocracia.com.co\/index.php?rest_route=%2Fwp%2Fv2%2Ftags&post=26117"}],"curies":[{"name":"wp","href":"https:\/\/api.w.org\/{rel}","templated":true}]}}