{"id":26132,"date":"2024-03-20T12:00:00","date_gmt":"2024-03-20T17:00:00","guid":{"rendered":"https:\/\/nuevademocracia.com.co\/?p=26132"},"modified":"2024-03-19T16:37:53","modified_gmt":"2024-03-19T21:37:53","slug":"g-n-saibaba-es-absuelto-por-el-supremo-tribunal-de-bombaim-despues-de-anos-de-prision-ilegal","status":"publish","type":"post","link":"https:\/\/nuevademocracia.com.co\/?p=26132","title":{"rendered":"G.N Saibaba es absuelto por el Supremo Tribunal de Bombaim despu\u00e9s de a\u00f1os de prisi\u00f3n ilegal"},"content":{"rendered":"\n<p class=\"has-black-color has-text-color has-link-color wp-elements-7ea6301aaad7cec4656bae2f1c3e538d\">Compartimos la traducci\u00f3n no oficial de este art\u00edculo encontrado en <a href=\"https:\/\/anovademocracia.com.br\/g-n-saibaba-e-absolvido-pelo-supremo-tribunal-de-bombaim-apos-anos-de-prisao-ilegal\/\">A Nova Democracia<\/a><\/p>\n\n\n\n<p class=\"has-black-color has-text-color has-link-color wp-elements-980851cd7b7b4c8d75af32eb27f22152\">El Supremo Tribunal reaccionario de Bombaim absolvi\u00f3 a G.N. Saibaba y a otros cinco acusados de \u201cconexiones con el mao\u00edsmo\u201d en un caso fabricado por el viejo Estado indio para criminalizar a los que luchan en defensa de los derechos del pueblo.<\/p>\n\n\n\n<p class=\"has-black-color has-text-color has-link-color wp-elements-a94f2c76e4c9f5f53787b699f5bf9499\">\u00a0\u00a0\u00a0\u00a0\u00a0\u00a0\u00a0\u00a0\u00a0\u00a0\u00a0\u00a0\u00a0\u00a0\u00a0\u00a0\u00a0\u00a0\u00a0\u00a0\u00a0\u00a0\u00a0\u00a0\u00a0\u00a0\u00a0\u00a0\u00a0\u00a0\u00a0\u00a0\u00a0\u00a0\u00a0\u00a0\u00a0\u00a0\u00a0\u00a0\u00a0\u00a0\u00a0\u00a0\u00a0\u00a0\u00a0\u00a0\u00a0\u00a0\u00a0\u00a0\u00a0\u00a0\u00a0\u00a0 *******************<\/p>\n\n\n\n<figure class=\"wp-block-image aligncenter size-full is-resized\"><img loading=\"lazy\" decoding=\"async\" width=\"635\" height=\"704\" src=\"https:\/\/nuevademocracia.com.co\/wp-content\/uploads\/2024\/03\/image-63.png\" alt=\"\" class=\"wp-image-26133\" style=\"width:419px;height:auto\" srcset=\"https:\/\/nuevademocracia.com.co\/wp-content\/uploads\/2024\/03\/image-63.png 635w, https:\/\/nuevademocracia.com.co\/wp-content\/uploads\/2024\/03\/image-63-271x300.png 271w\" sizes=\"auto, (max-width: 635px) 100vw, 635px\" \/><\/figure>\n\n\n\n<p class=\"has-black-color has-text-color has-link-color wp-elements-364c8a04ecf87111c372888b2abf30aa\">El martes 5 de marzo, el Supremo Tribunal reaccionario de Bombaim absolvi\u00f3 al profesor democr\u00e1tico Dr G.N. Saibaba y a otros cinco acusados de \u201cconexiones con el mao\u00edsmo\u201d en un caso fabricado por el viejo Estado indio para criminalizar a los que luchan en defensa de los derechos del pueblo.<\/p>\n\n\n\n<p class=\"has-black-color has-text-color has-link-color wp-elements-82ae999f28d2a51d1a4ee1e5a3cfbfec\">El exprofesor de la Universidad de Delhi dio una entrevista colectiva luego de ser liberado de la celda de la C\u00e1rcel Central de Nagpur. \u00c9l realiz\u00f3 denuncias contra el viejo Estado indio:<\/p>\n\n\n\n<p class=\"has-black-color has-text-color has-link-color wp-elements-eb59838755e762db860d27c7d43dbe38\">\u201cOtro abogado fue preso por apoyarme. Durante el juzgamiento, algunos polic\u00edas amenazaron a mis abogados\u201d<\/p>\n\n\n\n<p class=\"has-black-color has-text-color has-link-color wp-elements-eff8c8b6e4305fadd1c9c7f4e10892bd\">Adem\u00e1s de eso, Saibaba denunci\u00f3 los malos tratos contra los presos:<\/p>\n\n\n\n<p class=\"has-black-color has-text-color has-link-color wp-elements-abb016163e756eaa220832cb012545c9\">\u201cEstaba preso en una prisi\u00f3n que tiene capacidad para 1.500 presos, m\u00e1s de 3.000 personas estaban alojadas en condiciones precarias. No hab\u00eda siquiera una \u00fanica rampa en la prisi\u00f3n para personas como yo\u201d, afirm\u00f3.<\/p>\n\n\n\n<p class=\"has-black-color has-text-color has-link-color wp-elements-34bae3dda21005caa1d374f652ec179f\">Emocionado, el abogado afirmo que \u201cen vez de ir para el hospital, opte por hablar hoy con la prensa porque ustedes me apoyar\u00edan. Mi familia enfrento estigmatizaci\u00f3n y fue llamada de terrorista\u2026Estoy sentado al frente de ustedes hoy para conversar con todos ustedes con muchos dolores en el cuerpo. No consigo hablar derecho ni estoy en condici\u00f3n de sentarme aqu\u00ed\u201d, denunciando tambi\u00e9n el brutal tratamiento que sufri\u00f3 durante el periodo que estuvo preso.<\/p>\n\n\n\n<p class=\"has-black-color has-text-color has-link-color wp-elements-c18180da24df313dc7e3b28bc4f04dd2\">La justicia reaccionaria india no consigui\u00f3 probar el involucramiento de Saibaba y de los otros cinco acusados, Mahesh Tirki, Pandu Pora Narote, Hem Keshwdatta Mishra, Prashant Rahi e Vijay. Nan Tirki. Uno de ellos, Narote, muri\u00f3 en la prisi\u00f3n en agosto de 2022.<\/p>\n\n\n\n<p class=\"has-black-color has-text-color has-link-color wp-elements-fe3bdd5816963807ebb11dc8545e96c3\">Saibaba ya hab\u00eda sido absuelto anteriormente, en 2022, por el tribunal de Maharashtra, pero el Supremo Tribunal revirti\u00f3 la decisi\u00f3n, afirmando que el profesor era una \u201camenaza a la seguridad nacional\u201d.<\/p>\n\n\n\n<p class=\"has-black-color has-text-color has-link-color wp-elements-2437c4addef0652ca6083c520345430c\">El tratamiento inhumano y criminal utilizado contra Saibaba en la prisi\u00f3n fue blanco de investigaciones de la Organizaci\u00f3n de las Naciones Unidas (ONU). El profesor sufre de par\u00e1lisis como resultado de la poliomielitis, as\u00ed como de otros 19 problemas de salud diferentes que se agravaron durante la detenci\u00f3n por la falta de asistencia m\u00e9dica, parte de un plan de asesinato silencioso.<\/p>\n\n\n\n<p class=\"has-black-color has-text-color has-link-color wp-elements-e9f6224d6966945e3615123746dd3f95\">Activistas indios denunciaron la decisi\u00f3n tard\u00eda del Supremo Tribunal, alegando que la situaci\u00f3n de salud de Saibaba no podr\u00e1 ser recuperada. Denunciaron que tambi\u00e9n la continua detenci\u00f3n de otros activistas. La prisi\u00f3n y la represi\u00f3n contra Saibaba y otros dem\u00f3cratas en la India no es una exclusividad del gobierno Modi, de hecho, es una pr\u00e1ctica com\u00fan para el viejo Estado indio.<\/p>\n\n\n\n<p class=\"has-black-color has-text-color has-link-color wp-elements-c908407f7dbd8ba7c02e9acf96d814d6\"><strong>Un profesor democr\u00e1tico<\/strong><\/p>\n\n\n\n<p class=\"has-black-color has-text-color has-link-color wp-elements-3d2417b80adc7009640be7a9bbe46585\">La persecuci\u00f3n del viejo Estado indio contra Saibaba es antigua, as\u00ed como su activismo. El profesor, presidente del Frente Democr\u00e1tico Revolucionario, defiende los pueblos tribales indios desde la d\u00e9cada de 1990, denunciando las acciones de las fuerzas de represi\u00f3n y las pol\u00edticas antipueblo y de las castas en el pa\u00eds. Entre 2009 y 2012, Saibaba reuni\u00f3 dem\u00f3cratas en torno del Foro Contra la Guerra al Pueblo, en protesta contra la operaci\u00f3n militar \u201cCaza Verde\u201d, aplicaci\u00f3n de la pol\u00edtica genocida del viejo Estado indio contra los pueblos adivasi (pueblos tribales) y todos los campesinos de la India, la cual buscaba, principalmente, atacar la guerra popular dirigida por el Partido Comunista de la India (Mao\u00edsta), adem\u00e1s de apoderarse de las riquezas naturales y entregarlas a las grandes mineras.<\/p>\n\n\n\n<p class=\"has-black-color has-text-color has-link-color wp-elements-bf4bd88c442d4cd7982cb5d6cc55c443\">A\u00fan en 2012, despu\u00e9s de participar de diversas conferencias en universidades alrededor del mundo, en las cuales denunci\u00f3 la guerra contra el pueblo promovida por las fuerzas de represi\u00f3n indias y defendi\u00f3 la revoluci\u00f3n, el profesor fue amenazado de despido de la universidad donde trabajaba. En la \u00e9poca, peticiones publicas firmadas por varias personalidades democr\u00e1ticas de la India y del mundo acad\u00e9mico salieron en defensa de Saibaba. En septiembre de 2013, a pesar de eso, el profesor fue preso en su casa y fue arrancado de su silla de ruedas, acusado de haber cometido un \u201crobo\u201d en Maharashtra, siendo posteriormente suelto.<\/p>\n\n\n\n<p class=\"has-black-color has-text-color has-link-color wp-elements-27a561a2b05155989dc862184921e54c\">En 2014, el Dr Saibaba fue secuestrado clandestinamente dentro de la Universidad de Delhi y a ra\u00edz de ello preso arbitrariamente bajo la fascista \u201cley de Prevenci\u00f3n de Actividades Ilegales\u201d, despu\u00e9s de tomar parte en las campa\u00f1as de defensa de los derechos del pueblo, siendo acusado de conexi\u00f3n con los mao\u00edstas. \u00c9l era tambi\u00e9n activo en la lucha por la liberaci\u00f3n de los presos pol\u00edticos indios y en la defensa de la lucha campesina contra la instalaci\u00f3n de multinacionales en la India Central y Oriental. Profesores y activistas de la Universidad de Delhi denunciaron el aislamiento que le fue impuesto, afirmando que los carceleros no le entregaban los medicamentos utilizados desde que sufri\u00f3 un paro cardiaco, claro acto de tortura.<\/p>\n\n\n\n<p class=\"has-black-color has-text-color has-link-color wp-elements-dbb46691f172ce7de51598480e1b5659\">En julio de 2015, la Alta Corte de Bombaim concedi\u00f3 a Saibaba tres meses de libertad mediante el pago de la fianza despu\u00e9s de seguidas denuncias de la deterioraci\u00f3n de su salud en la prisi\u00f3n. En la entrevista concedida en dicha ocasi\u00f3n, el cuestion\u00f3: \u201c\u00bfPor qu\u00e9 el gobierno tiene miedo de m\u00ed? \u00bfYo estoy 90% paralizado? Este Estado piensa que una persona que tiene el coraje de aproximarse, ver y describir la realidad es una amenaza\u201d. El profesor tambi\u00e9n sigui\u00f3 en defensa de la lucha revolucionaria y condenando al viejo Estado indio por la violencia desatada contra el pueblo, as\u00ed como denuncio las propias condiciones de su prisi\u00f3n y las violencias sufridas en su tiempo en la c\u00e1rcel.<\/p>\n\n\n\n<p class=\"has-black-color has-text-color has-link-color wp-elements-5ab193c09f06f516dbf315e71b9394e5\">En diciembre del mismo a\u00f1o, la Suprema Corte de Bombaim cancel\u00f3 la fianza del profesor, encarcel\u00e1ndolo por navidad. Bajo renovadas tentativas de asesinato silencioso, Saibaba denunci\u00f3, en 2016, en una carta al principal juez del distrito de Gadchiroli que no estaba recibiendo tratamiento para la grave herida en su hombro izquierdo adquirido en la prisi\u00f3n y que esto agravar\u00eda el peligro de perder el movimiento de su mano izquierda. En la \u00e9poca, pidi\u00f3 al juez que fuese encaminado inmediatamente para el tratamiento y requiri\u00f3 instalaciones m\u00ednimas y ayudantes para las tareas diarias como el ba\u00f1o, uso del sanitario, desplazamiento, alimentaci\u00f3n entre otras adaptaciones adecuadas a su condici\u00f3n.<\/p>\n\n\n\n<p class=\"has-black-color has-text-color has-link-color wp-elements-9ef8a129fb132f4dd7677c87518bd850\">El 4 de abril de 2016, Saibaba fue liberado bajo fianza nuevamente, pero fue condenado a cadena perpetua en marzo del 2017.En la carta escrita en la prisi\u00f3n a su esposa, Saibaba afirmaba:<\/p>\n\n\n\n<p class=\"has-black-color has-text-color has-link-color wp-elements-274cb25eb36c13fb25163a1b6af8d3bb\">\u201cYo no tengo una cobija. No tengo un su\u00e9ter o chaqueta. A medida que la temperatura disminuye, los dolores insoportables y continuos en las piernas y en la mano izquierda aumentan. Es imposible para mi sobrevivir aqu\u00ed durante el invierno que comienza a partir de noviembre. Yo vivo aqu\u00ed como un animal en sus \u00faltimos suspiros\u201d.<\/p>\n\n\n\n<p class=\"has-black-color has-text-color has-link-color wp-elements-d5704a439536f80b6e11d1814ba2a498\">El 17 de diciembre de 2018, como forma de continuar su plan de asesinato silencioso, el viejo Estado indio acus\u00f3 tambi\u00e9n a los m\u00e9dicos de Saibaba (el geriatra Dr. Haji Bhatti, el neur\u00f3logo Dr. Prasad y el cardi\u00f3logo Dr. Gopinath) de ser \u201csimpatizantes del mao\u00edsmo\u201d por atestiguar el grave estado de salud en que se encontraba el profesor. El d\u00eda 21 de octubre de 2020, Saibaba inicio una huelga de hambre para protestar contra su prisi\u00f3n y las condiciones en que era mantenido.<\/p>\n\n\n\n<p class=\"has-black-color has-text-color has-link-color wp-elements-1976c5de7b04828454a947a747f8a90d\">Fue en 2022 que una primera absoluci\u00f3n fue concedida a Saibaba, por el Tribunal Superior de Mumbai. El Supremo Tribunal Indio decidi\u00f3, a ultima hora, suspender la decisi\u00f3n, que se hab\u00eda dado despu\u00e9s de un mes de campa\u00f1as internacionales en defensa de la libertad, de la vida y de la salud del profesor. La Agencia Nacional de Investigaci\u00f3n (ANI) de la India denunci\u00f3 al Supremo Tribunal que la acusaci\u00f3n contra el prisionero era \u201cmuy grave\u201d y que las irregularidades procesales (como la falsificaci\u00f3n de \u201cpruebas\u201d por parte de las autoridades) no eran suficientes para \u201cjustificar la absoluci\u00f3n\u201d. La protesta de sus estudiantes en la Universidad de Delhi contra la decisi\u00f3n reaccionaria fue duramente reprimida.<\/p>\n\n\n\n<p class=\"has-black-color has-text-color has-link-color wp-elements-c4d02d0322e9348692b63caa716e102b\">A pesar de la larga de persecuci\u00f3n y tortura, la historia de Saibaba no es sino una historia de resistencia y de continua lucha en defensa del pueblo indio y de los pueblos oprimidos en general. El profesor democr\u00e1tico jam\u00e1s vacilo en esa defensa, continu\u00e1ndola desde la prisi\u00f3n y en los momentos en que estuvo en libertad. Alrededor de todo el mundo, diversas campa\u00f1as fueron hechos a lo largo de los a\u00f1os para denunciar la prisi\u00f3n arbitraria y criminal de Saibaba por el viejo Estado de la India y las condiciones inhumanas en que el dem\u00f3crata era mantenido. En el poema escrito en la prisi\u00f3n a su madre, el profesor afirmo: \u201cYo tuve muchos amigos \/por el mundo, \/ mas preso en esta prisi\u00f3n \/ Anaa Cell \/ gan\u00e9 muchos otros amigos \/ en todo el planeta\u201d.<\/p>\n\n\n\n<p class=\"has-black-color has-text-color has-link-color wp-elements-7609592bb020f78113a84fa32d14962d\">Las masas del mundo y los activistas populares pueden celebrar la absoluci\u00f3n de Saibaba hoy, as\u00ed como su continua lucha.<\/p>\n\n\n\n<figure class=\"wp-block-image aligncenter size-full is-resized\"><img loading=\"lazy\" decoding=\"async\" width=\"740\" height=\"746\" src=\"https:\/\/nuevademocracia.com.co\/wp-content\/uploads\/2024\/03\/image-64.png\" alt=\"\" class=\"wp-image-26134\" style=\"width:460px;height:auto\" srcset=\"https:\/\/nuevademocracia.com.co\/wp-content\/uploads\/2024\/03\/image-64.png 740w, https:\/\/nuevademocracia.com.co\/wp-content\/uploads\/2024\/03\/image-64-298x300.png 298w, https:\/\/nuevademocracia.com.co\/wp-content\/uploads\/2024\/03\/image-64-150x150.png 150w\" sizes=\"auto, (max-width: 740px) 100vw, 740px\" \/><\/figure>\n\n\n\n<p><\/p>\n\n\n\n<p class=\"has-black-color has-text-color has-link-color wp-elements-34dfd262e11bedcbcbc853998a3d7ccc\">Tambi\u00e9n compartimos la rueda de prensa que dio el profesor Saibaba:<\/p>\n\n\n\n<figure class=\"wp-block-embed is-type-video is-provider-youtube wp-block-embed-youtube wp-embed-aspect-16-9 wp-has-aspect-ratio\"><div class=\"wp-block-embed__wrapper\">\n<iframe loading=\"lazy\" title=\"&quot;State Has Become an Anarchy &amp; They&#039;re Crushing Humanity&quot;: GN Saibaba&#039;s Moving Speech Post Release\" width=\"1290\" height=\"726\" src=\"https:\/\/www.youtube.com\/embed\/pYIpGxYm2dU?feature=oembed\" frameborder=\"0\" allow=\"accelerometer; autoplay; clipboard-write; encrypted-media; gyroscope; picture-in-picture; web-share\" referrerpolicy=\"strict-origin-when-cross-origin\" allowfullscreen><\/iframe>\n<\/div><\/figure>\n","protected":false},"excerpt":{"rendered":"<p>Compartimos la traducci\u00f3n no oficial de este art\u00edculo encontrado en A Nova Democracia El Supremo Tribunal reaccionario de Bombaim absolvi\u00f3 a G.N. Saibaba y a otros cinco acusados de \u201cconexiones con el mao\u00edsmo\u201d en un caso fabricado por el viejo Estado indio para criminalizar a los que luchan en defensa de los derechos del pueblo. [&hellip;]<\/p>\n","protected":false},"author":1,"featured_media":26133,"comment_status":"open","ping_status":"open","sticky":false,"template":"","format":"standard","meta":{"footnotes":""},"categories":[16,31],"tags":[],"class_list":["post-26132","post","type-post","status-publish","format-standard","has-post-thumbnail","hentry","category-carrusel","category-internacional"],"blocksy_meta":[],"_links":{"self":[{"href":"https:\/\/nuevademocracia.com.co\/index.php?rest_route=\/wp\/v2\/posts\/26132","targetHints":{"allow":["GET"]}}],"collection":[{"href":"https:\/\/nuevademocracia.com.co\/index.php?rest_route=\/wp\/v2\/posts"}],"about":[{"href":"https:\/\/nuevademocracia.com.co\/index.php?rest_route=\/wp\/v2\/types\/post"}],"author":[{"embeddable":true,"href":"https:\/\/nuevademocracia.com.co\/index.php?rest_route=\/wp\/v2\/users\/1"}],"replies":[{"embeddable":true,"href":"https:\/\/nuevademocracia.com.co\/index.php?rest_route=%2Fwp%2Fv2%2Fcomments&post=26132"}],"version-history":[{"count":2,"href":"https:\/\/nuevademocracia.com.co\/index.php?rest_route=\/wp\/v2\/posts\/26132\/revisions"}],"predecessor-version":[{"id":26136,"href":"https:\/\/nuevademocracia.com.co\/index.php?rest_route=\/wp\/v2\/posts\/26132\/revisions\/26136"}],"wp:featuredmedia":[{"embeddable":true,"href":"https:\/\/nuevademocracia.com.co\/index.php?rest_route=\/wp\/v2\/media\/26133"}],"wp:attachment":[{"href":"https:\/\/nuevademocracia.com.co\/index.php?rest_route=%2Fwp%2Fv2%2Fmedia&parent=26132"}],"wp:term":[{"taxonomy":"category","embeddable":true,"href":"https:\/\/nuevademocracia.com.co\/index.php?rest_route=%2Fwp%2Fv2%2Fcategories&post=26132"},{"taxonomy":"post_tag","embeddable":true,"href":"https:\/\/nuevademocracia.com.co\/index.php?rest_route=%2Fwp%2Fv2%2Ftags&post=26132"}],"curies":[{"name":"wp","href":"https:\/\/api.w.org\/{rel}","templated":true}]}}