{"id":26156,"date":"2024-04-02T13:58:00","date_gmt":"2024-04-02T18:58:00","guid":{"rendered":"https:\/\/nuevademocracia.com.co\/?p=26156"},"modified":"2024-04-02T13:58:01","modified_gmt":"2024-04-02T18:58:01","slug":"el-origen-del-dia-internacional-de-la-mujer-proletaria","status":"publish","type":"post","link":"https:\/\/nuevademocracia.com.co\/?p=26156","title":{"rendered":"El origen del D\u00eda Internacional de la Mujer Proletaria"},"content":{"rendered":"\n<figure class=\"wp-block-image aligncenter size-large is-resized\"><img loading=\"lazy\" decoding=\"async\" width=\"1024\" height=\"628\" src=\"https:\/\/nuevademocracia.com.co\/wp-content\/uploads\/2024\/04\/Imagen1-1024x628.png\" alt=\"\" class=\"wp-image-26157\" style=\"width:840px;height:auto\" srcset=\"https:\/\/nuevademocracia.com.co\/wp-content\/uploads\/2024\/04\/Imagen1-1024x628.png 1024w, https:\/\/nuevademocracia.com.co\/wp-content\/uploads\/2024\/04\/Imagen1-300x184.png 300w, https:\/\/nuevademocracia.com.co\/wp-content\/uploads\/2024\/04\/Imagen1-768x471.png 768w, https:\/\/nuevademocracia.com.co\/wp-content\/uploads\/2024\/04\/Imagen1.png 1516w\" sizes=\"auto, (max-width: 1024px) 100vw, 1024px\" \/><\/figure>\n\n\n\n<p class=\"has-black-color has-text-color has-link-color wp-elements-4a384d884aea7bb89165fa5fd0206d62\">El 8 de marzo es una conmemoraci\u00f3n que se ha enarbolado a lo largo del mundo para dar tributo a las luchas de las mujeres del pueblo. La propuesta de conmemorar este d\u00eda surge de la gran revolucionaria alemana, dirigente del Partido Social Dem\u00f3crata (Comunista) de Alemania, Clara Zetkin, en la II Conferencia de Mujeres Socialistas en 1910.<\/p>\n\n\n\n<p class=\"has-black-color has-text-color has-link-color wp-elements-f453ca5d6a539a2cf6f06aae2b3ac0dc\">Inicialmente esta conmemoraci\u00f3n se realizaba en otras fechas diferentes al 8 de marzo, y fue hasta el a\u00f1o 1917 que se instaur\u00f3 este d\u00eda como el <em>D\u00eda Internacional de la Mujer Proletaria, <\/em>pues en el inicio del auge revolucionario que dar\u00eda vida a la Gran Revoluci\u00f3n Socialista de Octubre en Rusia, miles de mujeres obreras bajo la direcci\u00f3n de los bolcheviques salieron a las calles en una huelga general pol\u00edtica a protestar por pan, en contra de la guerra y en oposici\u00f3n al r\u00e9gimen zarista. Estos acontecimientos fueron muy importantes para todo el proceso de lucha que llevar\u00eda al hito hist\u00f3rico de la primera patria socialista, la Uni\u00f3n de las Rep\u00fablicas Socialistas Sovi\u00e9ticas (URSS). Por consiguiente, es en la lucha dirigida por el proletariado que se da el origen al d\u00eda de la mujer proletaria, posteriormente se toma la fecha del <em>8 de marzo<\/em> en honor a las mujeres trabajadoras y revolucionarias de la URSS, y se extiende esta celebraci\u00f3n como algo internacional para conmemorar las luchas de las mujeres proletarias y del pueblo del mundo entero.&nbsp;<\/p>\n\n\n\n<p class=\"has-black-color has-text-color has-link-color wp-elements-b15cc97c140da5e92486901e89f87b97\">Las clases dominantes han intentado desdibujar por distintos medios el origen socialista de esta fecha, buscando negar que la lucha de la mujer ha sido enarbolada y defendida desde los Partidos Comunistas donde mujeres comunistas han dirigido la lucha de la mujer paralelamente a la lucha de clases, mostrando que el camino de emancipaci\u00f3n femenina es en medio de la lucha del proletariado por la conquista del poder.<\/p>\n\n\n\n<p class=\"has-black-color has-text-color has-link-color wp-elements-3ef7be7c7e205a078da351c8e9167b9f\">Inicialmente en los a\u00f1os 50<s>\u2019s<\/s> se comienza a difundir la idea de que el origen de este d\u00eda fue por el asesinato de un grupo de obreras en una f\u00e1brica textil en Nueva York \u2013acontecimiento que revolucionarias denuncian en solidaridad internacional de clase- pero que tiene como objetivo negar el origen socialista de la conmemoraci\u00f3n establecido en la II Conferencia de Mujeres Socialistas. Aun as\u00ed, sigue sobresaliendo el car\u00e1cter clasista de esta fecha: la lucha entre mujeres explotadas contra sus patrones y patronas explotadores.<\/p>\n\n\n\n<p class=\"has-black-color has-text-color has-link-color wp-elements-f00ff44e34b07fdc7347e78ce264344c\">Posteriormente en los a\u00f1os 70, ya con un car\u00e1cter reaccionario, el organismo imperialista de la ONU (Organizaci\u00f3n de las Naciones Unidas) llam\u00f3 el a\u00f1o 1972 como <em>el a\u00f1o de la mujer<\/em> y busc\u00f3 promover en todos los pa\u00edses la definici\u00f3n de un d\u00eda para la celebraci\u00f3n de las mujeres, buscando borrar su car\u00e1cter de lucha y su car\u00e1cter de clase, homogenizando a las todas las mujeres, centrando en la identidad de las mujeres en su sexo, y poniendo en la misma posici\u00f3n a las mujeres explotadas y explotadoras. Hasta el d\u00eda de hoy las clases dominantes siguen bregando por desdibujar el origen socialista y el car\u00e1cter clasista de esta conmemoraci\u00f3n, sin embargo, las mujeres del pueblo contin\u00faan saliendo a las calles cada 8 de marzo para reivindicar sus derechos y la necesidad de una revoluci\u00f3n social que barra con el hambre y la miseria de todo el pueblo, que destruya la opresi\u00f3n particular que pesa sobre las mujeres trabajadoras, y que levante sobre las ruinas del viejo orden una nueva sociedad para el bienestar de las clases trabajadoras.<\/p>\n\n\n\n<p class=\"has-black-color has-text-color has-link-color wp-elements-3a9dc762cb624b58b51fe435d7ed9b22\">Consecuente con lo anterior, el pasado 8 de marzo, durante la movilizaci\u00f3n, se realiz\u00f3 un homenaje de parte de Movimiento Femenino Popular, quienes expresaron en una sentida intervenci\u00f3n sus motivos para conmemorar las siguientes luchadoras revolucionarias y comunistas:\u00a0 Alexandra Kollontai, Clara Zetkin y Rosa Luxemburgo, Chiang Ching, mujeres del pueblo trabajador que entregaron sus vidas al servicio de la revoluci\u00f3n proletaria, mostrando en la pr\u00e1ctica cu\u00e1l es el papel de la mujer popular en la lucha de clases.\u00a0 Adem\u00e1s, revolucionarias colombianas como Mar\u00eda Cano y Betsab\u00e9 Espinal, part\u00edcipes de las huelgas obreras representativas de la historia de nuestro pa\u00eds, ellas con su templanza y la berraquera de las mujeres populares, se opusieron a las p\u00e9simas condiciones de trabajo que impone el capitalismo burocr\u00e1tico, tomaron posici\u00f3n por la clase, organizando al proletariado y elevaron la conciencia de la clase, para seguir luchando por el camino revolucionario para transformar las condiciones de vida de los obreros. Finalmente, hicieron homenaje a las heroicas mujeres palestinas, quienes, en las trincheras de la guerra de liberaci\u00f3n nacional, resisten contra la dominaci\u00f3n imperialista. <\/p>\n\n\n\n<p class=\"has-black-color has-text-color has-link-color wp-elements-cf3bf3d785d02d73d8bf1d62a501db1e\">Si quieres saber m\u00e1s, sobre lo ocurrido durante la movilizaci\u00f3n del 8 de marzo, puedes consultar un reportaje que publicamos anteriormente.<\/p>\n","protected":false},"excerpt":{"rendered":"<p>El 8 de marzo es una conmemoraci\u00f3n que se ha enarbolado a lo largo del mundo para dar tributo a las luchas de las mujeres del pueblo. La propuesta de conmemorar este d\u00eda surge de la gran revolucionaria alemana, dirigente del Partido Social Dem\u00f3crata (Comunista) de Alemania, Clara Zetkin, en la II Conferencia de Mujeres [&hellip;]<\/p>\n","protected":false},"author":1,"featured_media":26157,"comment_status":"open","ping_status":"open","sticky":false,"template":"","format":"standard","meta":{"footnotes":""},"categories":[16,31,115],"tags":[62],"class_list":["post-26156","post","type-post","status-publish","format-standard","has-post-thumbnail","hentry","category-carrusel","category-internacional","category-mujer","tag-conmemoracion"],"blocksy_meta":[],"_links":{"self":[{"href":"https:\/\/nuevademocracia.com.co\/index.php?rest_route=\/wp\/v2\/posts\/26156","targetHints":{"allow":["GET"]}}],"collection":[{"href":"https:\/\/nuevademocracia.com.co\/index.php?rest_route=\/wp\/v2\/posts"}],"about":[{"href":"https:\/\/nuevademocracia.com.co\/index.php?rest_route=\/wp\/v2\/types\/post"}],"author":[{"embeddable":true,"href":"https:\/\/nuevademocracia.com.co\/index.php?rest_route=\/wp\/v2\/users\/1"}],"replies":[{"embeddable":true,"href":"https:\/\/nuevademocracia.com.co\/index.php?rest_route=%2Fwp%2Fv2%2Fcomments&post=26156"}],"version-history":[{"count":1,"href":"https:\/\/nuevademocracia.com.co\/index.php?rest_route=\/wp\/v2\/posts\/26156\/revisions"}],"predecessor-version":[{"id":26158,"href":"https:\/\/nuevademocracia.com.co\/index.php?rest_route=\/wp\/v2\/posts\/26156\/revisions\/26158"}],"wp:featuredmedia":[{"embeddable":true,"href":"https:\/\/nuevademocracia.com.co\/index.php?rest_route=\/wp\/v2\/media\/26157"}],"wp:attachment":[{"href":"https:\/\/nuevademocracia.com.co\/index.php?rest_route=%2Fwp%2Fv2%2Fmedia&parent=26156"}],"wp:term":[{"taxonomy":"category","embeddable":true,"href":"https:\/\/nuevademocracia.com.co\/index.php?rest_route=%2Fwp%2Fv2%2Fcategories&post=26156"},{"taxonomy":"post_tag","embeddable":true,"href":"https:\/\/nuevademocracia.com.co\/index.php?rest_route=%2Fwp%2Fv2%2Ftags&post=26156"}],"curies":[{"name":"wp","href":"https:\/\/api.w.org\/{rel}","templated":true}]}}